{"id":45128,"date":"2024-08-16T10:43:49","date_gmt":"2024-08-16T13:43:49","guid":{"rendered":"https:\/\/atecordoba.org\/?p=45128"},"modified":"2024-08-16T11:24:02","modified_gmt":"2024-08-16T14:24:02","slug":"ate-fija-el-pliego-de-reclamos-provinciales-frente-al-ajuste-de-llaryora","status":"publish","type":"post","link":"https:\/\/atecordoba.org\/?p=45128","title":{"rendered":"ATE fija el pliego de reclamos provinciales frente al ajuste de Llaryora"},"content":{"rendered":"<p><em>El Consejo Directivo Provincial (CDP) emiti\u00f3 un documento donde fij\u00f3 el pliego de reivindicaciones que el sector p\u00fablico provincial reclama al Gobierno de C\u00f3rdoba. Basta de persecuci\u00f3n sindical y de manipulaci\u00f3n oficial de las estad\u00edsticas de la inflaci\u00f3n provinciales para imponer la pauta salarial a la baja.<\/em><\/p>\n<p>&nbsp;<\/p>\n<p><img loading=\"lazy\" decoding=\"async\" class=\"aligncenter wp-image-45129 \" src=\"https:\/\/atecordoba.org\/wp-content\/uploads\/2024\/08\/panal-reverso-scaled.jpg\" alt=\"\" width=\"600\" height=\"400\" \/><\/p>\n<p>El documento est\u00e1 dividido en ocho puntos que se ordenan en funci\u00f3n de lo gremial, salarial, APROSS, jubilaciones, condiciones de trabajo y precarizaci\u00f3n, SeNAF, Salud y Educaci\u00f3n.<\/p>\n<p><strong>Gremial<\/strong><\/p>\n<p>Respecto a la actuaci\u00f3n gremial en el \u00e1mbito p\u00fablico provincial el CDP plantea &#8220;que ATE-C\u00d3RDOBA sea reconocido por el gobierno de la provincia como gremio paritario en igual condiciones que el SEP y ATSA y que sus delegados puedan realizar su actividad gremial sin ning\u00fan tipo de discriminaci\u00f3n o persecuci\u00f3n sindical&#8221;.<\/p>\n<p><strong>Salarial<\/strong><\/p>\n<p>Sobre los ingresos de las y los estatales provinciales ATE plantea que &#8220;que ning\u00fan trabajador de la administraci\u00f3n p\u00fablica provincial gane por debajo de la canasta b\u00e1sica total que hoy est\u00e1 en pesos 900 mil&#8221;.<\/p>\n<p>Adem\u00e1s, plante\u00f3 que &#8220;deje de ser usado el IPC de C\u00f3rdoba como referencia para la recomposici\u00f3n salarial ya que es manipulado por el Ejecutivo Provincial para pagar incrementos menores a la inflaci\u00f3n y que en su lugar se utilice el elaborado por el INDEC&#8221;.<\/p>\n<p><strong>APROSS<\/strong><\/p>\n<p>Sobre la obra social provincial, el CDP exige la &#8220;eliminaci\u00f3n del FEC y Fosaet.\u00a0Que los descuentos por afiliados voluntarios se realicen por c\u00f3digo de descuento figurando de esa manera en el recibo de sueldo y su incremento no pueda ser superior al porcentaje de recomposici\u00f3n salarial&#8221;.<\/p>\n<p><strong>R\u00e9gimen previsional<\/strong><\/p>\n<p>Sobre las condiciones que el Gobierno establece para el funcionamiento de la Caja de Jubilaciones, ATE expres\u00f3 la necesidad que &#8220;cese de la intervenci\u00f3n, que el Estado asegure que los haberes jubilatorios sean el 82% m\u00f3vil del salario de los activos y que no haya m\u00e1s diferimiento&#8221;<\/p>\n<p><strong>Condiciones de trabajo<\/strong><\/p>\n<p>En este plano, el CDP postula el fin de la &#8220;precarizaci\u00f3n laboral, ning\u00fan trabajador del estado bajo la modalidad de monotributo, becario etc, que todos los empleados p\u00fablicos ingresemos a la administraci\u00f3n p\u00fablica como lo establecen las leyes 7233 y 7625 y se cubran las altas por bajas. \u00a1Pase a planta permanente ya!&#8221;<\/p>\n<p><strong>SeNAF<\/strong><\/p>\n<p>La SeNAF es uno de los organismos de peor gesti\u00f3n cordobesista. Frente al vaciamiento evidente, ATE reclama la &#8220;reincorporaci\u00f3n de las y los compa\u00f1eros despedidos&#8221;<\/p>\n<p><strong>Salud<\/strong><\/p>\n<p>&#8220;Para ATE el abordaje de la salud provincial, ATE plantea Recomposici\u00f3n salarial ya, la \u201cimplementaci\u00f3n de la ley 10889 que establece el r\u00e9gimen del personal que integra el Equipo de Salud, la unificaci\u00f3n de las Leyes 7233 y 7625, con migraci\u00f3n voluntaria, respetando los derechos adquiridos de las\/los trabajadores de la Ley 7233 y los cambios de grupo ocupacional; as\u00ed como la derogaci\u00f3n del ART 107 bis de la citada norma que deja abierta las puertas a la flexibilizaci\u00f3n laboral y la privatizaci\u00f3n de la salud p\u00fablica\u201d.<\/p>\n<p>Por eso, plantea tambi\u00e9n &#8220;no al vaciamiento y a los traslados compulsivos en el Neuropsiqui\u00e1trico bajo la excusa de la aplicaci\u00f3n de la ley nacional de salud mental&#8221;<\/p>\n<p><strong>Educaci\u00f3n<\/strong><\/p>\n<p>Por \u00faltimo, frente al largo conflicto salarial que envuelve a las y los docentes provinciales debido a las magras ofertas salariales de Llaryora, ATE se manifiesta &#8220;en contra del proyecto de declaraci\u00f3n de esencialidad de la educaci\u00f3n ya que su \u00fanica finalidad es limitar el derecho de protesta y huelga de los y las docentes&#8221;.<\/p>\n","protected":false},"excerpt":{"rendered":"<p>El Consejo Directivo Provincial (CDP) emiti\u00f3 un documento donde fij\u00f3 el pliego de reivindicaciones que el sector p\u00fablico provincial reclama al Gobierno de C\u00f3rdoba. Basta de persecuci\u00f3n sindical y de manipulaci\u00f3n oficial de las estad\u00edsticas de la inflaci\u00f3n provinciales para imponer la pauta salarial a la baja. &nbsp; El documento est\u00e1 dividido en ocho puntos [&hellip;]<\/p>\n","protected":false},"author":7,"featured_media":45129,"comment_status":"open","ping_status":"open","sticky":false,"template":"","format":"standard","meta":{"_exactmetrics_skip_tracking":false,"_exactmetrics_sitenote_active":false,"_exactmetrics_sitenote_note":"","_exactmetrics_sitenote_category":0,"jnews-multi-image_gallery":[],"jnews_single_post":{"format":"standard","override":[{"template":"1","parallax":"1","fullscreen":"1","layout":"no-sidebar-narrow","sidebar":"default-sidebar","second_sidebar":"default-sidebar","sticky_sidebar":"1","share_position":"bottom","share_float_style":"share-monocrhome","show_share_counter":"1","show_view_counter":"1","show_post_meta":"1","show_post_author_image":"1","show_post_date":"1","post_date_format":"default","post_date_format_custom":"Y\/m\/d","show_post_category":"1","show_post_reading_time":"0","post_reading_time_wpm":"300","post_calculate_word_method":"str_word_count","show_zoom_button":"0","zoom_button_out_step":"2","zoom_button_in_step":"3","show_post_tag":"1","number_popup_post":"1","show_post_related":"1","show_inline_post_related":"0"}],"image_override":[{"single_post_thumbnail_size":"crop-500","single_post_gallery_size":"crop-500"}],"trending_post_position":"meta","trending_post_label":"Trending","sponsored_post_label":"Sponsored by","disable_ad":"0"},"jnews_primary_category":[],"jnews_social_meta":[],"jnews_review":[],"enable_review":"","type":"percentage","name":"","summary":"","brand":"","sku":"","good":[],"bad":[],"score_override":"","override_value":"","rating":[],"price":[],"jnews_override_counter":{"view_counter_number":"0","share_counter_number":"0","like_counter_number":"0","dislike_counter_number":"0"},"jnews_post_split":{"post_split":[{"template":"1","tag":"h2","numbering":"asc","mode":"normal","first":"0","enable_toc":"0","toc_type":"normal"}]},"footnotes":""},"categories":[341],"tags":[395,1160,1359,1360,420,1361],"class_list":["post-45128","post","type-post","status-publish","format-standard","has-post-thumbnail","hentry","category-cdp","tag-ate-cordoba","tag-cordoba-2","tag-empleados-provinciales","tag-estatales-cordobeses","tag-gobierno-de-cordoba","tag-martin-llaryora"],"jetpack_featured_media_url":"https:\/\/atecordoba.org\/wp-content\/uploads\/2024\/08\/panal-reverso-scaled-e1723815815687.jpg","_links":{"self":[{"href":"https:\/\/atecordoba.org\/index.php?rest_route=\/wp\/v2\/posts\/45128","targetHints":{"allow":["GET"]}}],"collection":[{"href":"https:\/\/atecordoba.org\/index.php?rest_route=\/wp\/v2\/posts"}],"about":[{"href":"https:\/\/atecordoba.org\/index.php?rest_route=\/wp\/v2\/types\/post"}],"author":[{"embeddable":true,"href":"https:\/\/atecordoba.org\/index.php?rest_route=\/wp\/v2\/users\/7"}],"replies":[{"embeddable":true,"href":"https:\/\/atecordoba.org\/index.php?rest_route=%2Fwp%2Fv2%2Fcomments&post=45128"}],"version-history":[{"count":2,"href":"https:\/\/atecordoba.org\/index.php?rest_route=\/wp\/v2\/posts\/45128\/revisions"}],"predecessor-version":[{"id":45132,"href":"https:\/\/atecordoba.org\/index.php?rest_route=\/wp\/v2\/posts\/45128\/revisions\/45132"}],"wp:featuredmedia":[{"embeddable":true,"href":"https:\/\/atecordoba.org\/index.php?rest_route=\/wp\/v2\/media\/45129"}],"wp:attachment":[{"href":"https:\/\/atecordoba.org\/index.php?rest_route=%2Fwp%2Fv2%2Fmedia&parent=45128"}],"wp:term":[{"taxonomy":"category","embeddable":true,"href":"https:\/\/atecordoba.org\/index.php?rest_route=%2Fwp%2Fv2%2Fcategories&post=45128"},{"taxonomy":"post_tag","embeddable":true,"href":"https:\/\/atecordoba.org\/index.php?rest_route=%2Fwp%2Fv2%2Ftags&post=45128"}],"curies":[{"name":"wp","href":"https:\/\/api.w.org\/{rel}","templated":true}]}}