{"id":45124,"date":"2024-08-15T14:29:16","date_gmt":"2024-08-15T17:29:16","guid":{"rendered":"https:\/\/atecordoba.org\/?p=45124"},"modified":"2024-08-15T14:29:16","modified_gmt":"2024-08-15T17:29:16","slug":"ate-se-reunio-con-el-presidente-de-la-comunidad-regional-rio-cuarto-es-necesario-un-aumento-salarial-de-urgencia-de-las-auxiliares-escolares","status":"publish","type":"post","link":"https:\/\/atecordoba.org\/?p=45124","title":{"rendered":"ATE se reuni\u00f3 con el Presidente de la Comunidad Regional Rio Cuarto: es necesario un aumento salarial de urgencia de las auxiliares escolares"},"content":{"rendered":"<p>ATE R\u00edo Cuarto mantuvo una audiencia con el titula del ente Franco Su\u00e1rez ya que las auxiliares cobran salarios de 199 mil pesos.<\/p>\n<p><img loading=\"lazy\" decoding=\"async\" class=\"aligncenter wp-image-45125 \" src=\"https:\/\/atecordoba.org\/wp-content\/uploads\/2024\/08\/ate-con-franco-suarez-rio-4-1024x576.jpg\" alt=\"\" width=\"602\" height=\"339\" \/><\/p>\n<p>La seccional ATE R\u00edo Cuarto mantuvo hoy una reuni\u00f3n con el presidente de la Comunidad Regional R\u00edo Cuarto, Franco Su\u00e1rez, para plantearle la necesidad de recomponer de manera urgente los haberes de las auxiliares escolares en la regi\u00f3n, que es extensiva al resto de la provincia.<\/p>\n<p>La secretaria General de la seccional, Rafaela Alcoba, junto Mauricio Maccio, secretario de Finanzas y Alicia Gonz\u00e1lez, representante de las compa\u00f1eras auxiliares de Elena, presentaron las condiciones de precarizaci\u00f3n\u00a0 y los bajos salarios al funcionario.<\/p>\n<p>Cabe destacar que las trabajadoras esenciales se encuentran en estado de alerta y movilizaci\u00f3n y llevan adelante asambleas en los sectores de trabajo.<\/p>\n<p>Adem\u00e1s de un incremento salarial, ya que los ingresos de estas trabajadores se encuentran por debajo de la l\u00ednea de indigencia y del salario m\u00ednimo, vital y m\u00f3vil, los dirigentes plantearon: que se fije fecha de cobro fija (del 1 al 10), pase a planta permanente, obra social, reconocimiento por a\u00f1os de trabajo y cobertura de seguro.<\/p>\n<p>La grilla de pedidos da cuenta de la dif\u00edcil situaci\u00f3n que atraviesa las auxiliares escolares. ATE se encuentra en un proceso organizativo del sector, que muestra las peores condiciones de trabajo y salariales en el Estado provincial.<\/p>\n","protected":false},"excerpt":{"rendered":"<p>ATE R\u00edo Cuarto mantuvo una audiencia con el titula del ente Franco Su\u00e1rez ya que las auxiliares cobran salarios de 199 mil pesos. La seccional ATE R\u00edo Cuarto mantuvo hoy una reuni\u00f3n con el presidente de la Comunidad Regional R\u00edo Cuarto, Franco Su\u00e1rez, para plantearle la necesidad de recomponer de manera urgente los haberes de [&hellip;]<\/p>\n","protected":false},"author":7,"featured_media":45125,"comment_status":"open","ping_status":"open","sticky":false,"template":"","format":"standard","meta":{"_exactmetrics_skip_tracking":false,"_exactmetrics_sitenote_active":false,"_exactmetrics_sitenote_note":"","_exactmetrics_sitenote_category":0,"jnews-multi-image_gallery":[],"jnews_single_post":{"format":"standard","override":[{"template":"1","parallax":"1","fullscreen":"1","layout":"no-sidebar-narrow","sidebar":"default-sidebar","second_sidebar":"default-sidebar","sticky_sidebar":"1","share_position":"bottom","share_float_style":"share-monocrhome","show_share_counter":"1","show_view_counter":"1","show_post_meta":"1","show_post_author_image":"1","show_post_date":"1","post_date_format":"default","post_date_format_custom":"Y\/m\/d","show_post_category":"1","show_post_reading_time":"0","post_reading_time_wpm":"300","post_calculate_word_method":"str_word_count","show_zoom_button":"0","zoom_button_out_step":"2","zoom_button_in_step":"3","show_post_tag":"1","number_popup_post":"1","show_post_related":"1","show_inline_post_related":"0"}],"image_override":[{"single_post_thumbnail_size":"crop-500","single_post_gallery_size":"crop-500"}],"trending_post_position":"meta","trending_post_label":"Trending","sponsored_post_label":"Sponsored by","disable_ad":"0"},"jnews_primary_category":[],"jnews_social_meta":[],"jnews_review":[],"enable_review":"","type":"percentage","name":"","summary":"","brand":"","sku":"","good":[],"bad":[],"score_override":"","override_value":"","rating":[],"price":[],"jnews_override_counter":{"view_counter_number":"0","share_counter_number":"0","like_counter_number":"0","dislike_counter_number":"0"},"jnews_post_split":{"post_split":[{"template":"1","tag":"h2","numbering":"asc","mode":"normal","first":"0","enable_toc":"0","toc_type":"normal"}]},"footnotes":""},"categories":[8],"tags":[395,1321,1300],"class_list":["post-45124","post","type-post","status-publish","format-standard","has-post-thumbnail","hentry","category-provinciales","tag-ate-cordoba","tag-ate-rio-cuarto","tag-auxiliares-escolares"],"jetpack_featured_media_url":"https:\/\/atecordoba.org\/wp-content\/uploads\/2024\/08\/ate-con-franco-suarez-rio-4-e1723742946361.jpg","_links":{"self":[{"href":"https:\/\/atecordoba.org\/index.php?rest_route=\/wp\/v2\/posts\/45124","targetHints":{"allow":["GET"]}}],"collection":[{"href":"https:\/\/atecordoba.org\/index.php?rest_route=\/wp\/v2\/posts"}],"about":[{"href":"https:\/\/atecordoba.org\/index.php?rest_route=\/wp\/v2\/types\/post"}],"author":[{"embeddable":true,"href":"https:\/\/atecordoba.org\/index.php?rest_route=\/wp\/v2\/users\/7"}],"replies":[{"embeddable":true,"href":"https:\/\/atecordoba.org\/index.php?rest_route=%2Fwp%2Fv2%2Fcomments&post=45124"}],"version-history":[{"count":1,"href":"https:\/\/atecordoba.org\/index.php?rest_route=\/wp\/v2\/posts\/45124\/revisions"}],"predecessor-version":[{"id":45126,"href":"https:\/\/atecordoba.org\/index.php?rest_route=\/wp\/v2\/posts\/45124\/revisions\/45126"}],"wp:featuredmedia":[{"embeddable":true,"href":"https:\/\/atecordoba.org\/index.php?rest_route=\/wp\/v2\/media\/45125"}],"wp:attachment":[{"href":"https:\/\/atecordoba.org\/index.php?rest_route=%2Fwp%2Fv2%2Fmedia&parent=45124"}],"wp:term":[{"taxonomy":"category","embeddable":true,"href":"https:\/\/atecordoba.org\/index.php?rest_route=%2Fwp%2Fv2%2Fcategories&post=45124"},{"taxonomy":"post_tag","embeddable":true,"href":"https:\/\/atecordoba.org\/index.php?rest_route=%2Fwp%2Fv2%2Ftags&post=45124"}],"curies":[{"name":"wp","href":"https:\/\/api.w.org\/{rel}","templated":true}]}}