{"id":45114,"date":"2024-08-14T13:56:46","date_gmt":"2024-08-14T16:56:46","guid":{"rendered":"https:\/\/atecordoba.org\/?p=45114"},"modified":"2024-08-14T13:56:46","modified_gmt":"2024-08-14T16:56:46","slug":"conae-la-visita-de-eeuu-es-otro-elementos-mas-que-viene-a-complicar-al-organismo","status":"publish","type":"post","link":"https:\/\/atecordoba.org\/?p=45114","title":{"rendered":"CONAE: &#8220;La visita de EEUU es otro elementos m\u00e1s que viene a complicar al organismo&#8221;"},"content":{"rendered":"<p>El delegado de ATE CONAE Emiliano Baum expres\u00f3 la preocupaci\u00f3n de las y los trabajadores por el hermetismo de la recorridas que hicieron elementos de la Fuerza Espacial de los EEUU. El organismo perdi\u00f3 el 60% del presupuesto real desde que asumi\u00f3 Milei.<\/p>\n<p><img loading=\"lazy\" decoding=\"async\" class=\"aligncenter wp-image-45048 \" src=\"https:\/\/atecordoba.org\/wp-content\/uploads\/2024\/08\/conae.jpg\" alt=\"\" width=\"599\" height=\"446\" \/><\/p>\n<p>El delegado de ATE que cumple funciones en la base de CONAE en Falda del Ca\u00f1ete dijo en una entrevista period\u00edstica que llama la atenci\u00f3n la visita norteamericana al organismo, aunque &#8220;no sorprende. Esto se enmarca en el revival de los \u201990 en muchos planos, tanto en los recortes presupuestarios -solo les falta decir \u2018 vayan a lavar los platos\u2019, como hizo Cavallo-. Nos bajaron el presupuesto real un 60% a esta altura del a\u00f1o. El alineamiento autom\u00e1tico, llamado entonces relaciones carnales, parece haber vuelto, igual con el proceso de privatizaci\u00f3n de centrales hidroel\u00e9ctricas&#8221;.<\/p>\n<p>ATE CONAE <a href=\"https:\/\/atecordoba.org\/?p=45076\">repudi\u00f3 ayer<\/a> la visita de miembros de la Fuerza Espacial del ej\u00e9rcito de EEUU a la sede de Capital Federal de CONAE.<\/p>\n<p>&#8220;No sabemos los motivos de la visita que se hizo p\u00fablica a trav\u00e9s de las redes oficiales del organismo, con declaraciones de este general, diciendo que buscaban &#8216;\u00e1reas de cooperaci\u00f3n&#8217;. Frente a eso expresamos nuestro repudio. Es otro elementos m\u00e1s que viene a complicar la situaci\u00f3n. Tenemos problemas presupuestarios, salariales, despidos y ahora nos quieren incorporar en el esquema de defensa de los norteamericanos. Nosotros no estamos de acuerdo y entendemos que no es coherente con los fines de la CONAE, que es la encargada de llevar adelante el plan espacial civil argentino, as\u00ed como la NASA es la encargada de realizar el plan espacial civil de EEUU,. Actualmente estamos trabajando con la NASA pero muy distinto es incorporarse al plano militar&#8221;, se\u00f1al\u00f3.<\/p>\n<p>El delegado a\u00f1adi\u00f3 que &#8220;hay una bajada del gobierno que hizo que las autoridades de la CONAE reciba a esta gente. Tiene m\u00e1s que con el gesto en t\u00e9rminos de geopol\u00edtica que en acuerdos que pudieran existir actualmente&#8221;.<\/p>\n<p>Pero alert\u00f3 sobre &#8220;VENG, que es la empresa hermana de CONAE y lleva adelante una parte de los proyectos. Hoy est\u00e1 en una situaci\u00f3n de crisis financiera total y tiene 500 empleados en C\u00f3rdoba.\u00a0Recordemos que VENG era de las empresas que quer\u00edan cerrar en el primer proyecto de Ley Bases (conocido como Ley \u00d3mnibus), rechazado en enero. Si bien hoy por hoy es dif\u00edcil privatizarla en el contexto de crisis econ\u00f3mica nacional pero podr\u00edan perderse muchos puestos de trabajo&#8221;.<\/p>\n","protected":false},"excerpt":{"rendered":"<p>El delegado de ATE CONAE Emiliano Baum expres\u00f3 la preocupaci\u00f3n de las y los trabajadores por el hermetismo de la recorridas que hicieron elementos de la Fuerza Espacial de los EEUU. El organismo perdi\u00f3 el 60% del presupuesto real desde que asumi\u00f3 Milei. El delegado de ATE que cumple funciones en la base de CONAE [&hellip;]<\/p>\n","protected":false},"author":7,"featured_media":45048,"comment_status":"open","ping_status":"open","sticky":false,"template":"","format":"standard","meta":{"_exactmetrics_skip_tracking":false,"_exactmetrics_sitenote_active":false,"_exactmetrics_sitenote_note":"","_exactmetrics_sitenote_category":0,"jnews-multi-image_gallery":[],"jnews_single_post":{"format":"standard","override":[{"template":"1","parallax":"1","fullscreen":"1","layout":"no-sidebar-narrow","sidebar":"default-sidebar","second_sidebar":"default-sidebar","sticky_sidebar":"1","share_position":"bottom","share_float_style":"share-monocrhome","show_share_counter":"1","show_view_counter":"1","show_post_meta":"1","show_post_author_image":"1","show_post_date":"1","post_date_format":"default","post_date_format_custom":"Y\/m\/d","show_post_category":"1","show_post_reading_time":"0","post_reading_time_wpm":"300","post_calculate_word_method":"str_word_count","show_zoom_button":"0","zoom_button_out_step":"2","zoom_button_in_step":"3","show_post_tag":"1","number_popup_post":"1","show_post_related":"1","show_inline_post_related":"0"}],"image_override":[{"single_post_thumbnail_size":"crop-500","single_post_gallery_size":"crop-500"}],"trending_post_position":"meta","trending_post_label":"Trending","sponsored_post_label":"Sponsored by","disable_ad":"0"},"jnews_primary_category":[],"jnews_social_meta":[],"jnews_review":[],"enable_review":"","type":"percentage","name":"","summary":"","brand":"","sku":"","good":[],"bad":[],"score_override":"","override_value":"","rating":[],"price":[],"jnews_override_counter":{"view_counter_number":"0","share_counter_number":"0","like_counter_number":"0","dislike_counter_number":"0"},"jnews_post_split":{"post_split":[{"template":"1","tag":"h2","numbering":"asc","mode":"normal","first":"0","enable_toc":"0","toc_type":"normal"}]},"footnotes":""},"categories":[18],"tags":[1349,463,1348,465],"class_list":["post-45114","post","type-post","status-publish","format-standard","has-post-thumbnail","hentry","category-nacionales","tag-ate-conae","tag-conae","tag-eeuu","tag-privatizaciones"],"jetpack_featured_media_url":"https:\/\/atecordoba.org\/wp-content\/uploads\/2024\/08\/conae-e1723654600673.jpg","_links":{"self":[{"href":"https:\/\/atecordoba.org\/index.php?rest_route=\/wp\/v2\/posts\/45114","targetHints":{"allow":["GET"]}}],"collection":[{"href":"https:\/\/atecordoba.org\/index.php?rest_route=\/wp\/v2\/posts"}],"about":[{"href":"https:\/\/atecordoba.org\/index.php?rest_route=\/wp\/v2\/types\/post"}],"author":[{"embeddable":true,"href":"https:\/\/atecordoba.org\/index.php?rest_route=\/wp\/v2\/users\/7"}],"replies":[{"embeddable":true,"href":"https:\/\/atecordoba.org\/index.php?rest_route=%2Fwp%2Fv2%2Fcomments&post=45114"}],"version-history":[{"count":1,"href":"https:\/\/atecordoba.org\/index.php?rest_route=\/wp\/v2\/posts\/45114\/revisions"}],"predecessor-version":[{"id":45115,"href":"https:\/\/atecordoba.org\/index.php?rest_route=\/wp\/v2\/posts\/45114\/revisions\/45115"}],"wp:featuredmedia":[{"embeddable":true,"href":"https:\/\/atecordoba.org\/index.php?rest_route=\/wp\/v2\/media\/45048"}],"wp:attachment":[{"href":"https:\/\/atecordoba.org\/index.php?rest_route=%2Fwp%2Fv2%2Fmedia&parent=45114"}],"wp:term":[{"taxonomy":"category","embeddable":true,"href":"https:\/\/atecordoba.org\/index.php?rest_route=%2Fwp%2Fv2%2Fcategories&post=45114"},{"taxonomy":"post_tag","embeddable":true,"href":"https:\/\/atecordoba.org\/index.php?rest_route=%2Fwp%2Fv2%2Ftags&post=45114"}],"curies":[{"name":"wp","href":"https:\/\/api.w.org\/{rel}","templated":true}]}}