{"id":45109,"date":"2024-08-14T11:53:49","date_gmt":"2024-08-14T14:53:49","guid":{"rendered":"https:\/\/atecordoba.org\/?p=45109"},"modified":"2024-08-14T11:53:58","modified_gmt":"2024-08-14T14:53:58","slug":"ate-cordoba-apoya-el-reclamo-de-las-y-los-trabajadores-de-los-srt","status":"publish","type":"post","link":"https:\/\/atecordoba.org\/?p=45109","title":{"rendered":"ATE C\u00f3rdoba apoya el reclamo de las y los trabajadores de los SRT"},"content":{"rendered":"<p>Grupos de estatales acompa\u00f1aron la concentraci\u00f3n del personal del Multimedios universitario frente a la Secretaria de Trabajo de la provincia, en momentos que se llevaba a cabo una audiencia entre representantes de los trabajadores y la empresa.<\/p>\n<p><img loading=\"lazy\" decoding=\"async\" class=\"aligncenter wp-image-45110 \" src=\"https:\/\/atecordoba.org\/wp-content\/uploads\/2024\/08\/Imagen-de-WhatsApp-2024-08-14-a-las-11.38.59_0195a7ca.jpg\" alt=\"\" width=\"599\" height=\"599\" \/><\/p>\n<p>Con motivo de realizarse hoy en la Secretar\u00eda de Trabajo de la Provincia una audiencia, en el marco del conflicto de los Servicios de Radio y Televisi\u00f3n (SRT) de la Universidad Nacional de C\u00f3rdoba (UNC), ATE C\u00f3rdoba adhiere a los reclamos del personal por mantener los puestos de trabajo y defender los salarios, y rechaza el proceso de vaciamiento que sufre el Multimedio de manera abrupta desde comienzos de a\u00f1o.<\/p>\n<p>En tal sentido, integrantes de ATE concurrieron a la puerta de la cartera de trabajo, Rivadavia 646, a partir de las 10 horas, para apoyar la lucha de los compa\u00f1eros, que es la lucha de todas y todos por el rol de los medios p\u00fablicos en el espectro medi\u00e1tico y de la pluralidad de voces, frente a un gobierno nacional que est\u00e1 dispuesto a eliminar toda competencia comunicacional, por m\u00e1s m\u00ednima que sea, en favor de las corporaciones medi\u00e1ticas que concentran el mercado y el apoyo financiero de la gesti\u00f3n de Javier Milei.<\/p>\n<p><img loading=\"lazy\" decoding=\"async\" class=\"aligncenter wp-image-45111 \" src=\"https:\/\/atecordoba.org\/wp-content\/uploads\/2024\/08\/Imagen-de-WhatsApp-2024-08-14-a-las-11.38.59_4492a37e.jpg\" alt=\"\" width=\"599\" height=\"450\" srcset=\"https:\/\/atecordoba.org\/wp-content\/uploads\/2024\/08\/Imagen-de-WhatsApp-2024-08-14-a-las-11.38.59_4492a37e.jpg 1600w, https:\/\/atecordoba.org\/wp-content\/uploads\/2024\/08\/Imagen-de-WhatsApp-2024-08-14-a-las-11.38.59_4492a37e-300x225.jpg 300w, https:\/\/atecordoba.org\/wp-content\/uploads\/2024\/08\/Imagen-de-WhatsApp-2024-08-14-a-las-11.38.59_4492a37e-1024x768.jpg 1024w, https:\/\/atecordoba.org\/wp-content\/uploads\/2024\/08\/Imagen-de-WhatsApp-2024-08-14-a-las-11.38.59_4492a37e-768x576.jpg 768w, https:\/\/atecordoba.org\/wp-content\/uploads\/2024\/08\/Imagen-de-WhatsApp-2024-08-14-a-las-11.38.59_4492a37e-1536x1152.jpg 1536w, https:\/\/atecordoba.org\/wp-content\/uploads\/2024\/08\/Imagen-de-WhatsApp-2024-08-14-a-las-11.38.59_4492a37e-750x563.jpg 750w, https:\/\/atecordoba.org\/wp-content\/uploads\/2024\/08\/Imagen-de-WhatsApp-2024-08-14-a-las-11.38.59_4492a37e-1140x855.jpg 1140w\" sizes=\"auto, (max-width: 599px) 100vw, 599px\" \/><\/p>\n<p>Por el sostenimiento del medio p\u00fablico con m\u00e1s de seis d\u00e9cadas de trayectoria de la pol\u00edtica, contra la censura y el discurso dominante que pretende acallar las expresiones de la comunidad, la cultura, el trabajo, la econom\u00eda y la variada gama de expresiones de nuestra sociedad, que requieren de un medio p\u00fablico que las d\u00e9 a conocer: \u00a1todas y todos en apoyo de la lucha de los SRT!<\/p>\n","protected":false},"excerpt":{"rendered":"<p>Grupos de estatales acompa\u00f1aron la concentraci\u00f3n del personal del Multimedios universitario frente a la Secretaria de Trabajo de la provincia, en momentos que se llevaba a cabo una audiencia entre representantes de los trabajadores y la empresa. Con motivo de realizarse hoy en la Secretar\u00eda de Trabajo de la Provincia una audiencia, en el marco [&hellip;]<\/p>\n","protected":false},"author":7,"featured_media":45110,"comment_status":"open","ping_status":"open","sticky":false,"template":"","format":"standard","meta":{"_exactmetrics_skip_tracking":false,"_exactmetrics_sitenote_active":false,"_exactmetrics_sitenote_note":"","_exactmetrics_sitenote_category":0,"jnews-multi-image_gallery":[],"jnews_single_post":{"format":"standard","override":[{"template":"1","parallax":"1","fullscreen":"1","layout":"no-sidebar-narrow","sidebar":"default-sidebar","second_sidebar":"default-sidebar","sticky_sidebar":"1","share_position":"bottom","share_float_style":"share-monocrhome","show_share_counter":"1","show_view_counter":"1","show_post_meta":"1","show_post_author_image":"1","show_post_date":"1","post_date_format":"default","post_date_format_custom":"Y\/m\/d","show_post_category":"1","show_post_reading_time":"0","post_reading_time_wpm":"300","post_calculate_word_method":"str_word_count","show_zoom_button":"0","zoom_button_out_step":"2","zoom_button_in_step":"3","show_post_tag":"1","number_popup_post":"1","show_post_related":"1","show_inline_post_related":"0"}],"image_override":[{"single_post_thumbnail_size":"crop-500","single_post_gallery_size":"crop-500"}],"trending_post_position":"meta","trending_post_label":"Trending","sponsored_post_label":"Sponsored by","disable_ad":"0"},"jnews_primary_category":[],"jnews_social_meta":[],"jnews_review":[],"enable_review":"","type":"percentage","name":"","summary":"","brand":"","sku":"","good":[],"bad":[],"score_override":"","override_value":"","rating":[],"price":[],"jnews_override_counter":{"view_counter_number":"0","share_counter_number":"0","like_counter_number":"0","dislike_counter_number":"0"},"jnews_post_split":{"post_split":[{"template":"1","tag":"h2","numbering":"asc","mode":"normal","first":"0","enable_toc":"0","toc_type":"normal"}]},"footnotes":""},"categories":[341],"tags":[26,1357,1356,1355,63,1324],"class_list":["post-45109","post","type-post","status-publish","format-standard","has-post-thumbnail","hentry","category-cdp","tag-ate","tag-canal-0-cordoba","tag-radio-universidad","tag-srt","tag-unc","tag-vaciamiento"],"jetpack_featured_media_url":"https:\/\/atecordoba.org\/wp-content\/uploads\/2024\/08\/Imagen-de-WhatsApp-2024-08-14-a-las-11.38.59_0195a7ca-e1723647219820.jpg","_links":{"self":[{"href":"https:\/\/atecordoba.org\/index.php?rest_route=\/wp\/v2\/posts\/45109","targetHints":{"allow":["GET"]}}],"collection":[{"href":"https:\/\/atecordoba.org\/index.php?rest_route=\/wp\/v2\/posts"}],"about":[{"href":"https:\/\/atecordoba.org\/index.php?rest_route=\/wp\/v2\/types\/post"}],"author":[{"embeddable":true,"href":"https:\/\/atecordoba.org\/index.php?rest_route=\/wp\/v2\/users\/7"}],"replies":[{"embeddable":true,"href":"https:\/\/atecordoba.org\/index.php?rest_route=%2Fwp%2Fv2%2Fcomments&post=45109"}],"version-history":[{"count":1,"href":"https:\/\/atecordoba.org\/index.php?rest_route=\/wp\/v2\/posts\/45109\/revisions"}],"predecessor-version":[{"id":45112,"href":"https:\/\/atecordoba.org\/index.php?rest_route=\/wp\/v2\/posts\/45109\/revisions\/45112"}],"wp:featuredmedia":[{"embeddable":true,"href":"https:\/\/atecordoba.org\/index.php?rest_route=\/wp\/v2\/media\/45110"}],"wp:attachment":[{"href":"https:\/\/atecordoba.org\/index.php?rest_route=%2Fwp%2Fv2%2Fmedia&parent=45109"}],"wp:term":[{"taxonomy":"category","embeddable":true,"href":"https:\/\/atecordoba.org\/index.php?rest_route=%2Fwp%2Fv2%2Fcategories&post=45109"},{"taxonomy":"post_tag","embeddable":true,"href":"https:\/\/atecordoba.org\/index.php?rest_route=%2Fwp%2Fv2%2Ftags&post=45109"}],"curies":[{"name":"wp","href":"https:\/\/api.w.org\/{rel}","templated":true}]}}