{"id":45104,"date":"2024-08-14T10:33:04","date_gmt":"2024-08-14T13:33:04","guid":{"rendered":"https:\/\/atecordoba.org\/?p=45104"},"modified":"2024-08-14T10:33:04","modified_gmt":"2024-08-14T13:33:04","slug":"conversatorio-de-solidaridad-con-la-revolucion-bolivariana","status":"publish","type":"post","link":"https:\/\/atecordoba.org\/?p=45104","title":{"rendered":"Conversatorio de solidaridad con la Revoluci\u00f3n Bolivariana"},"content":{"rendered":"<p><img loading=\"lazy\" decoding=\"async\" class=\"alignnone wp-image-45105 size-large\" src=\"https:\/\/atecordoba.org\/wp-content\/uploads\/2024\/08\/IMG-20240809-WA0029-1024x1024.jpg\" alt=\"\" width=\"1024\" height=\"1024\" srcset=\"https:\/\/atecordoba.org\/wp-content\/uploads\/2024\/08\/IMG-20240809-WA0029-1024x1024.jpg 1024w, https:\/\/atecordoba.org\/wp-content\/uploads\/2024\/08\/IMG-20240809-WA0029-300x300.jpg 300w, https:\/\/atecordoba.org\/wp-content\/uploads\/2024\/08\/IMG-20240809-WA0029-150x150.jpg 150w, https:\/\/atecordoba.org\/wp-content\/uploads\/2024\/08\/IMG-20240809-WA0029-768x768.jpg 768w, https:\/\/atecordoba.org\/wp-content\/uploads\/2024\/08\/IMG-20240809-WA0029-560x560.jpg 560w, https:\/\/atecordoba.org\/wp-content\/uploads\/2024\/08\/IMG-20240809-WA0029-75x75.jpg 75w, https:\/\/atecordoba.org\/wp-content\/uploads\/2024\/08\/IMG-20240809-WA0029-350x350.jpg 350w, https:\/\/atecordoba.org\/wp-content\/uploads\/2024\/08\/IMG-20240809-WA0029-750x750.jpg 750w, https:\/\/atecordoba.org\/wp-content\/uploads\/2024\/08\/IMG-20240809-WA0029.jpg 1080w\" sizes=\"auto, (max-width: 1024px) 100vw, 1024px\" \/><\/p>\n<p>El Secretario General de ATE y la CTA Aut\u00f3noma C\u00f3rdoba, Federico Giuliani, participar\u00e1 este jueves 15 de agosto a las 18.30 horas en la sede provincial de la Asociaci\u00f3n Trabajadores del Estado -Entre R\u00edos 450- del Conversatorio: Solidarios con Venezuela Bolivariana y la Patria Grande.<\/p>\n<p>Participar\u00e1n del panel junto a Giuliani, Irina Santaesteban, ex Secretaria General de la Asociaci\u00f3n Gremial de Empleados del Poder Judicial de la Provincia de C\u00f3rdoba (AGEPJ), abogada de la organizaci\u00f3n \u201cMil por Cuba\u201d; y el dirigente pol\u00edtico y social de la Agrupaci\u00f3n \u201cMarta Ju\u00e1rez\u201d Ezequiel Gamarro.<\/p>\n<p>Giuliani, que particip\u00f3 como observador internacional en las elecciones presidenciales venezolanas del 28 de julio, afirm\u00f3 que \u201ca pesar de todo, Venezuela es un pa\u00eds que est\u00e1 recuperando la senda de estabilidad y crecimiento econ\u00f3mico despu\u00e9s de largos a\u00f1os de penurias, resultados del ahogo econ\u00f3mico al que lo sometieron Estados Unidos y sus aliados\u201d.<\/p>\n<p>\u201cSu futura incorporaci\u00f3n al BRICS, as\u00ed como la decisi\u00f3n de mantener la soberan\u00eda sobre la cuenca petrolera m\u00e1s grande del mundo, suponen indudablemente un desaf\u00edo a la hegemon\u00eda regional norteamericana, en un escenario internacional que muda desde el unilateralismo al multilateralismo. Es lo que eligi\u00f3 el pueblo y debe ser respetado\u201d, concluy\u00f3.<\/p>\n<h3><strong>La Convocatoria<\/strong><\/h3>\n<div dir=\"auto\"><strong>Convocatoria al Conversatorio \u201cSolidarios con la Venezuela Bolivariana y la Patria Grande\u201d<\/strong><\/div>\n<div dir=\"auto\"><\/div>\n<div dir=\"auto\">\u201cTe invitamos a participar en un enriquecedor conversatorio donde abordaremos la situaci\u00f3n actual de Venezuela y la lucha por la soberan\u00eda en Am\u00e9rica Latina. Contaremos con la participaci\u00f3n de destacados expositores:<\/div>\n<div dir=\"auto\"><\/div>\n<div dir=\"auto\"><strong>Federico Giuliani:<\/strong>\u00a0Secretario General de ATE C\u00f3rdoba y la CTA Aut\u00f3noma, observador internacional durante las elecciones en Venezuela.<\/div>\n<div dir=\"auto\"><strong>Irina Santesteban:<\/strong>\u00a0Abogada, organizaci\u00f3n pol\u00edtica \u201cMil por Cuba\u201d.<\/div>\n<div dir=\"auto\"><strong>Ezequiel Gamarro:<\/strong>\u00a0Dirigente pol\u00edtico y referente de la organizaci\u00f3n social \u201cLa Marta Ju\u00e1rez\u201d.<\/div>\n<div dir=\"auto\"><\/div>\n<div dir=\"auto\"><img decoding=\"async\" class=\"an1\" draggable=\"false\" src=\"https:\/\/fonts.gstatic.com\/s\/e\/notoemoji\/15.0\/1f5d3\/32.png\" alt=\"\" data-emoji=\"\" aria-label=\"\" \/>\u00a0<strong>Fecha:<\/strong>\u00a0Jueves 15 de agosto.<\/div>\n<div dir=\"auto\"><img decoding=\"async\" class=\"an1\" draggable=\"false\" src=\"https:\/\/fonts.gstatic.com\/s\/e\/notoemoji\/15.0\/1f561\/32.png\" alt=\"\" data-emoji=\"\" aria-label=\"\" \/><strong>\u00a0Hora:<\/strong>\u00a018:30 horas.<\/div>\n<div dir=\"auto\"><img decoding=\"async\" class=\"an1\" draggable=\"false\" src=\"https:\/\/fonts.gstatic.com\/s\/e\/notoemoji\/15.0\/1f4cd\/32.png\" alt=\"\" data-emoji=\"\" aria-label=\"\" \/><strong>\u00a0Lugar:<\/strong>\u00a0Sede provincial de ATE C\u00f3rdoba, calle Entre R\u00edos 450.<\/div>\n<div dir=\"auto\"><\/div>\n<div dir=\"auto\">No te lo pierdas. Ser\u00e1 una excelente oportunidad para debatir y reflexionar sobre la solidaridad y la integraci\u00f3n de nuestra Patria Grande.<\/div>\n<div dir=\"auto\">\n<h3><strong>Adhesiones\u00a0<\/strong><\/h3>\n<p><img loading=\"lazy\" decoding=\"async\" class=\"alignnone size-full wp-image-45106\" src=\"https:\/\/atecordoba.org\/wp-content\/uploads\/2024\/08\/454999960_894240209392561_7579542011529524420_n-300x300-1.jpg\" alt=\"\" width=\"300\" height=\"300\" srcset=\"https:\/\/atecordoba.org\/wp-content\/uploads\/2024\/08\/454999960_894240209392561_7579542011529524420_n-300x300-1.jpg 300w, https:\/\/atecordoba.org\/wp-content\/uploads\/2024\/08\/454999960_894240209392561_7579542011529524420_n-300x300-1-150x150.jpg 150w, https:\/\/atecordoba.org\/wp-content\/uploads\/2024\/08\/454999960_894240209392561_7579542011529524420_n-300x300-1-75x75.jpg 75w\" sizes=\"auto, (max-width: 300px) 100vw, 300px\" \/><\/p>\n<p><strong>Adhieren al Acto de Solidaridad con Venezuela:<\/strong><\/p>\n<p><em>ATE; CTA Aut\u00f3noma; Cispren; Mil por Cuba; MasCuba; Casa para la Memoria de Carlos Paz; VillaNos Radio: Comit\u00e9 de Homenaje a los Desaparecidos y M\u00e1rtires Populares; Foro por la Democracia y los Derechos Humanos; Partido de la Liberaci\u00f3n (PL); OLPRyL; Colectivo M\u00e1s Democracia; Comit\u00e9 Democr\u00e1tico Haitiano; Casa de los Trabajadores; Colectividad Boliviana Autoconvocada de C\u00f3rdoba; Agrupaci\u00f3n Marta Ju\u00e1rez; Tinku Arte; Federaci\u00f3n Rural para Producci\u00f3n y Arraigo; Encuentro Mario D\u00edaz; Resumen Latinoamericano; Convocatoria Segunda Independencia; Federaci\u00f3n Juvenil Comunista de C\u00f3rdoba.<\/em><\/p>\n<\/div>\n","protected":false},"excerpt":{"rendered":"<p>El Secretario General de ATE y la CTA Aut\u00f3noma C\u00f3rdoba, Federico Giuliani, participar\u00e1 este jueves 15 de agosto a las 18.30 horas en la sede provincial de la Asociaci\u00f3n Trabajadores del Estado -Entre R\u00edos 450- del Conversatorio: Solidarios con Venezuela Bolivariana y la Patria Grande. Participar\u00e1n del panel junto a Giuliani, Irina Santaesteban, ex Secretaria [&hellip;]<\/p>\n","protected":false},"author":3,"featured_media":45105,"comment_status":"open","ping_status":"open","sticky":false,"template":"","format":"standard","meta":{"_exactmetrics_skip_tracking":false,"_exactmetrics_sitenote_active":false,"_exactmetrics_sitenote_note":"","_exactmetrics_sitenote_category":0,"jnews-multi-image_gallery":[],"jnews_single_post":{"format":"standard","override":[{"template":"1","parallax":"1","fullscreen":"1","layout":"no-sidebar-narrow","sidebar":"default-sidebar","second_sidebar":"default-sidebar","sticky_sidebar":"1","share_position":"bottom","share_float_style":"share-monocrhome","show_share_counter":"1","show_view_counter":"1","show_post_meta":"1","show_post_author_image":"1","show_post_date":"1","post_date_format":"default","post_date_format_custom":"Y\/m\/d","show_post_category":"1","show_post_reading_time":"0","post_reading_time_wpm":"300","post_calculate_word_method":"str_word_count","show_zoom_button":"0","zoom_button_out_step":"2","zoom_button_in_step":"3","show_post_tag":"1","number_popup_post":"1","show_post_related":"1","show_inline_post_related":"0"}],"image_override":[{"single_post_thumbnail_size":"crop-500","single_post_gallery_size":"crop-500"}],"trending_post_position":"meta","trending_post_label":"Trending","sponsored_post_label":"Sponsored by","disable_ad":"0"},"jnews_primary_category":[],"jnews_social_meta":[],"jnews_review":[],"enable_review":"","type":"percentage","name":"","summary":"","brand":"","sku":"","good":[],"bad":[],"score_override":"","override_value":"","rating":[],"price":[],"jnews_override_counter":{"view_counter_number":"0","share_counter_number":"0","like_counter_number":"0","dislike_counter_number":"0"},"jnews_post_split":{"post_split":[{"template":"1","tag":"h2","numbering":"asc","mode":"normal","first":"0","enable_toc":"0","toc_type":"normal"}]},"footnotes":""},"categories":[10,129],"tags":[],"class_list":["post-45104","post","type-post","status-publish","format-standard","has-post-thumbnail","hentry","category-accion-politica","category-clate"],"jetpack_featured_media_url":"https:\/\/atecordoba.org\/wp-content\/uploads\/2024\/08\/IMG-20240809-WA0029.jpg","_links":{"self":[{"href":"https:\/\/atecordoba.org\/index.php?rest_route=\/wp\/v2\/posts\/45104","targetHints":{"allow":["GET"]}}],"collection":[{"href":"https:\/\/atecordoba.org\/index.php?rest_route=\/wp\/v2\/posts"}],"about":[{"href":"https:\/\/atecordoba.org\/index.php?rest_route=\/wp\/v2\/types\/post"}],"author":[{"embeddable":true,"href":"https:\/\/atecordoba.org\/index.php?rest_route=\/wp\/v2\/users\/3"}],"replies":[{"embeddable":true,"href":"https:\/\/atecordoba.org\/index.php?rest_route=%2Fwp%2Fv2%2Fcomments&post=45104"}],"version-history":[{"count":1,"href":"https:\/\/atecordoba.org\/index.php?rest_route=\/wp\/v2\/posts\/45104\/revisions"}],"predecessor-version":[{"id":45107,"href":"https:\/\/atecordoba.org\/index.php?rest_route=\/wp\/v2\/posts\/45104\/revisions\/45107"}],"wp:featuredmedia":[{"embeddable":true,"href":"https:\/\/atecordoba.org\/index.php?rest_route=\/wp\/v2\/media\/45105"}],"wp:attachment":[{"href":"https:\/\/atecordoba.org\/index.php?rest_route=%2Fwp%2Fv2%2Fmedia&parent=45104"}],"wp:term":[{"taxonomy":"category","embeddable":true,"href":"https:\/\/atecordoba.org\/index.php?rest_route=%2Fwp%2Fv2%2Fcategories&post=45104"},{"taxonomy":"post_tag","embeddable":true,"href":"https:\/\/atecordoba.org\/index.php?rest_route=%2Fwp%2Fv2%2Ftags&post=45104"}],"curies":[{"name":"wp","href":"https:\/\/api.w.org\/{rel}","templated":true}]}}