{"id":45067,"date":"2024-08-12T11:56:26","date_gmt":"2024-08-12T14:56:26","guid":{"rendered":"https:\/\/atecordoba.org\/?p=45067"},"modified":"2024-08-12T13:23:00","modified_gmt":"2024-08-12T16:23:00","slug":"ate-rechaza-la-pauta-provincial-y-reclama-que-los-salarios-cubran-la-canasta-familiar","status":"publish","type":"post","link":"https:\/\/atecordoba.org\/?p=45067","title":{"rendered":"ATE rechaza la pauta provincial y reclama que los salarios cubran la canasta familiar"},"content":{"rendered":"<p>El secretario General del Consejo Directivo Provincial, Federico Giuliani, solicit\u00f3 que los salarios superen en la escala inicial un mill\u00f3n de pesos, a partir del costo de la Canasta Familiar que fija INDEC.<\/p>\n<p><img loading=\"lazy\" decoding=\"async\" class=\"aligncenter wp-image-45068 \" src=\"https:\/\/atecordoba.org\/wp-content\/uploads\/2024\/08\/panal.jpg\" alt=\"\" width=\"600\" height=\"337\" \/><\/p>\n<p>En una nota dirigida al Gobernador Mart\u00edn Llaryora, ATE C\u00f3rdoba rechaz\u00f3 el viernes pasado la pauta salarial del pr\u00f3ximo trimestre por insuficiente y reclam\u00f3 que los haberes que paga el Estado provincial cubran los costos de la canasta familiar, superior al mill\u00f3n de pesos.<\/p>\n<p>Con la firma de nuestro secretario General, Federico Giuliani, la misiva plante\u00f3 la necesidad que los haberes del personal p\u00fablico provincial logren sacar a las y los trabajadores de su condici\u00f3n cada vez m\u00e1s empobrecidos \u201cy a nuestros jubilados del estado de indigencia\u201d.<\/p>\n<p>Adem\u00e1s, ATE reclam\u00f3 la eliminaci\u00f3n del fondo Fosaet, rechaz\u00f3 el aumento de los aportes jubilatorios y del Apross, tanto a activos como a afiliados voluntarios.<\/p>\n<p><strong>Salud p\u00fablica<\/strong><\/p>\n<p>Por otro lado, Giuliani le transmiti\u00f3 al Gobernador el rechazo de ATE al vaciamiento y\/o cierre, con traslados compulsivos, del Hospital Neuropsiqui\u00e1trico y de los Caps.<\/p>\n<p><img loading=\"lazy\" decoding=\"async\" class=\"alignright wp-image-45069 \" src=\"https:\/\/atecordoba.org\/wp-content\/uploads\/2024\/08\/neuro.jpg\" alt=\"\" width=\"439\" height=\"330\" srcset=\"https:\/\/atecordoba.org\/wp-content\/uploads\/2024\/08\/neuro.jpg 620w, https:\/\/atecordoba.org\/wp-content\/uploads\/2024\/08\/neuro-300x225.jpg 300w\" sizes=\"auto, (max-width: 439px) 100vw, 439px\" \/><\/p>\n<p>Respecto a la Ley 10889, que establece el R\u00e9gimen del Personal que integra el Equipo de Salud, ATE plante\u00f3 a urgencia de la implementaci\u00f3n de los cambios de grupo ocupacional, as\u00ed como la derogaci\u00f3n del art\u00edculo 107 Bis de la citada norma \u201cque deja abiertas las puertas a la flexibilizaci\u00f3n laboral y privatizaci\u00f3n de la salud p\u00fablica.<\/p>\n<p><strong>Paritaria<\/strong><\/p>\n<p>ATE reiter\u00f3 tambi\u00e9n en la nota dirigida a Llaryora que cumpla con la ley vigente y convoque a nuestra organizaci\u00f3n a participar de las paritarias provincial.<\/p>\n<p>Vale mencionar que el gobierno de provincia, se neg\u00f3 durante a\u00f1os a reconocer la capacidad de ATE para ejercer el \u00e1mbito de actuaci\u00f3n en la Provincia, pero la Corte Suprema estableci\u00f3 el derecho de nuestro sindicato a participar de la vida gremial en el Estado provincial en igualdad de condiciones a otras organizaciones reconocidas por el Gobierno.<\/p>\n<p>No obstante todo ello, la Provincia se niega todav\u00eda a convocar a ATE, discriminando a las y los afiliados de nuestra organizaci\u00f3n sindical, en flagrante incumplimiento de la ley.<\/p>\n","protected":false},"excerpt":{"rendered":"<p>El secretario General del Consejo Directivo Provincial, Federico Giuliani, solicit\u00f3 que los salarios superen en la escala inicial un mill\u00f3n de pesos, a partir del costo de la Canasta Familiar que fija INDEC. En una nota dirigida al Gobernador Mart\u00edn Llaryora, ATE C\u00f3rdoba rechaz\u00f3 el viernes pasado la pauta salarial del pr\u00f3ximo trimestre por insuficiente [&hellip;]<\/p>\n","protected":false},"author":7,"featured_media":45068,"comment_status":"open","ping_status":"open","sticky":false,"template":"","format":"standard","meta":{"_exactmetrics_skip_tracking":false,"_exactmetrics_sitenote_active":false,"_exactmetrics_sitenote_note":"","_exactmetrics_sitenote_category":0,"jnews-multi-image_gallery":[],"jnews_single_post":{"format":"standard","override":[{"template":"1","parallax":"1","fullscreen":"1","layout":"no-sidebar-narrow","sidebar":"default-sidebar","second_sidebar":"default-sidebar","sticky_sidebar":"1","share_position":"bottom","share_float_style":"share-monocrhome","show_share_counter":"1","show_view_counter":"1","show_post_meta":"1","show_post_author_image":"1","show_post_date":"1","post_date_format":"default","post_date_format_custom":"Y\/m\/d","show_post_category":"1","show_post_reading_time":"0","post_reading_time_wpm":"300","post_calculate_word_method":"str_word_count","show_zoom_button":"0","zoom_button_out_step":"2","zoom_button_in_step":"3","show_post_tag":"1","number_popup_post":"1","show_post_related":"1","show_inline_post_related":"0"}],"image_override":[{"single_post_thumbnail_size":"crop-500","single_post_gallery_size":"crop-500"}],"trending_post_position":"meta","trending_post_label":"Trending","sponsored_post_label":"Sponsored by","disable_ad":"0"},"jnews_primary_category":[],"jnews_social_meta":[],"jnews_review":[],"enable_review":"","type":"percentage","name":"","summary":"","brand":"","sku":"","good":[],"bad":[],"score_override":"","override_value":"","rating":[],"price":[],"jnews_override_counter":{"view_counter_number":"0","share_counter_number":"0","like_counter_number":"0","dislike_counter_number":"0"},"jnews_post_split":{"post_split":[{"template":"1","tag":"h2","numbering":"asc","mode":"normal","first":"0","enable_toc":"0","toc_type":"normal"}]},"footnotes":""},"categories":[8],"tags":[395,436,759],"class_list":["post-45067","post","type-post","status-publish","format-standard","has-post-thumbnail","hentry","category-provinciales","tag-ate-cordoba","tag-equipo-de-salud-provincial","tag-federico-giuliani"],"jetpack_featured_media_url":"https:\/\/atecordoba.org\/wp-content\/uploads\/2024\/08\/panal-e1723474573129.jpg","_links":{"self":[{"href":"https:\/\/atecordoba.org\/index.php?rest_route=\/wp\/v2\/posts\/45067","targetHints":{"allow":["GET"]}}],"collection":[{"href":"https:\/\/atecordoba.org\/index.php?rest_route=\/wp\/v2\/posts"}],"about":[{"href":"https:\/\/atecordoba.org\/index.php?rest_route=\/wp\/v2\/types\/post"}],"author":[{"embeddable":true,"href":"https:\/\/atecordoba.org\/index.php?rest_route=\/wp\/v2\/users\/7"}],"replies":[{"embeddable":true,"href":"https:\/\/atecordoba.org\/index.php?rest_route=%2Fwp%2Fv2%2Fcomments&post=45067"}],"version-history":[{"count":3,"href":"https:\/\/atecordoba.org\/index.php?rest_route=\/wp\/v2\/posts\/45067\/revisions"}],"predecessor-version":[{"id":45074,"href":"https:\/\/atecordoba.org\/index.php?rest_route=\/wp\/v2\/posts\/45067\/revisions\/45074"}],"wp:featuredmedia":[{"embeddable":true,"href":"https:\/\/atecordoba.org\/index.php?rest_route=\/wp\/v2\/media\/45068"}],"wp:attachment":[{"href":"https:\/\/atecordoba.org\/index.php?rest_route=%2Fwp%2Fv2%2Fmedia&parent=45067"}],"wp:term":[{"taxonomy":"category","embeddable":true,"href":"https:\/\/atecordoba.org\/index.php?rest_route=%2Fwp%2Fv2%2Fcategories&post=45067"},{"taxonomy":"post_tag","embeddable":true,"href":"https:\/\/atecordoba.org\/index.php?rest_route=%2Fwp%2Fv2%2Ftags&post=45067"}],"curies":[{"name":"wp","href":"https:\/\/api.w.org\/{rel}","templated":true}]}}