{"id":45055,"date":"2024-08-09T14:05:20","date_gmt":"2024-08-09T17:05:20","guid":{"rendered":"https:\/\/atecordoba.org\/?p=45055"},"modified":"2024-08-09T14:09:03","modified_gmt":"2024-08-09T17:09:03","slug":"reunion-paritaria-en-mendiolaza","status":"publish","type":"post","link":"https:\/\/atecordoba.org\/?p=45055","title":{"rendered":"Reuni\u00f3n paritaria en Mendiolaza"},"content":{"rendered":"<p>ATE llev\u00f3 al encuentro con el Departamento Ejecutivo el reclamo de actualizaci\u00f3n salarial por inflaci\u00f3n que fija INDEC. La municipalidad realizar\u00e1 una contrapropuesta el viernes pr\u00f3ximo.<\/p>\n<p><img loading=\"lazy\" decoding=\"async\" class=\"aligncenter wp-image-45056 \" src=\"https:\/\/atecordoba.org\/wp-content\/uploads\/2024\/08\/mendiolaza.jpg\" alt=\"\" width=\"601\" height=\"382\" \/><\/p>\n<p>Esta ma\u00f1ana se llev\u00f3 a cabo una reuni\u00f3n paritaria en la Municipalidad de Mendiolaza. En la oportunidad, ATE solicit\u00f3 un aumento salarial de acuerdo a lo que fija el \u00cdndice de Precios al Consumidor (IPC) del INDEC, tal como se ven\u00eda conversando con anterioridad.<\/p>\n<p>En la oportunidad, estuvo presente el secretario General de ATE C\u00f3rdoba, Federico Giuliani, junto las y los delegados del sector.<\/p>\n<p>&#8220;La patronal plante\u00f3 dificultades econ\u00f3micas y qued\u00f3 en realizar una contrapropuesta el viernes pr\u00f3ximo&#8221;, dijo Giuliani al finalizar la reuni\u00f3n.<\/p>\n<p>Adem\u00e1s se acord\u00f3 la constituci\u00f3n de la Mesa de Relaciones Laborales que ATE ven\u00eda reclamando. &#8220;El Departamento Ejecutivo la va a crear a partir de una resoluci\u00f3n y ATE presentar\u00e1 una nota para establecer la cantidad de representantes gremiales ya que hay otro gremio con actuaci\u00f3n en el municipio. De la misma forma, debe fijarse la cantidad de representantes de la patronal&#8221;. La Municipalidad fijar\u00e1 tambi\u00e9n la fecha de la convocatoria.<\/p>\n","protected":false},"excerpt":{"rendered":"<p>ATE llev\u00f3 al encuentro con el Departamento Ejecutivo el reclamo de actualizaci\u00f3n salarial por inflaci\u00f3n que fija INDEC. La municipalidad realizar\u00e1 una contrapropuesta el viernes pr\u00f3ximo. Esta ma\u00f1ana se llev\u00f3 a cabo una reuni\u00f3n paritaria en la Municipalidad de Mendiolaza. En la oportunidad, ATE solicit\u00f3 un aumento salarial de acuerdo a lo que fija el [&hellip;]<\/p>\n","protected":false},"author":7,"featured_media":45056,"comment_status":"open","ping_status":"open","sticky":false,"template":"","format":"standard","meta":{"_exactmetrics_skip_tracking":false,"_exactmetrics_sitenote_active":false,"_exactmetrics_sitenote_note":"","_exactmetrics_sitenote_category":0,"jnews-multi-image_gallery":[],"jnews_single_post":{"format":"standard","override":[{"template":"1","parallax":"1","fullscreen":"1","layout":"no-sidebar-narrow","sidebar":"default-sidebar","second_sidebar":"default-sidebar","sticky_sidebar":"1","share_position":"bottom","share_float_style":"share-monocrhome","show_share_counter":"1","show_view_counter":"1","show_post_meta":"1","show_post_author_image":"1","show_post_date":"1","post_date_format":"default","post_date_format_custom":"Y\/m\/d","show_post_category":"1","show_post_reading_time":"0","post_reading_time_wpm":"300","post_calculate_word_method":"str_word_count","show_zoom_button":"0","zoom_button_out_step":"2","zoom_button_in_step":"3","show_post_tag":"1","number_popup_post":"1","show_post_related":"1","show_inline_post_related":"0"}],"image_override":[{"single_post_thumbnail_size":"crop-500","single_post_gallery_size":"crop-500"}],"trending_post_position":"meta","trending_post_label":"Trending","sponsored_post_label":"Sponsored by","disable_ad":"0"},"jnews_primary_category":[],"jnews_social_meta":[],"jnews_review":[],"enable_review":"","type":"percentage","name":"","summary":"","brand":"","sku":"","good":[],"bad":[],"score_override":"","override_value":"","rating":[],"price":[],"jnews_override_counter":{"view_counter_number":"0","share_counter_number":"0","like_counter_number":"0","dislike_counter_number":"0"},"jnews_post_split":{"post_split":[{"template":"1","tag":"h2","numbering":"asc","mode":"normal","first":"0","enable_toc":"0","toc_type":"normal"}]},"footnotes":""},"categories":[20],"tags":[26,395,759,947,383],"class_list":["post-45055","post","type-post","status-publish","format-standard","has-post-thumbnail","hentry","category-municipales","tag-ate","tag-ate-cordoba","tag-federico-giuliani","tag-mendiolaza","tag-paritarias"],"jetpack_featured_media_url":"https:\/\/atecordoba.org\/wp-content\/uploads\/2024\/08\/mendiolaza-e1723223109679.jpg","_links":{"self":[{"href":"https:\/\/atecordoba.org\/index.php?rest_route=\/wp\/v2\/posts\/45055","targetHints":{"allow":["GET"]}}],"collection":[{"href":"https:\/\/atecordoba.org\/index.php?rest_route=\/wp\/v2\/posts"}],"about":[{"href":"https:\/\/atecordoba.org\/index.php?rest_route=\/wp\/v2\/types\/post"}],"author":[{"embeddable":true,"href":"https:\/\/atecordoba.org\/index.php?rest_route=\/wp\/v2\/users\/7"}],"replies":[{"embeddable":true,"href":"https:\/\/atecordoba.org\/index.php?rest_route=%2Fwp%2Fv2%2Fcomments&post=45055"}],"version-history":[{"count":2,"href":"https:\/\/atecordoba.org\/index.php?rest_route=\/wp\/v2\/posts\/45055\/revisions"}],"predecessor-version":[{"id":45058,"href":"https:\/\/atecordoba.org\/index.php?rest_route=\/wp\/v2\/posts\/45055\/revisions\/45058"}],"wp:featuredmedia":[{"embeddable":true,"href":"https:\/\/atecordoba.org\/index.php?rest_route=\/wp\/v2\/media\/45056"}],"wp:attachment":[{"href":"https:\/\/atecordoba.org\/index.php?rest_route=%2Fwp%2Fv2%2Fmedia&parent=45055"}],"wp:term":[{"taxonomy":"category","embeddable":true,"href":"https:\/\/atecordoba.org\/index.php?rest_route=%2Fwp%2Fv2%2Fcategories&post=45055"},{"taxonomy":"post_tag","embeddable":true,"href":"https:\/\/atecordoba.org\/index.php?rest_route=%2Fwp%2Fv2%2Ftags&post=45055"}],"curies":[{"name":"wp","href":"https:\/\/api.w.org\/{rel}","templated":true}]}}