{"id":45042,"date":"2024-08-09T12:00:23","date_gmt":"2024-08-09T15:00:23","guid":{"rendered":"https:\/\/atecordoba.org\/?p=45042"},"modified":"2024-08-09T12:03:04","modified_gmt":"2024-08-09T15:03:04","slug":"ffmm-preocupacion-ante-la-visita-del-gobierno-de-eeuu-a-la-fabrica-militar-rio","status":"publish","type":"post","link":"https:\/\/atecordoba.org\/?p=45042","title":{"rendered":"FFMM: Preocupaci\u00f3n de ATE C\u00f3rdoba ante la visita del gobierno de EEUU a la F\u00e1brica\u00a0Militar\u00a0R\u00edo\u00a0Tercero"},"content":{"rendered":"<p>El secretario General de ATE C\u00f3rdoba, Federico Giuliani se expres\u00f3 frente al riesgo de privatizaci\u00f3n de empresas estatales estrat\u00e9gicas para la defensa nacional.<\/p>\n<p><img loading=\"lazy\" decoding=\"async\" class=\"aligncenter wp-image-44683 \" src=\"https:\/\/atecordoba.org\/wp-content\/uploads\/2024\/07\/IMG-20240719-WA0062-771x1024.jpg\" alt=\"\" width=\"606\" height=\"805\" srcset=\"https:\/\/atecordoba.org\/wp-content\/uploads\/2024\/07\/IMG-20240719-WA0062-771x1024.jpg 771w, https:\/\/atecordoba.org\/wp-content\/uploads\/2024\/07\/IMG-20240719-WA0062-226x300.jpg 226w, https:\/\/atecordoba.org\/wp-content\/uploads\/2024\/07\/IMG-20240719-WA0062-768x1021.jpg 768w, https:\/\/atecordoba.org\/wp-content\/uploads\/2024\/07\/IMG-20240719-WA0062-1156x1536.jpg 1156w, https:\/\/atecordoba.org\/wp-content\/uploads\/2024\/07\/IMG-20240719-WA0062-750x997.jpg 750w, https:\/\/atecordoba.org\/wp-content\/uploads\/2024\/07\/IMG-20240719-WA0062-1140x1515.jpg 1140w, https:\/\/atecordoba.org\/wp-content\/uploads\/2024\/07\/IMG-20240719-WA0062.jpg 1204w\" sizes=\"auto, (max-width: 606px) 100vw, 606px\" \/><\/p>\n<p>&nbsp;<\/p>\n<p>&#8220;Desde ATE C\u00f3rdoba expresamos nuestra preocupaci\u00f3n ante la visita de una delegaci\u00f3n del Departamento de Estado de Estados Unidos a la F\u00e1brica Militar de R\u00edo Tercero&#8221;, declar\u00f3 Giuliani ayer frente a la requisitoria period\u00edsticas internacional.<\/p>\n<p>Consultado por la Agencia Spunik, el secretario General afirm\u00f3 que &#8220;este hecho no es un hecho aislado, dadas las alianzas y relaciones carnales que el Presidente Javier Milei mantiene con el imperio estadounidense.\u00a0Esta situaci\u00f3n no s\u00f3lo nos preocupa por la posible transformaci\u00f3n de las F\u00e1bricas Militares en Sociedad An\u00f3nima, la p\u00e9rdida de derechos laborales y dem\u00e1s, sino porque siembra un moj\u00f3n m\u00e1s de presencia yanqui en el pa\u00eds&#8221;.<\/p>\n<p><img loading=\"lazy\" decoding=\"async\" class=\"aligncenter wp-image-45044 \" src=\"https:\/\/atecordoba.org\/wp-content\/uploads\/2024\/08\/rio-3-Fm-1024x612.jpg\" alt=\"\" width=\"592\" height=\"354\" srcset=\"https:\/\/atecordoba.org\/wp-content\/uploads\/2024\/08\/rio-3-Fm-1024x612.jpg 1024w, https:\/\/atecordoba.org\/wp-content\/uploads\/2024\/08\/rio-3-Fm-300x179.jpg 300w, https:\/\/atecordoba.org\/wp-content\/uploads\/2024\/08\/rio-3-Fm-768x459.jpg 768w, https:\/\/atecordoba.org\/wp-content\/uploads\/2024\/08\/rio-3-Fm-750x448.jpg 750w, https:\/\/atecordoba.org\/wp-content\/uploads\/2024\/08\/rio-3-Fm-1140x681.jpg 1140w, https:\/\/atecordoba.org\/wp-content\/uploads\/2024\/08\/rio-3-Fm.jpg 1200w\" sizes=\"auto, (max-width: 592px) 100vw, 592px\" \/><\/p>\n<p>Nuestra provincia cuenta con varios organismos y empresas estatales claves para la defensa de la soberan\u00eda, la F\u00e1brica Militar de R\u00edo Tercero es s\u00f3lo una de ellas. Debido a ello Giuliani consider\u00f3 que &#8220;permitir que el Departamento de Estado de Estados Unidos haga pie en C\u00f3rdoba, va en desmedro de esa soberan\u00eda y democracia que supimos construir. Ante esto estamos en alerta&#8221;.<\/p>\n<p><strong>Los hechos y contexto<\/strong><\/p>\n<p>Giuliani denunci\u00f3 que en julio &#8220;hubo una visita del gobierno norteamericano, junto con empresarios de grupos econ\u00f3micos vinculados a la industria armamentista, acompa\u00f1ados por funcionarios del Ministerio de Defensa y de la Direcci\u00f3n de Fabricaciones Militares. Fue una visita extraoficial. Ellos la desmienten. Pero nosotros sabemos que esto ocurri\u00f3 por los trabajadores de las f\u00e1bricas&#8221;.<\/p>\n<p>Es tal la importancia de este trascendido que los medios de R\u00edo Tercero se hicieron eco de esta situaci\u00f3n y hasta una diputada cordobesa radical Gabriela Brower de Koning <a href=\"https:\/\/dequesetrata.org\/proyecto\/3029-d-2024-1718271425635x363933330333387840\">realiz\u00f3 un pedido de informes<\/a> en el Congreso de la Naci\u00f3n para que el Ministerio de Defensa explique y ampl\u00ede informaci\u00f3n sobre esta visita.<\/p>\n<p><img loading=\"lazy\" decoding=\"async\" class=\"aligncenter wp-image-45045 \" src=\"https:\/\/atecordoba.org\/wp-content\/uploads\/2024\/08\/rio-3-pasacalle.jpg\" alt=\"\" width=\"594\" height=\"277\" srcset=\"https:\/\/atecordoba.org\/wp-content\/uploads\/2024\/08\/rio-3-pasacalle.jpg 809w, https:\/\/atecordoba.org\/wp-content\/uploads\/2024\/08\/rio-3-pasacalle-300x140.jpg 300w, https:\/\/atecordoba.org\/wp-content\/uploads\/2024\/08\/rio-3-pasacalle-768x359.jpg 768w, https:\/\/atecordoba.org\/wp-content\/uploads\/2024\/08\/rio-3-pasacalle-750x350.jpg 750w\" sizes=\"auto, (max-width: 594px) 100vw, 594px\" \/><\/p>\n<p>&#8220;A nosotros nos llena de duda toda esta situaci\u00f3n, frente a un gobierno de extrema derecha fascista que decidi\u00f3 retirarse del Grupo Puebla y se vincula con los pa\u00edses gobernados por gobiernos m\u00e1s reaccionarios de la regi\u00f3n del Grupo de Lima, que abandona el Mercosur. Tenemos un Presidente que acumula millas en l\u00edneas a\u00e9reas, viajando a EEUU permanentemente para participar de charlas con corporaciones. A la vez, un Presidente que tom\u00f3 decisiones geopol\u00edticas, vinculando a Argentina con el mundo unipolar del imperio yanqui y de los pa\u00edses que son parte de la OTAN, en desmedro de las relaciones con la mirada multipolar del mundo que plantean los BRIGS. Milei plantea una relaci\u00f3n carnal con EEUU, quiere que Argentina sea el patio trasero de ese pa\u00eds y de los capitales sionistas. Lleva adelante posiciones peligrosas em Medio Oriente, no ha repudiado el genocidio palestino que comete Israel y acus\u00f3 a Ir\u00e1n de ser un pa\u00eds terrorista, dijo que apoya a Ucrania en la guerra contra Rusia&#8221;, se\u00f1al\u00f3 el dirigente.<\/p>\n<p><img loading=\"lazy\" decoding=\"async\" class=\"aligncenter wp-image-45046 \" src=\"https:\/\/atecordoba.org\/wp-content\/uploads\/2024\/08\/bomba-rio-3.jpg\" alt=\"\" width=\"596\" height=\"456\" srcset=\"https:\/\/atecordoba.org\/wp-content\/uploads\/2024\/08\/bomba-rio-3.jpg 616w, https:\/\/atecordoba.org\/wp-content\/uploads\/2024\/08\/bomba-rio-3-300x229.jpg 300w\" sizes=\"auto, (max-width: 596px) 100vw, 596px\" \/><\/p>\n<p><strong>Objetivo de Milei<\/strong><\/p>\n<p>Para Giuliani &#8220;todos estos detalles no son menores en la perspectiva de que este gobierno tiene un DNU y una Ley Bases que le permiten rifar la soberan\u00eda de nuestro pa\u00eds. C\u00f3rdoba es una de la provincia que m\u00e1s organismos estrat\u00e9gicos tiene para la soberan\u00eda nacional y este podr\u00eda ser el puntapi\u00e9 inicial para privatizar una empresa hist\u00f3rica, ya que el Gobierno tiene en proyecto convertirla en sociedad an\u00f3nima donde los capitales del Estado nacional pasen a ser minor\u00eda y que los grupos econ\u00f3micos, en este caso extranjeros se hagan cargo de un sector tan sensible y estrat\u00e9gico&#8221;.<\/p>\n<p><a href=\"https:\/\/www.instagram.com\/reel\/C8IoFUGumJB\/\">La notici<\/a>a es que grupos extranjeros se har\u00edan con la planta de metalmec\u00e1nica de R\u00edo Tercero. Que es una de las dos plantas que tiene la fabrica militar, la otra es la f\u00e1brica qu\u00edmica.<\/p>\n<p><img loading=\"lazy\" decoding=\"async\" class=\"aligncenter wp-image-45047 \" src=\"https:\/\/atecordoba.org\/wp-content\/uploads\/2024\/08\/milei-comando.jpg\" alt=\"\" width=\"599\" height=\"302\" srcset=\"https:\/\/atecordoba.org\/wp-content\/uploads\/2024\/08\/milei-comando.jpg 1300w, https:\/\/atecordoba.org\/wp-content\/uploads\/2024\/08\/milei-comando-300x151.jpg 300w, https:\/\/atecordoba.org\/wp-content\/uploads\/2024\/08\/milei-comando-1024x516.jpg 1024w, https:\/\/atecordoba.org\/wp-content\/uploads\/2024\/08\/milei-comando-768x387.jpg 768w, https:\/\/atecordoba.org\/wp-content\/uploads\/2024\/08\/milei-comando-750x378.jpg 750w, https:\/\/atecordoba.org\/wp-content\/uploads\/2024\/08\/milei-comando-1140x574.jpg 1140w\" sizes=\"auto, (max-width: 599px) 100vw, 599px\" \/><\/p>\n<p>En tal sentido, Giuliani dijo que &#8220;si bien en los \u00faltimos tiempos se constru\u00edan trenes y tolvas para el campo, se trata de la antigua f\u00e1brica de forja que tiene hornos y maquinaria para poder producir municiones, carcasas para balas, por caso, de ca\u00f1ones de 155 mil\u00edmetros. Y eso puede ser el puntal de un proceso de privatizaci\u00f3n de empresas como la F\u00e1brica Militar de Villa Mar\u00eda que produce p\u00f3lvora, de Dioxitek que produce uranio enriquecido, de la Central Nuclear de Embalse, de Fadea que produce aviones, de Conae que produce investigaci\u00f3n aeroespacial&#8221;.<\/p>\n<p><img loading=\"lazy\" decoding=\"async\" class=\"aligncenter wp-image-45048 \" src=\"https:\/\/atecordoba.org\/wp-content\/uploads\/2024\/08\/conae.jpg\" alt=\"\" width=\"593\" height=\"441\" \/><\/p>\n<p>Vale mencionar que el la d\u00e9cada del &#8217;90 el menemismo <a href=\"https:\/\/www.fadeasa.com.ar\/es\/institucional\/nuestra-historia\/\">privatiz\u00f3 la antigua F\u00e1brica Militar de Aviones<\/a> a manos de la empresa norteamericana Lockheed Martin, permitiendo que ondee la bandera norteamericana durante m\u00e1s de una d\u00e9cada en la planta de Ruta 20, lo que devast\u00f3 la capacidad productiva de la firma, que<a href=\"http:\/\/prensared.org.ar\/nuevo-impulso-a-la-fabrica-argentina-de-aviones-brigadier-san-martin\/\"> volvi\u00f3 a manos estatales<\/a> en el gobierno de Cristina Fern\u00e1ndez de Kirchner.<\/p>\n<p>ATE viene denunciando un proceso de vaciamiento de estos organismos, en la agenda de privatizaciones. Paralelamente se vienen llevando adelante retiros voluntarios que dejan desierto de personal capacitado a estos sectores, mientras el parate productivo muy importante que genera la fundamentaci\u00f3n para que el gobierno libertario intente venderlas al sector privado. &#8220;En un mundo occidental en guerra permanente sabemos que necesitan insumos y armamentos. Que mejor que estas f\u00e1bricas para insertarse en esa estrategia para gobierno como el de Milei que propone un estado en retirada&#8221;.<\/p>\n<p>Por todo esto denunciamos esta situaci\u00f3n y la hacemos p\u00fablica. Queremos el gobierno nacional d\u00e9 explicaciones y el ministro de Defensa, Luis Petri, diga qu\u00e9 pas\u00f3 en FFMM.<\/p>\n<p><img loading=\"lazy\" decoding=\"async\" class=\"aligncenter wp-image-45049 \" src=\"https:\/\/atecordoba.org\/wp-content\/uploads\/2024\/08\/fede-en-rio3.jpg\" alt=\"\" width=\"607\" height=\"301\" \/><\/p>\n<p><strong>Peligrosa combinaci\u00f3n<\/strong><\/p>\n<p>Por \u00faltimo, Giuliani denunci\u00f3 la &#8220;muy peligrosa la combinaci\u00f3n entre destrucci\u00f3n del empleo p\u00fablico con privatizaciones de \u00e1reas estrat\u00e9gicas para la defensa. Y tambi\u00e9n la posibilidad que banderas norteamericanas flameen en sectores del Estado nacional como FFMM. Tampoco debe olvidarse que Milei trajo a la jefa del Comando Sur del Ej\u00e9rcito yanqui para anunciar la construcci\u00f3n de una base militar en Tierra del fuego&#8221;.<\/p>\n<p>&#8220;Todo este cuadro nos retrotrae a los \u201990 por lo cual amerita que los legisladores nacionales le exijan explicaciones al Ministerio de Defensa y que desde ATE los trabajadores visibilicemos esta situaci\u00f3n. No solo nos preocupa como clase trabajadora sino como ciudadanos de Argentina&#8221;, describi\u00f3.<\/p>\n<p>Y concluy\u00f3: &#8220;Hoy como en 1810 la discusi\u00f3n sigue siendo liberaci\u00f3n o dependencia, imperio o naci\u00f3n, patria o colonia&#8221;.<\/p>\n","protected":false},"excerpt":{"rendered":"<p>El secretario General de ATE C\u00f3rdoba, Federico Giuliani se expres\u00f3 frente al riesgo de privatizaci\u00f3n de empresas estatales estrat\u00e9gicas para la defensa nacional. &nbsp; &#8220;Desde ATE C\u00f3rdoba expresamos nuestra preocupaci\u00f3n ante la visita de una delegaci\u00f3n del Departamento de Estado de Estados Unidos a la F\u00e1brica Militar de R\u00edo Tercero&#8221;, declar\u00f3 Giuliani ayer frente a [&hellip;]<\/p>\n","protected":false},"author":7,"featured_media":45049,"comment_status":"open","ping_status":"open","sticky":false,"template":"","format":"standard","meta":{"_exactmetrics_skip_tracking":false,"_exactmetrics_sitenote_active":false,"_exactmetrics_sitenote_note":"","_exactmetrics_sitenote_category":0,"jnews-multi-image_gallery":[],"jnews_single_post":{"format":"standard","override":[{"template":"1","parallax":"1","fullscreen":"1","layout":"no-sidebar-narrow","sidebar":"default-sidebar","second_sidebar":"default-sidebar","sticky_sidebar":"1","share_position":"bottom","share_float_style":"share-monocrhome","show_share_counter":"1","show_view_counter":"1","show_post_meta":"1","show_post_author_image":"1","show_post_date":"1","post_date_format":"default","post_date_format_custom":"Y\/m\/d","show_post_category":"1","show_post_reading_time":"0","post_reading_time_wpm":"300","post_calculate_word_method":"str_word_count","show_zoom_button":"0","zoom_button_out_step":"2","zoom_button_in_step":"3","show_post_tag":"1","number_popup_post":"1","show_post_related":"1","show_inline_post_related":"0"}],"image_override":[{"single_post_thumbnail_size":"crop-500","single_post_gallery_size":"crop-500"}],"trending_post_position":"meta","trending_post_label":"Trending","sponsored_post_label":"Sponsored by","disable_ad":"0"},"jnews_primary_category":[],"jnews_social_meta":[],"jnews_review":[],"enable_review":"","type":"percentage","name":"","summary":"","brand":"","sku":"","good":[],"bad":[],"score_override":"","override_value":"","rating":[],"price":[],"jnews_override_counter":{"view_counter_number":"0","share_counter_number":"0","like_counter_number":"0","dislike_counter_number":"0"},"jnews_post_split":{"post_split":[{"template":"1","tag":"h2","numbering":"asc","mode":"normal","first":"0","enable_toc":"0","toc_type":"normal"}]},"footnotes":""},"categories":[341],"tags":[26,395,1348,1347,434,759,1095],"class_list":["post-45042","post","type-post","status-publish","format-standard","has-post-thumbnail","hentry","category-cdp","tag-ate","tag-ate-cordoba","tag-eeuu","tag-fabrica-militar-rio-tercero","tag-fabricaciones-militares","tag-federico-giuliani","tag-ministerio-de-defensa"],"jetpack_featured_media_url":"https:\/\/atecordoba.org\/wp-content\/uploads\/2024\/08\/fede-en-rio3-e1723215601377.jpg","_links":{"self":[{"href":"https:\/\/atecordoba.org\/index.php?rest_route=\/wp\/v2\/posts\/45042","targetHints":{"allow":["GET"]}}],"collection":[{"href":"https:\/\/atecordoba.org\/index.php?rest_route=\/wp\/v2\/posts"}],"about":[{"href":"https:\/\/atecordoba.org\/index.php?rest_route=\/wp\/v2\/types\/post"}],"author":[{"embeddable":true,"href":"https:\/\/atecordoba.org\/index.php?rest_route=\/wp\/v2\/users\/7"}],"replies":[{"embeddable":true,"href":"https:\/\/atecordoba.org\/index.php?rest_route=%2Fwp%2Fv2%2Fcomments&post=45042"}],"version-history":[{"count":3,"href":"https:\/\/atecordoba.org\/index.php?rest_route=\/wp\/v2\/posts\/45042\/revisions"}],"predecessor-version":[{"id":45053,"href":"https:\/\/atecordoba.org\/index.php?rest_route=\/wp\/v2\/posts\/45042\/revisions\/45053"}],"wp:featuredmedia":[{"embeddable":true,"href":"https:\/\/atecordoba.org\/index.php?rest_route=\/wp\/v2\/media\/45049"}],"wp:attachment":[{"href":"https:\/\/atecordoba.org\/index.php?rest_route=%2Fwp%2Fv2%2Fmedia&parent=45042"}],"wp:term":[{"taxonomy":"category","embeddable":true,"href":"https:\/\/atecordoba.org\/index.php?rest_route=%2Fwp%2Fv2%2Fcategories&post=45042"},{"taxonomy":"post_tag","embeddable":true,"href":"https:\/\/atecordoba.org\/index.php?rest_route=%2Fwp%2Fv2%2Ftags&post=45042"}],"curies":[{"name":"wp","href":"https:\/\/api.w.org\/{rel}","templated":true}]}}