{"id":4504,"date":"2014-09-18T18:33:23","date_gmt":"2014-09-18T21:33:23","guid":{"rendered":"http:\/\/www.atecordoba.org\/?p=4504"},"modified":"2014-09-18T18:33:23","modified_gmt":"2014-09-18T21:33:23","slug":"asumieron-las-nuevas-conducciones-de-la-cta","status":"publish","type":"post","link":"https:\/\/atecordoba.org\/?p=4504","title":{"rendered":"Asumieron las nuevas conducciones de la CTA"},"content":{"rendered":"<p><em>Con compa\u00f1eros que resultaron electos el 29 de mayo en las comisiones directivas de la Central para la Provincia y C\u00f3rdoba Capital tomaron sus cargos en un acto conjunto con gran fervor militante.<\/em><\/p>\n<p><a href=\"http:\/\/www.atecordoba.org\/wp-content\/uploads\/2014\/09\/IMG_6864.jpg\"><img loading=\"lazy\" decoding=\"async\" class=\"aligncenter  wp-image-4505\" src=\"http:\/\/www.atecordoba.org\/wp-content\/uploads\/2014\/09\/IMG_6864.jpg\" alt=\"IMG_6864\" width=\"506\" height=\"379\" \/><\/a><\/p>\n<p>El acto se realiz\u00f3 el 12 de septiembre en el Club Las Flores y conto con la presencia de compa\u00f1eros de las juntas directivas de R\u00edo Tercero y Villa Mar\u00eda. En la oportunidad, el nuevo secretario General de CTA Provincia, Guido Dreizik \u2013de dilatada experiencia gremial en el Cispren y ex secretario General de Capital-, reemplaz\u00f3 al hist\u00f3rico Oscar Cacho Mengarelli. En tanto, tom\u00f3 la posta en Capital como secretario General Francisco Pav\u00e1n, miembro de comisi\u00f3n directiva de ATE.<\/p>\n<p>Adem\u00e1s, asumieron los compa\u00f1eros Lu\u00eds Barcena (ATE, secretario de interior) y Ra\u00fal Gomez (Corriente Sindical del MTS) como secretarios generales <a href=\"http:\/\/www.atecordoba.org\/wp-content\/uploads\/2014\/09\/IMG_6921.jpg\"><img loading=\"lazy\" decoding=\"async\" class=\"alignright wp-image-4506 size-medium\" src=\"http:\/\/www.atecordoba.org\/wp-content\/uploads\/2014\/09\/IMG_6921-300x225.jpg\" alt=\"IMG_6921\" width=\"300\" height=\"225\" \/><\/a>adjuntos provinciales, y David Calder\u00f3n (Utatec \u2013 telef\u00f3nicos) en Capital.<\/p>\n<p>Acompa\u00f1\u00f3 la asunci\u00f3n el secretario de Organizaci\u00f3n de la CTA nacional, Carlos Chile, en una fiesta que tuvo la presencia de compa\u00f1eros de organizaciones integrantes de la central y amigas como los taxistas de Sipetaco, Ammar, los vigiladores de Sivicor, Cispren, la Corriente Sindical del MST, Barrios de Pie, la organizaci\u00f3n territorial Mal\u00f3n, los trabajadores de la obra social docentes Sitos, compa\u00f1eros del gremio judicial, Unidad Popular, entre otras organizaciones. Se puedo apreciar la gran cantidad de compa\u00f1eros de ATE presentes en el lugar. Vale se\u00f1alar que nuestro gremio tiene un numeroso contingente de representantes en ambas conducciones.<\/p>\n<p>A la hora de los discursos, Dreizik comenz\u00f3 haciendo un reconocimiento a Cacho Mengarelli que obtuvo un cerrado aplauso de los presentes. \u201cAbrimos esta nueva etapa que tiene continuidades con lo hecho y con la esperanza de organizar en todo el territorio provincial a la inmensa cantidad de organizaciones desperdigadas que dan la pelea cada d\u00eda por la salud, el medio ambiente, el trabajo, los recursos naturales, la energ\u00eda y cada uno de los temas que convocan la conflictividad en C\u00f3rdoba\u201d.<\/p>\n<figure id=\"attachment_4508\" aria-describedby=\"caption-attachment-4508\" style=\"width: 300px\" class=\"wp-caption alignleft\"><a href=\"http:\/\/www.atecordoba.org\/wp-content\/uploads\/2014\/09\/IMG_6903.jpg\"><img loading=\"lazy\" decoding=\"async\" class=\"wp-image-4508 size-medium\" src=\"http:\/\/www.atecordoba.org\/wp-content\/uploads\/2014\/09\/IMG_6903-300x225.jpg\" alt=\"IMG_6903\" width=\"300\" height=\"225\" \/><\/a><figcaption id=\"caption-attachment-4508\" class=\"wp-caption-text\">Luis Barcena, secretario Adjunto de la CTA C\u00f3rdoba<\/figcaption><\/figure>\n<p>Luego, Lu\u00eds B\u00e1rcena aport\u00f3 m\u00edstica a las alocuciones al se\u00f1alar que \u201chay que buscar a cada compa\u00f1ero, en cada localidad de la provincia porque nuestro proyecto es para que el pueblo sea feliz, para recuperar la alegr\u00eda de militar por una causa justa, alejada de los negocios y los acuerdos oscuros. Son aut\u00f3nomos de los gobiernos, las empresas y los partidos pol\u00edticos y estamos convencidos que ese es el camino para construir una CTA grande en serio\u201d.<\/p>\n<p>Por su parte, Pav\u00e1n, se\u00f1al\u00f3 que el desaf\u00edo de la CTA en Capital es \u201campliar la representaci\u00f3n de nuestra organizaci\u00f3n en el sector privado, tanto por medio de la creaci\u00f3n de nuevas organizaciones como acercando posiciones con los gremios de con personer\u00eda de cada rama de actividad\u201d.<\/p>\n<p>De la misma forma, el dirigente habl\u00f3, desde su origen como estatal e integrante de la conducci\u00f3n de ATE, sobre la responsabilidad que tienen los trabajadores del Estado para seguir creciendo y tambi\u00e9n \u201cpara volcar nuestras experiencias en el apoyo de los compa\u00f1eros que buscan organizarse en el sector privado\u201d.<\/p>\n<p>El acto se vivi\u00f3 con la alegr\u00eda que genera a los compa\u00f1eros compartir un camino en com\u00fan.<\/p>\n<figure id=\"attachment_4509\" aria-describedby=\"caption-attachment-4509\" style=\"width: 525px\" class=\"wp-caption aligncenter\"><a href=\"http:\/\/www.atecordoba.org\/wp-content\/uploads\/2014\/09\/IMG_6868.jpg\"><img loading=\"lazy\" decoding=\"async\" class=\"wp-image-4509\" src=\"http:\/\/www.atecordoba.org\/wp-content\/uploads\/2014\/09\/IMG_6868.jpg\" alt=\"IMG_6868\" width=\"525\" height=\"394\" \/><\/a><figcaption id=\"caption-attachment-4509\" class=\"wp-caption-text\">Francisco Pavan, secretario General de la CTA Capital<\/figcaption><\/figure>\n<figure id=\"attachment_4510\" aria-describedby=\"caption-attachment-4510\" style=\"width: 521px\" class=\"wp-caption aligncenter\"><a href=\"http:\/\/www.atecordoba.org\/wp-content\/uploads\/2014\/09\/IMG_6920.jpg\"><img loading=\"lazy\" decoding=\"async\" class=\"wp-image-4510\" src=\"http:\/\/www.atecordoba.org\/wp-content\/uploads\/2014\/09\/IMG_6920.jpg\" alt=\"IMG_6920\" width=\"521\" height=\"391\" \/><\/a><figcaption id=\"caption-attachment-4510\" class=\"wp-caption-text\">Guido Dreizik, secretario General CTA provincia<\/figcaption><\/figure>\n<figure id=\"attachment_4511\" aria-describedby=\"caption-attachment-4511\" style=\"width: 527px\" class=\"wp-caption aligncenter\"><a href=\"http:\/\/www.atecordoba.org\/wp-content\/uploads\/2014\/09\/IMG_6935.jpg\"><img loading=\"lazy\" decoding=\"async\" class=\"wp-image-4511\" src=\"http:\/\/www.atecordoba.org\/wp-content\/uploads\/2014\/09\/IMG_6935.jpg\" alt=\"IMG_6935\" width=\"527\" height=\"395\" \/><\/a><figcaption id=\"caption-attachment-4511\" class=\"wp-caption-text\">Carlos Chile, secretario de Organizaci\u00f3n de la CTA nacional<\/figcaption><\/figure>\n<figure id=\"attachment_4512\" aria-describedby=\"caption-attachment-4512\" style=\"width: 528px\" class=\"wp-caption aligncenter\"><a href=\"http:\/\/www.atecordoba.org\/wp-content\/uploads\/2014\/09\/IMG_6861.jpg\"><img loading=\"lazy\" decoding=\"async\" class=\"wp-image-4512\" src=\"http:\/\/www.atecordoba.org\/wp-content\/uploads\/2014\/09\/IMG_6861.jpg\" alt=\"IMG_6861\" width=\"528\" height=\"396\" \/><\/a><figcaption id=\"caption-attachment-4512\" class=\"wp-caption-text\">David Calderon, secretario Adjunto de la CTA Capital<\/figcaption><\/figure>\n<figure id=\"attachment_4513\" aria-describedby=\"caption-attachment-4513\" style=\"width: 539px\" class=\"wp-caption aligncenter\"><a href=\"http:\/\/www.atecordoba.org\/wp-content\/uploads\/2014\/09\/IMG_6840.jpg\"><img loading=\"lazy\" decoding=\"async\" class=\"wp-image-4513\" src=\"http:\/\/www.atecordoba.org\/wp-content\/uploads\/2014\/09\/IMG_6840.jpg\" alt=\"IMG_6840\" width=\"539\" height=\"404\" \/><\/a><figcaption id=\"caption-attachment-4513\" class=\"wp-caption-text\">Los compa\u00f1eros Victor Lecuona, Alejandro Charra y Daniel Pawluchuzk<\/figcaption><\/figure>\n<figure id=\"attachment_4514\" aria-describedby=\"caption-attachment-4514\" style=\"width: 548px\" class=\"wp-caption aligncenter\"><a href=\"http:\/\/www.atecordoba.org\/wp-content\/uploads\/2014\/09\/IMG_6850.jpg\"><img loading=\"lazy\" decoding=\"async\" class=\"wp-image-4514\" src=\"http:\/\/www.atecordoba.org\/wp-content\/uploads\/2014\/09\/IMG_6850.jpg\" alt=\"IMG_6850\" width=\"548\" height=\"411\" \/><\/a><figcaption id=\"caption-attachment-4514\" class=\"wp-caption-text\">Los compa\u00f1eros del Centro de Jubilados<\/figcaption><\/figure>\n<figure id=\"attachment_4515\" aria-describedby=\"caption-attachment-4515\" style=\"width: 554px\" class=\"wp-caption aligncenter\"><a href=\"http:\/\/www.atecordoba.org\/wp-content\/uploads\/2014\/09\/IMG_6838.jpg\"><img loading=\"lazy\" decoding=\"async\" class=\"wp-image-4515 \" src=\"http:\/\/www.atecordoba.org\/wp-content\/uploads\/2014\/09\/IMG_6838.jpg\" alt=\"IMG_6838\" width=\"554\" height=\"415\" \/><\/a><figcaption id=\"caption-attachment-4515\" class=\"wp-caption-text\">Compa\u00f1eros de R\u00edo Tercero<\/figcaption><\/figure>\n<figure id=\"attachment_4516\" aria-describedby=\"caption-attachment-4516\" style=\"width: 557px\" class=\"wp-caption aligncenter\"><a href=\"http:\/\/www.atecordoba.org\/wp-content\/uploads\/2014\/09\/IMG_6858.jpg\"><img loading=\"lazy\" decoding=\"async\" class=\"wp-image-4516 \" src=\"http:\/\/www.atecordoba.org\/wp-content\/uploads\/2014\/09\/IMG_6858.jpg\" alt=\"IMG_6858\" width=\"557\" height=\"418\" \/><\/a><figcaption id=\"caption-attachment-4516\" class=\"wp-caption-text\">Compa\u00f1eros del Sindicato de Peones de Taxis<\/figcaption><\/figure>\n<figure id=\"attachment_4507\" aria-describedby=\"caption-attachment-4507\" style=\"width: 560px\" class=\"wp-caption aligncenter\"><a href=\"http:\/\/www.atecordoba.org\/wp-content\/uploads\/2014\/09\/IMG_6888.jpg\"><img loading=\"lazy\" decoding=\"async\" class=\"wp-image-4507\" src=\"http:\/\/www.atecordoba.org\/wp-content\/uploads\/2014\/09\/IMG_6888.jpg\" alt=\"IMG_6888\" width=\"560\" height=\"420\" \/><\/a><figcaption id=\"caption-attachment-4507\" class=\"wp-caption-text\">La conducci\u00f3n provincial<\/figcaption><\/figure>\n<figure id=\"attachment_4517\" aria-describedby=\"caption-attachment-4517\" style=\"width: 564px\" class=\"wp-caption aligncenter\"><a href=\"http:\/\/www.atecordoba.org\/wp-content\/uploads\/2014\/09\/IMG_6898.jpg\"><img loading=\"lazy\" decoding=\"async\" class=\"wp-image-4517 \" src=\"http:\/\/www.atecordoba.org\/wp-content\/uploads\/2014\/09\/IMG_6898.jpg\" alt=\"IMG_6898\" width=\"564\" height=\"423\" \/><\/a><figcaption id=\"caption-attachment-4517\" class=\"wp-caption-text\">Raul Gomez, secretario Adjunto de la CTA Provincia<\/figcaption><\/figure>\n<figure id=\"attachment_4518\" aria-describedby=\"caption-attachment-4518\" style=\"width: 565px\" class=\"wp-caption aligncenter\"><a href=\"http:\/\/www.atecordoba.org\/wp-content\/uploads\/2014\/09\/IMG_6852.jpg\"><img loading=\"lazy\" decoding=\"async\" class=\"wp-image-4518 \" src=\"http:\/\/www.atecordoba.org\/wp-content\/uploads\/2014\/09\/IMG_6852.jpg\" alt=\"IMG_6852\" width=\"565\" height=\"424\" \/><\/a><figcaption id=\"caption-attachment-4518\" class=\"wp-caption-text\">Gigi Pati\u00f1o de la secretaria de Discapacidad<\/figcaption><\/figure>\n<figure id=\"attachment_4519\" aria-describedby=\"caption-attachment-4519\" style=\"width: 568px\" class=\"wp-caption aligncenter\"><a href=\"http:\/\/www.atecordoba.org\/wp-content\/uploads\/2014\/09\/IMG_6839.jpg\"><img loading=\"lazy\" decoding=\"async\" class=\"wp-image-4519 \" src=\"http:\/\/www.atecordoba.org\/wp-content\/uploads\/2014\/09\/IMG_6839.jpg\" alt=\"IMG_6839\" width=\"568\" height=\"426\" \/><\/a><figcaption id=\"caption-attachment-4519\" class=\"wp-caption-text\">Mar\u00eda Liliana Salerno y Mar\u00eda Teresa Romero, secretarias Administrativa y General de ATE C\u00f3rdoba<\/figcaption><\/figure>\n<p>&nbsp;<\/p>\n<p>&nbsp;<\/p>\n<p>&nbsp;<\/p>\n","protected":false},"excerpt":{"rendered":"<p>Con compa\u00f1eros que resultaron electos el 29 de mayo en las comisiones directivas de la Central para la Provincia y C\u00f3rdoba Capital tomaron sus cargos en un acto conjunto con gran fervor militante. El acto se realiz\u00f3 el 12 de septiembre en el Club Las Flores y conto con la presencia de compa\u00f1eros de las [&hellip;]<\/p>\n","protected":false},"author":1,"featured_media":19220,"comment_status":"open","ping_status":"open","sticky":false,"template":"","format":"standard","meta":{"_exactmetrics_skip_tracking":false,"_exactmetrics_sitenote_active":false,"_exactmetrics_sitenote_note":"","_exactmetrics_sitenote_category":0,"jnews-multi-image_gallery":[],"jnews_single_post":[],"jnews_primary_category":[],"jnews_social_meta":[],"jnews_review":[],"enable_review":"","type":"","name":"","summary":"","brand":"","sku":"","good":[],"bad":[],"score_override":"","override_value":"","rating":[],"price":[],"jnews_override_counter":[],"jnews_post_split":[],"footnotes":""},"categories":[92],"tags":[],"class_list":["post-4504","post","type-post","status-publish","format-standard","has-post-thumbnail","hentry","category-cta"],"jetpack_featured_media_url":"https:\/\/atecordoba.org\/wp-content\/uploads\/2020\/05\/logo-nuevochico-e1561581322808.png","_links":{"self":[{"href":"https:\/\/atecordoba.org\/index.php?rest_route=\/wp\/v2\/posts\/4504","targetHints":{"allow":["GET"]}}],"collection":[{"href":"https:\/\/atecordoba.org\/index.php?rest_route=\/wp\/v2\/posts"}],"about":[{"href":"https:\/\/atecordoba.org\/index.php?rest_route=\/wp\/v2\/types\/post"}],"author":[{"embeddable":true,"href":"https:\/\/atecordoba.org\/index.php?rest_route=\/wp\/v2\/users\/1"}],"replies":[{"embeddable":true,"href":"https:\/\/atecordoba.org\/index.php?rest_route=%2Fwp%2Fv2%2Fcomments&post=4504"}],"version-history":[{"count":0,"href":"https:\/\/atecordoba.org\/index.php?rest_route=\/wp\/v2\/posts\/4504\/revisions"}],"wp:featuredmedia":[{"embeddable":true,"href":"https:\/\/atecordoba.org\/index.php?rest_route=\/wp\/v2\/media\/19220"}],"wp:attachment":[{"href":"https:\/\/atecordoba.org\/index.php?rest_route=%2Fwp%2Fv2%2Fmedia&parent=4504"}],"wp:term":[{"taxonomy":"category","embeddable":true,"href":"https:\/\/atecordoba.org\/index.php?rest_route=%2Fwp%2Fv2%2Fcategories&post=4504"},{"taxonomy":"post_tag","embeddable":true,"href":"https:\/\/atecordoba.org\/index.php?rest_route=%2Fwp%2Fv2%2Ftags&post=4504"}],"curies":[{"name":"wp","href":"https:\/\/api.w.org\/{rel}","templated":true}]}}