{"id":4502,"date":"2014-09-17T20:54:54","date_gmt":"2014-09-17T23:54:54","guid":{"rendered":"http:\/\/www.atecordoba.org\/?p=4502"},"modified":"2014-09-17T20:54:54","modified_gmt":"2014-09-17T23:54:54","slug":"manana-se-realizaran-asambleas-por-40-despidos-en-el-hospital-de-ninos","status":"publish","type":"post","link":"https:\/\/atecordoba.org\/?p=4502","title":{"rendered":"Ma\u00f1ana se realizar\u00e1n asambleas por 40 despidos en el Hospital de Ni\u00f1os"},"content":{"rendered":"<p><em>En una reuni\u00f3n realizada hoy, el cuerpo de delegados provinciales de ATE resolvi\u00f3 iniciar asambleas en distintos sectores hospitalarios a los efectos de reclamar la urgente reincorporaci\u00f3n de los 40 compa\u00f1eros despedidos en el Hospital de Ni\u00f1os.<\/em><\/p>\n<p><a href=\"http:\/\/www.atecordoba.org\/wp-content\/uploads\/2014\/03\/1.png\"><img loading=\"lazy\" decoding=\"async\" class=\"aligncenter  wp-image-3956\" src=\"http:\/\/www.atecordoba.org\/wp-content\/uploads\/2014\/03\/1.png\" alt=\"1\" width=\"427\" height=\"320\" \/><\/a><\/p>\n<p>&nbsp;<\/p>\n<p>La serie de asambleas dar\u00e1 comienzo ma\u00f1ana en dos hospitales: el Materno Neonatal a las 10 horas y el de Ni\u00f1os a las 11, medida que resentir\u00e1 la atenci\u00f3n de los pacientes en ambos centros de salud. Vale se\u00f1alar que hasta el momento el Ministerio de Salud no dio se\u00f1ales concretas de revertir los despidos.<\/p>\n<p>Por otro lado, el cuerpo de delegados debati\u00f3 dar continuidad al plan de lucha para lograr la reapertura de las negociaciones salariales con el gobierno provincial con el objetivo de plantear una recomposici\u00f3n salarial que compense la p\u00e9rdida del poder adquisitivo de los trabajadores provinciales, producto de la escalada inflacionaria, a la vez que exigi\u00f3 el fin de la precarizaci\u00f3n laboral que se traduce en contratos a plazo y monotributos que constituyen un claro fraude laboral.<\/p>\n<p>La semana que viene se realizar\u00e1n recorridas en diversos sectores de la administraci\u00f3n p\u00fablica provincial y se profundizar\u00e1n los debates en el sector salud. Qued\u00f3 programada para el pr\u00f3ximo 24 de septiembre una nueva reuni\u00f3n del cuerpo de delegados para evaluar los pasos a seguir.<\/p>\n","protected":false},"excerpt":{"rendered":"<p>En una reuni\u00f3n realizada hoy, el cuerpo de delegados provinciales de ATE resolvi\u00f3 iniciar asambleas en distintos sectores hospitalarios a los efectos de reclamar la urgente reincorporaci\u00f3n de los 40 compa\u00f1eros despedidos en el Hospital de Ni\u00f1os. &nbsp; La serie de asambleas dar\u00e1 comienzo ma\u00f1ana en dos hospitales: el Materno Neonatal a las 10 horas [&hellip;]<\/p>\n","protected":false},"author":1,"featured_media":19220,"comment_status":"open","ping_status":"open","sticky":false,"template":"","format":"standard","meta":{"_exactmetrics_skip_tracking":false,"_exactmetrics_sitenote_active":false,"_exactmetrics_sitenote_note":"","_exactmetrics_sitenote_category":0,"jnews-multi-image_gallery":[],"jnews_single_post":[],"jnews_primary_category":[],"jnews_social_meta":[],"jnews_review":[],"enable_review":"","type":"","name":"","summary":"","brand":"","sku":"","good":[],"bad":[],"score_override":"","override_value":"","rating":[],"price":[],"jnews_override_counter":[],"jnews_post_split":[],"footnotes":""},"categories":[7,8],"tags":[],"class_list":["post-4502","post","type-post","status-publish","format-standard","has-post-thumbnail","hentry","category-hospitales","category-provinciales"],"jetpack_featured_media_url":"https:\/\/atecordoba.org\/wp-content\/uploads\/2020\/05\/logo-nuevochico-e1561581322808.png","_links":{"self":[{"href":"https:\/\/atecordoba.org\/index.php?rest_route=\/wp\/v2\/posts\/4502","targetHints":{"allow":["GET"]}}],"collection":[{"href":"https:\/\/atecordoba.org\/index.php?rest_route=\/wp\/v2\/posts"}],"about":[{"href":"https:\/\/atecordoba.org\/index.php?rest_route=\/wp\/v2\/types\/post"}],"author":[{"embeddable":true,"href":"https:\/\/atecordoba.org\/index.php?rest_route=\/wp\/v2\/users\/1"}],"replies":[{"embeddable":true,"href":"https:\/\/atecordoba.org\/index.php?rest_route=%2Fwp%2Fv2%2Fcomments&post=4502"}],"version-history":[{"count":0,"href":"https:\/\/atecordoba.org\/index.php?rest_route=\/wp\/v2\/posts\/4502\/revisions"}],"wp:featuredmedia":[{"embeddable":true,"href":"https:\/\/atecordoba.org\/index.php?rest_route=\/wp\/v2\/media\/19220"}],"wp:attachment":[{"href":"https:\/\/atecordoba.org\/index.php?rest_route=%2Fwp%2Fv2%2Fmedia&parent=4502"}],"wp:term":[{"taxonomy":"category","embeddable":true,"href":"https:\/\/atecordoba.org\/index.php?rest_route=%2Fwp%2Fv2%2Fcategories&post=4502"},{"taxonomy":"post_tag","embeddable":true,"href":"https:\/\/atecordoba.org\/index.php?rest_route=%2Fwp%2Fv2%2Ftags&post=4502"}],"curies":[{"name":"wp","href":"https:\/\/api.w.org\/{rel}","templated":true}]}}