{"id":45018,"date":"2024-08-07T15:23:32","date_gmt":"2024-08-07T18:23:32","guid":{"rendered":"https:\/\/atecordoba.org\/?p=45018"},"modified":"2024-08-07T15:23:32","modified_gmt":"2024-08-07T18:23:32","slug":"ate-y-ctaa-presentes-en-el-feriazo-y-la-concentracion-por-el-dia-de-san-cayetano","status":"publish","type":"post","link":"https:\/\/atecordoba.org\/?p=45018","title":{"rendered":"ATE y CTAA, presentes en el feriazo y la concentraci\u00f3n por el D\u00eda de San Cayetano"},"content":{"rendered":"<p>La convocatoria se llev\u00f3 adelante frente al Patio Olmos con gran participaci\u00f3n de organizaciones, bajo la consigna &#8220;Paz, Pan, Techo y Trabajo&#8221;.<\/p>\n<p><img loading=\"lazy\" decoding=\"async\" class=\"aligncenter wp-image-45019 \" src=\"https:\/\/atecordoba.org\/wp-content\/uploads\/2024\/08\/IMG-20240807-WA0261-1024x578.jpg\" alt=\"\" width=\"603\" height=\"340\" srcset=\"https:\/\/atecordoba.org\/wp-content\/uploads\/2024\/08\/IMG-20240807-WA0261-1024x578.jpg 1024w, https:\/\/atecordoba.org\/wp-content\/uploads\/2024\/08\/IMG-20240807-WA0261-300x169.jpg 300w, https:\/\/atecordoba.org\/wp-content\/uploads\/2024\/08\/IMG-20240807-WA0261-768x434.jpg 768w, https:\/\/atecordoba.org\/wp-content\/uploads\/2024\/08\/IMG-20240807-WA0261-1536x867.jpg 1536w, https:\/\/atecordoba.org\/wp-content\/uploads\/2024\/08\/IMG-20240807-WA0261-2048x1156.jpg 2048w, https:\/\/atecordoba.org\/wp-content\/uploads\/2024\/08\/IMG-20240807-WA0261-750x423.jpg 750w, https:\/\/atecordoba.org\/wp-content\/uploads\/2024\/08\/IMG-20240807-WA0261-1140x643.jpg 1140w\" sizes=\"auto, (max-width: 603px) 100vw, 603px\" \/><\/p>\n<p>Con gran participaci\u00f3n de organizaciones sindicales, sociales, culturales, pol\u00edticas y ambientales se desarroll\u00f3 hoy la Jornada de Protesta por Pan, Paz, Techo y Trabajo, convocada en el marco de la celebraci\u00f3n del D\u00eda de San Cayetano, patrono de las y los trabajadores.<\/p>\n<p>ATE C\u00f3rdoba y la CTA Aut\u00f3noma estuvieron presentes, encabezadas por nuestro secretario General, Federico Giuliani, ganando la calle y construyendo unidad para profundizar el plan de lucha que nuestras organizaciones vienen poniendo en pr\u00e1ctica desde el comienzo del Gobierno de Javier Milei.<\/p>\n<p><img loading=\"lazy\" decoding=\"async\" class=\"aligncenter wp-image-45020 \" src=\"https:\/\/atecordoba.org\/wp-content\/uploads\/2024\/08\/Imagen-de-WhatsApp-2024-08-07-a-las-15.06.58_61b3d6ce-1024x578.jpg\" alt=\"\" width=\"601\" height=\"339\" srcset=\"https:\/\/atecordoba.org\/wp-content\/uploads\/2024\/08\/Imagen-de-WhatsApp-2024-08-07-a-las-15.06.58_61b3d6ce-1024x578.jpg 1024w, https:\/\/atecordoba.org\/wp-content\/uploads\/2024\/08\/Imagen-de-WhatsApp-2024-08-07-a-las-15.06.58_61b3d6ce-300x169.jpg 300w, https:\/\/atecordoba.org\/wp-content\/uploads\/2024\/08\/Imagen-de-WhatsApp-2024-08-07-a-las-15.06.58_61b3d6ce-768x433.jpg 768w, https:\/\/atecordoba.org\/wp-content\/uploads\/2024\/08\/Imagen-de-WhatsApp-2024-08-07-a-las-15.06.58_61b3d6ce-1536x867.jpg 1536w, https:\/\/atecordoba.org\/wp-content\/uploads\/2024\/08\/Imagen-de-WhatsApp-2024-08-07-a-las-15.06.58_61b3d6ce-750x423.jpg 750w, https:\/\/atecordoba.org\/wp-content\/uploads\/2024\/08\/Imagen-de-WhatsApp-2024-08-07-a-las-15.06.58_61b3d6ce-1140x643.jpg 1140w, https:\/\/atecordoba.org\/wp-content\/uploads\/2024\/08\/Imagen-de-WhatsApp-2024-08-07-a-las-15.06.58_61b3d6ce.jpg 1600w\" sizes=\"auto, (max-width: 601px) 100vw, 601px\" \/><\/p>\n<p>&#8220;Este d\u00eda que pasa de ser una ceremonia de las comunidades cristianas a una jornada nacional de protesta frente a un gobierno negacionista de los DDHH, que visita a los genocidas presos y est\u00e1n yendo permanentemente en contra del pueblo trabajador&#8221;, afirm\u00f3 Giuliani durante la actividad, que se desarroll\u00f3 en frente al Patio Olmos.<\/p>\n<p><img loading=\"lazy\" decoding=\"async\" class=\"aligncenter wp-image-45021 \" src=\"https:\/\/atecordoba.org\/wp-content\/uploads\/2024\/08\/Imagen-de-WhatsApp-2024-08-07-a-las-13.03.56_7c7d7a73-1024x768.jpg\" alt=\"\" width=\"603\" height=\"453\" srcset=\"https:\/\/atecordoba.org\/wp-content\/uploads\/2024\/08\/Imagen-de-WhatsApp-2024-08-07-a-las-13.03.56_7c7d7a73-1024x768.jpg 1024w, https:\/\/atecordoba.org\/wp-content\/uploads\/2024\/08\/Imagen-de-WhatsApp-2024-08-07-a-las-13.03.56_7c7d7a73-300x225.jpg 300w, https:\/\/atecordoba.org\/wp-content\/uploads\/2024\/08\/Imagen-de-WhatsApp-2024-08-07-a-las-13.03.56_7c7d7a73-768x576.jpg 768w, https:\/\/atecordoba.org\/wp-content\/uploads\/2024\/08\/Imagen-de-WhatsApp-2024-08-07-a-las-13.03.56_7c7d7a73-1536x1152.jpg 1536w, https:\/\/atecordoba.org\/wp-content\/uploads\/2024\/08\/Imagen-de-WhatsApp-2024-08-07-a-las-13.03.56_7c7d7a73-2048x1536.jpg 2048w, https:\/\/atecordoba.org\/wp-content\/uploads\/2024\/08\/Imagen-de-WhatsApp-2024-08-07-a-las-13.03.56_7c7d7a73-750x563.jpg 750w, https:\/\/atecordoba.org\/wp-content\/uploads\/2024\/08\/Imagen-de-WhatsApp-2024-08-07-a-las-13.03.56_7c7d7a73-1140x855.jpg 1140w\" sizes=\"auto, (max-width: 603px) 100vw, 603px\" \/><\/p>\n<p>El dirigente remarc\u00f3 que &#8220;para nosotros es una oportunidad de volver a ganar la calle y poner en agenda de los grandes medios de comunicaci\u00f3n y del Gobierno que los trabajadores nos negamos a ser la variable de ajuste y que la unidad del conjunto del campo popular va a llevar adelante la salida del gobierno del poder institucional m\u00e1s temprano que tarde&#8221;.<\/p>\n<p><img loading=\"lazy\" decoding=\"async\" class=\"aligncenter wp-image-45022 \" src=\"https:\/\/atecordoba.org\/wp-content\/uploads\/2024\/08\/Imagen-de-WhatsApp-2024-08-07-a-las-13.01.53_1d11906f-1024x578.jpg\" alt=\"\" width=\"603\" height=\"340\" srcset=\"https:\/\/atecordoba.org\/wp-content\/uploads\/2024\/08\/Imagen-de-WhatsApp-2024-08-07-a-las-13.01.53_1d11906f-1024x578.jpg 1024w, https:\/\/atecordoba.org\/wp-content\/uploads\/2024\/08\/Imagen-de-WhatsApp-2024-08-07-a-las-13.01.53_1d11906f-300x169.jpg 300w, https:\/\/atecordoba.org\/wp-content\/uploads\/2024\/08\/Imagen-de-WhatsApp-2024-08-07-a-las-13.01.53_1d11906f-768x434.jpg 768w, https:\/\/atecordoba.org\/wp-content\/uploads\/2024\/08\/Imagen-de-WhatsApp-2024-08-07-a-las-13.01.53_1d11906f-1536x867.jpg 1536w, https:\/\/atecordoba.org\/wp-content\/uploads\/2024\/08\/Imagen-de-WhatsApp-2024-08-07-a-las-13.01.53_1d11906f-2048x1156.jpg 2048w, https:\/\/atecordoba.org\/wp-content\/uploads\/2024\/08\/Imagen-de-WhatsApp-2024-08-07-a-las-13.01.53_1d11906f-750x423.jpg 750w, https:\/\/atecordoba.org\/wp-content\/uploads\/2024\/08\/Imagen-de-WhatsApp-2024-08-07-a-las-13.01.53_1d11906f-1140x643.jpg 1140w\" sizes=\"auto, (max-width: 603px) 100vw, 603px\" \/><\/p>\n<p>Y agreg\u00f3: &#8220;en esta jornada hay que destacar que las organizaciones tuvimos la capacidad y creatividad para llevar adelante una feria muy hermosa, mostrando que las y los compa\u00f1eros no solo quieren un plan sino que quieren trabajo genuino y ah\u00ed estuvieron mostrando sus productos y demostrando que al econom\u00eda popular es un motor para el consumo interno&#8221;.<\/p>\n<p><img loading=\"lazy\" decoding=\"async\" class=\"aligncenter wp-image-45023 \" src=\"https:\/\/atecordoba.org\/wp-content\/uploads\/2024\/08\/IMG-20240807-WA0239-scaled.jpg\" alt=\"\" width=\"603\" height=\"453\" srcset=\"https:\/\/atecordoba.org\/wp-content\/uploads\/2024\/08\/IMG-20240807-WA0239-scaled.jpg 2560w, https:\/\/atecordoba.org\/wp-content\/uploads\/2024\/08\/IMG-20240807-WA0239-300x225.jpg 300w, https:\/\/atecordoba.org\/wp-content\/uploads\/2024\/08\/IMG-20240807-WA0239-1024x768.jpg 1024w, https:\/\/atecordoba.org\/wp-content\/uploads\/2024\/08\/IMG-20240807-WA0239-768x576.jpg 768w, https:\/\/atecordoba.org\/wp-content\/uploads\/2024\/08\/IMG-20240807-WA0239-1536x1152.jpg 1536w, https:\/\/atecordoba.org\/wp-content\/uploads\/2024\/08\/IMG-20240807-WA0239-2048x1536.jpg 2048w, https:\/\/atecordoba.org\/wp-content\/uploads\/2024\/08\/IMG-20240807-WA0239-750x563.jpg 750w, https:\/\/atecordoba.org\/wp-content\/uploads\/2024\/08\/IMG-20240807-WA0239-1140x855.jpg 1140w\" sizes=\"auto, (max-width: 603px) 100vw, 603px\" \/><\/p>\n<p>Con esta actividad se recuper\u00f3 una consigna hist\u00f3rica de hizo famosa el referente de la lucha gremial contra la dictadura Sa\u00fal Ubaldini en 1982. &#8220;Estamos construyendo la m\u00e1s amplia unidad del movimiento obrero, no solo los ocupados del sector p\u00fablico y privado sino tambi\u00e9n con los desocupados, los jubilados y las jubiladas que permanentemente nos muestran el norte de la lucha&#8221;, dijo Giuliani.<\/p>\n<p><img loading=\"lazy\" decoding=\"async\" class=\"aligncenter wp-image-45024 \" src=\"https:\/\/atecordoba.org\/wp-content\/uploads\/2024\/08\/IMG-20240807-WA0242-1024x576.jpg\" alt=\"\" width=\"601\" height=\"338\" srcset=\"https:\/\/atecordoba.org\/wp-content\/uploads\/2024\/08\/IMG-20240807-WA0242-1024x576.jpg 1024w, https:\/\/atecordoba.org\/wp-content\/uploads\/2024\/08\/IMG-20240807-WA0242-300x169.jpg 300w, https:\/\/atecordoba.org\/wp-content\/uploads\/2024\/08\/IMG-20240807-WA0242-768x432.jpg 768w, https:\/\/atecordoba.org\/wp-content\/uploads\/2024\/08\/IMG-20240807-WA0242-1536x864.jpg 1536w, https:\/\/atecordoba.org\/wp-content\/uploads\/2024\/08\/IMG-20240807-WA0242-2048x1153.jpg 2048w, https:\/\/atecordoba.org\/wp-content\/uploads\/2024\/08\/IMG-20240807-WA0242-750x422.jpg 750w, https:\/\/atecordoba.org\/wp-content\/uploads\/2024\/08\/IMG-20240807-WA0242-1140x642.jpg 1140w\" sizes=\"auto, (max-width: 601px) 100vw, 601px\" \/><\/p>\n<p>El dirigente finaliz\u00f3 asegurando que &#8220;frente a este gobierno hoy est\u00e1 claro quien es el enemigo y no hay excusas para no estar dando la pelea. Ellos pueden tener poder, los medios de comunicaci\u00f3n, pero no tienen lo nuestro: organizaci\u00f3n, dignidad y, sobre todo, el coraje y la valent\u00eda para estar todos los d\u00edas en los territorios buscando la manera de darle respuestas a nuestra gente. Por eso le enviamos un fuerte abrazo a las y los compa\u00f1eros que en los merenderos la pelea en cada barrio de C\u00f3rdoba. Podemos ganar, perder o empatar pero vamos a volver a nuestra casa y podemos mirar a la familia a los ojos, sabiendo que lo dimos todo por una patria justa, libre y soberana. Hoy como en 1810 y 1816 la discusi\u00f3n sigue siendo liberaci\u00f3n o dependencia, naci\u00f3n o imperio, patria o colonia. Vamos a construir un movimiento obrero unificado antiimperialista, clasista y combativo que d\u00e9 vuelta la tortilla hasta que se vaya Milei&#8221;.<\/p>\n<div id='gallery_1' class='gallery galleryid-45018 gallery-columns-3 gallery-size-thumbnail'><figure class='gallery-item'>\n                <div class='gallery-icon portrait'>\n                    <a href='https:\/\/atecordoba.org\/wp-content\/uploads\/2024\/08\/IMG-20240807-WA0249-scaled.jpg'><img loading=\"lazy\" decoding=\"async\" width=\"150\" height=\"150\" src=\"\" class=\"attachment-thumbnail size-thumbnail lazyload\" alt=\"\" data-src=\"https:\/\/atecordoba.org\/wp-content\/uploads\/2024\/08\/IMG-20240807-WA0249-150x150.jpg\" data-sizes=\"auto\" data-srcset=\"https:\/\/atecordoba.org\/wp-content\/uploads\/2024\/08\/IMG-20240807-WA0249-150x150.jpg 150w, https:\/\/atecordoba.org\/wp-content\/uploads\/2024\/08\/IMG-20240807-WA0249-560x560.jpg 560w, https:\/\/atecordoba.org\/wp-content\/uploads\/2024\/08\/IMG-20240807-WA0249-75x75.jpg 75w, https:\/\/atecordoba.org\/wp-content\/uploads\/2024\/08\/IMG-20240807-WA0249-350x350.jpg 350w\" data-expand=\"700\" \/><\/a>\n                <\/div><\/figure><figure class='gallery-item'>\n                <div class='gallery-icon portrait'>\n                    <a href='https:\/\/atecordoba.org\/wp-content\/uploads\/2024\/08\/Imagen-de-WhatsApp-2024-08-07-a-las-11.07.45_a6cdcb09-scaled.jpg'><img loading=\"lazy\" decoding=\"async\" width=\"150\" height=\"150\" src=\"\" class=\"attachment-thumbnail size-thumbnail lazyload\" alt=\"\" data-src=\"https:\/\/atecordoba.org\/wp-content\/uploads\/2024\/08\/Imagen-de-WhatsApp-2024-08-07-a-las-11.07.45_a6cdcb09-150x150.jpg\" data-sizes=\"auto\" data-srcset=\"https:\/\/atecordoba.org\/wp-content\/uploads\/2024\/08\/Imagen-de-WhatsApp-2024-08-07-a-las-11.07.45_a6cdcb09-150x150.jpg 150w, https:\/\/atecordoba.org\/wp-content\/uploads\/2024\/08\/Imagen-de-WhatsApp-2024-08-07-a-las-11.07.45_a6cdcb09-560x560.jpg 560w, https:\/\/atecordoba.org\/wp-content\/uploads\/2024\/08\/Imagen-de-WhatsApp-2024-08-07-a-las-11.07.45_a6cdcb09-75x75.jpg 75w, https:\/\/atecordoba.org\/wp-content\/uploads\/2024\/08\/Imagen-de-WhatsApp-2024-08-07-a-las-11.07.45_a6cdcb09-350x350.jpg 350w\" data-expand=\"700\" \/><\/a>\n                <\/div><\/figure><figure class='gallery-item'>\n                <div class='gallery-icon portrait'>\n                    <a href='https:\/\/atecordoba.org\/wp-content\/uploads\/2024\/08\/Imagen-de-WhatsApp-2024-08-07-a-las-11.48.13_9a134e69-scaled.jpg'><img loading=\"lazy\" decoding=\"async\" width=\"150\" height=\"150\" src=\"\" class=\"attachment-thumbnail size-thumbnail lazyload\" alt=\"\" data-src=\"https:\/\/atecordoba.org\/wp-content\/uploads\/2024\/08\/Imagen-de-WhatsApp-2024-08-07-a-las-11.48.13_9a134e69-150x150.jpg\" data-sizes=\"auto\" data-srcset=\"https:\/\/atecordoba.org\/wp-content\/uploads\/2024\/08\/Imagen-de-WhatsApp-2024-08-07-a-las-11.48.13_9a134e69-150x150.jpg 150w, https:\/\/atecordoba.org\/wp-content\/uploads\/2024\/08\/Imagen-de-WhatsApp-2024-08-07-a-las-11.48.13_9a134e69-560x560.jpg 560w, https:\/\/atecordoba.org\/wp-content\/uploads\/2024\/08\/Imagen-de-WhatsApp-2024-08-07-a-las-11.48.13_9a134e69-75x75.jpg 75w, https:\/\/atecordoba.org\/wp-content\/uploads\/2024\/08\/Imagen-de-WhatsApp-2024-08-07-a-las-11.48.13_9a134e69-350x350.jpg 350w\" data-expand=\"700\" \/><\/a>\n                <\/div><\/figure><br style=\"clear: both\" \/><figure class='gallery-item'>\n                <div class='gallery-icon portrait'>\n                    <a href='https:\/\/atecordoba.org\/wp-content\/uploads\/2024\/08\/Imagen-de-WhatsApp-2024-08-07-a-las-11.48.13_6917c2ad-scaled.jpg'><img loading=\"lazy\" decoding=\"async\" width=\"150\" height=\"150\" src=\"\" class=\"attachment-thumbnail size-thumbnail lazyload\" alt=\"\" data-src=\"https:\/\/atecordoba.org\/wp-content\/uploads\/2024\/08\/Imagen-de-WhatsApp-2024-08-07-a-las-11.48.13_6917c2ad-150x150.jpg\" data-sizes=\"auto\" data-srcset=\"https:\/\/atecordoba.org\/wp-content\/uploads\/2024\/08\/Imagen-de-WhatsApp-2024-08-07-a-las-11.48.13_6917c2ad-150x150.jpg 150w, https:\/\/atecordoba.org\/wp-content\/uploads\/2024\/08\/Imagen-de-WhatsApp-2024-08-07-a-las-11.48.13_6917c2ad-560x560.jpg 560w, https:\/\/atecordoba.org\/wp-content\/uploads\/2024\/08\/Imagen-de-WhatsApp-2024-08-07-a-las-11.48.13_6917c2ad-75x75.jpg 75w, https:\/\/atecordoba.org\/wp-content\/uploads\/2024\/08\/Imagen-de-WhatsApp-2024-08-07-a-las-11.48.13_6917c2ad-350x350.jpg 350w\" data-expand=\"700\" \/><\/a>\n                <\/div><\/figure><figure class='gallery-item'>\n                <div class='gallery-icon portrait'>\n                    <a href='https:\/\/atecordoba.org\/wp-content\/uploads\/2024\/08\/IMG-20240807-WA0222-scaled.jpg'><img loading=\"lazy\" decoding=\"async\" width=\"150\" height=\"150\" src=\"\" class=\"attachment-thumbnail size-thumbnail lazyload\" alt=\"\" data-src=\"https:\/\/atecordoba.org\/wp-content\/uploads\/2024\/08\/IMG-20240807-WA0222-150x150.jpg\" data-sizes=\"auto\" data-srcset=\"https:\/\/atecordoba.org\/wp-content\/uploads\/2024\/08\/IMG-20240807-WA0222-150x150.jpg 150w, https:\/\/atecordoba.org\/wp-content\/uploads\/2024\/08\/IMG-20240807-WA0222-560x560.jpg 560w, https:\/\/atecordoba.org\/wp-content\/uploads\/2024\/08\/IMG-20240807-WA0222-75x75.jpg 75w, https:\/\/atecordoba.org\/wp-content\/uploads\/2024\/08\/IMG-20240807-WA0222-350x350.jpg 350w\" data-expand=\"700\" \/><\/a>\n                <\/div><\/figure><figure class='gallery-item'>\n                <div class='gallery-icon portrait'>\n                    <a href='https:\/\/atecordoba.org\/wp-content\/uploads\/2024\/08\/IMG-20240807-WA0223-scaled.jpg'><img loading=\"lazy\" decoding=\"async\" width=\"150\" height=\"150\" src=\"\" class=\"attachment-thumbnail size-thumbnail lazyload\" alt=\"\" data-src=\"https:\/\/atecordoba.org\/wp-content\/uploads\/2024\/08\/IMG-20240807-WA0223-150x150.jpg\" data-sizes=\"auto\" data-srcset=\"https:\/\/atecordoba.org\/wp-content\/uploads\/2024\/08\/IMG-20240807-WA0223-150x150.jpg 150w, https:\/\/atecordoba.org\/wp-content\/uploads\/2024\/08\/IMG-20240807-WA0223-560x560.jpg 560w, https:\/\/atecordoba.org\/wp-content\/uploads\/2024\/08\/IMG-20240807-WA0223-75x75.jpg 75w, https:\/\/atecordoba.org\/wp-content\/uploads\/2024\/08\/IMG-20240807-WA0223-350x350.jpg 350w\" data-expand=\"700\" \/><\/a>\n                <\/div><\/figure><br style=\"clear: both\" \/><figure class='gallery-item'>\n                <div class='gallery-icon portrait'>\n                    <a href='https:\/\/atecordoba.org\/wp-content\/uploads\/2024\/08\/IMG-20240807-WA0224-scaled.jpg'><img loading=\"lazy\" decoding=\"async\" width=\"150\" height=\"150\" src=\"\" class=\"attachment-thumbnail size-thumbnail lazyload\" alt=\"\" data-src=\"https:\/\/atecordoba.org\/wp-content\/uploads\/2024\/08\/IMG-20240807-WA0224-150x150.jpg\" data-sizes=\"auto\" data-srcset=\"https:\/\/atecordoba.org\/wp-content\/uploads\/2024\/08\/IMG-20240807-WA0224-150x150.jpg 150w, https:\/\/atecordoba.org\/wp-content\/uploads\/2024\/08\/IMG-20240807-WA0224-560x560.jpg 560w, https:\/\/atecordoba.org\/wp-content\/uploads\/2024\/08\/IMG-20240807-WA0224-75x75.jpg 75w, https:\/\/atecordoba.org\/wp-content\/uploads\/2024\/08\/IMG-20240807-WA0224-350x350.jpg 350w\" data-expand=\"700\" \/><\/a>\n                <\/div><\/figure><figure class='gallery-item'>\n                <div class='gallery-icon portrait'>\n                    <a href='https:\/\/atecordoba.org\/wp-content\/uploads\/2024\/08\/IMG-20240807-WA0230-scaled.jpg'><img loading=\"lazy\" decoding=\"async\" width=\"150\" height=\"150\" src=\"\" class=\"attachment-thumbnail size-thumbnail lazyload\" alt=\"\" data-src=\"https:\/\/atecordoba.org\/wp-content\/uploads\/2024\/08\/IMG-20240807-WA0230-150x150.jpg\" data-sizes=\"auto\" data-srcset=\"https:\/\/atecordoba.org\/wp-content\/uploads\/2024\/08\/IMG-20240807-WA0230-150x150.jpg 150w, https:\/\/atecordoba.org\/wp-content\/uploads\/2024\/08\/IMG-20240807-WA0230-560x560.jpg 560w, https:\/\/atecordoba.org\/wp-content\/uploads\/2024\/08\/IMG-20240807-WA0230-75x75.jpg 75w, https:\/\/atecordoba.org\/wp-content\/uploads\/2024\/08\/IMG-20240807-WA0230-350x350.jpg 350w\" data-expand=\"700\" \/><\/a>\n                <\/div><\/figure><figure class='gallery-item'>\n                <div class='gallery-icon portrait'>\n                    <a href='https:\/\/atecordoba.org\/wp-content\/uploads\/2024\/08\/IMG-20240807-WA0245-scaled.jpg'><img loading=\"lazy\" decoding=\"async\" width=\"150\" height=\"150\" src=\"\" class=\"attachment-thumbnail size-thumbnail lazyload\" alt=\"\" data-src=\"https:\/\/atecordoba.org\/wp-content\/uploads\/2024\/08\/IMG-20240807-WA0245-150x150.jpg\" data-sizes=\"auto\" data-srcset=\"https:\/\/atecordoba.org\/wp-content\/uploads\/2024\/08\/IMG-20240807-WA0245-150x150.jpg 150w, https:\/\/atecordoba.org\/wp-content\/uploads\/2024\/08\/IMG-20240807-WA0245-560x560.jpg 560w, https:\/\/atecordoba.org\/wp-content\/uploads\/2024\/08\/IMG-20240807-WA0245-75x75.jpg 75w, https:\/\/atecordoba.org\/wp-content\/uploads\/2024\/08\/IMG-20240807-WA0245-350x350.jpg 350w\" data-expand=\"700\" \/><\/a>\n                <\/div><\/figure><br style=\"clear: both\" \/>\n            <\/div>\n\n","protected":false},"excerpt":{"rendered":"<p>La convocatoria se llev\u00f3 adelante frente al Patio Olmos con gran participaci\u00f3n de organizaciones, bajo la consigna &#8220;Paz, Pan, Techo y Trabajo&#8221;. Con gran participaci\u00f3n de organizaciones sindicales, sociales, culturales, pol\u00edticas y ambientales se desarroll\u00f3 hoy la Jornada de Protesta por Pan, Paz, Techo y Trabajo, convocada en el marco de la celebraci\u00f3n del D\u00eda [&hellip;]<\/p>\n","protected":false},"author":7,"featured_media":45038,"comment_status":"open","ping_status":"open","sticky":false,"template":"","format":"standard","meta":{"_exactmetrics_skip_tracking":false,"_exactmetrics_sitenote_active":false,"_exactmetrics_sitenote_note":"","_exactmetrics_sitenote_category":0,"jnews-multi-image_gallery":[],"jnews_single_post":{"format":"standard","override":[{"template":"1","parallax":"1","fullscreen":"1","layout":"no-sidebar-narrow","sidebar":"default-sidebar","second_sidebar":"default-sidebar","sticky_sidebar":"1","share_position":"bottom","share_float_style":"share-monocrhome","show_share_counter":"1","show_view_counter":"1","show_post_meta":"1","show_post_author_image":"1","show_post_date":"1","post_date_format":"default","post_date_format_custom":"Y\/m\/d","show_post_category":"1","show_post_reading_time":"0","post_reading_time_wpm":"300","post_calculate_word_method":"str_word_count","show_zoom_button":"0","zoom_button_out_step":"2","zoom_button_in_step":"3","show_post_tag":"1","number_popup_post":"1","show_post_related":"1","show_inline_post_related":"0"}],"image_override":[{"single_post_thumbnail_size":"crop-500","single_post_gallery_size":"crop-500"}],"trending_post_position":"meta","trending_post_label":"Trending","sponsored_post_label":"Sponsored by","disable_ad":"0"},"jnews_primary_category":[],"jnews_social_meta":[],"jnews_review":[],"enable_review":"","type":"percentage","name":"","summary":"","brand":"","sku":"","good":[],"bad":[],"score_override":"","override_value":"","rating":[],"price":[],"jnews_override_counter":{"view_counter_number":"0","share_counter_number":"0","like_counter_number":"0","dislike_counter_number":"0"},"jnews_post_split":{"post_split":[{"template":"1","tag":"h2","numbering":"asc","mode":"normal","first":"0","enable_toc":"0","toc_type":"normal"}]},"footnotes":""},"categories":[341,92],"tags":[395,480,352,1334],"class_list":["post-45018","post","type-post","status-publish","format-standard","has-post-thumbnail","hentry","category-cdp","category-cta","tag-ate-cordoba","tag-ctaa","tag-jornada-de-lucha","tag-san-cayetano"],"jetpack_featured_media_url":"https:\/\/atecordoba.org\/wp-content\/uploads\/2024\/08\/Imagen-de-WhatsApp-2024-08-07-a-las-15.12.07_73924f08-scaled-e1723054995577.jpg","_links":{"self":[{"href":"https:\/\/atecordoba.org\/index.php?rest_route=\/wp\/v2\/posts\/45018","targetHints":{"allow":["GET"]}}],"collection":[{"href":"https:\/\/atecordoba.org\/index.php?rest_route=\/wp\/v2\/posts"}],"about":[{"href":"https:\/\/atecordoba.org\/index.php?rest_route=\/wp\/v2\/types\/post"}],"author":[{"embeddable":true,"href":"https:\/\/atecordoba.org\/index.php?rest_route=\/wp\/v2\/users\/7"}],"replies":[{"embeddable":true,"href":"https:\/\/atecordoba.org\/index.php?rest_route=%2Fwp%2Fv2%2Fcomments&post=45018"}],"version-history":[{"count":1,"href":"https:\/\/atecordoba.org\/index.php?rest_route=\/wp\/v2\/posts\/45018\/revisions"}],"predecessor-version":[{"id":45039,"href":"https:\/\/atecordoba.org\/index.php?rest_route=\/wp\/v2\/posts\/45018\/revisions\/45039"}],"wp:featuredmedia":[{"embeddable":true,"href":"https:\/\/atecordoba.org\/index.php?rest_route=\/wp\/v2\/media\/45038"}],"wp:attachment":[{"href":"https:\/\/atecordoba.org\/index.php?rest_route=%2Fwp%2Fv2%2Fmedia&parent=45018"}],"wp:term":[{"taxonomy":"category","embeddable":true,"href":"https:\/\/atecordoba.org\/index.php?rest_route=%2Fwp%2Fv2%2Fcategories&post=45018"},{"taxonomy":"post_tag","embeddable":true,"href":"https:\/\/atecordoba.org\/index.php?rest_route=%2Fwp%2Fv2%2Ftags&post=45018"}],"curies":[{"name":"wp","href":"https:\/\/api.w.org\/{rel}","templated":true}]}}