{"id":45010,"date":"2024-08-07T10:59:32","date_gmt":"2024-08-07T13:59:32","guid":{"rendered":"https:\/\/atecordoba.org\/?p=45010"},"modified":"2024-08-07T11:01:59","modified_gmt":"2024-08-07T14:01:59","slug":"criminalizacion-de-la-protesta-la-central-sindical-espanola-uso-se-solidarizo-con-giuliani-y-fustigo-la-persecucion-de-la-justicia-cordobesa","status":"publish","type":"post","link":"https:\/\/atecordoba.org\/?p=45010","title":{"rendered":"Criminalizaci\u00f3n de la protesta: la central sindical espa\u00f1ola USO se solidariz\u00f3 con Giuliani y fustig\u00f3 a la Justicia cordobesa"},"content":{"rendered":"<p>La persecuci\u00f3n pol\u00edtica y judicial contra nuestro secretario General, Federico Giuliani, viene trascendiendo las fronteras y gener\u00f3 la solidaridad de la central sindical espa\u00f1ola <strong>Uni\u00f3n Sindical Obrera (USO).<\/strong><\/p>\n<p><img loading=\"lazy\" decoding=\"async\" class=\"aligncenter wp-image-45011 \" src=\"https:\/\/atecordoba.org\/wp-content\/uploads\/2024\/08\/sindicato-uso-reunion-ate-cordoba-argentina.png\" alt=\"\" width=\"603\" height=\"282\" srcset=\"https:\/\/atecordoba.org\/wp-content\/uploads\/2024\/08\/sindicato-uso-reunion-ate-cordoba-argentina.png 875w, https:\/\/atecordoba.org\/wp-content\/uploads\/2024\/08\/sindicato-uso-reunion-ate-cordoba-argentina-300x141.png 300w, https:\/\/atecordoba.org\/wp-content\/uploads\/2024\/08\/sindicato-uso-reunion-ate-cordoba-argentina-768x360.png 768w, https:\/\/atecordoba.org\/wp-content\/uploads\/2024\/08\/sindicato-uso-reunion-ate-cordoba-argentina-750x351.png 750w\" sizes=\"auto, (max-width: 603px) 100vw, 603px\" \/><\/p>\n<p>La entidad <a href=\"https:\/\/www.uso.es\/uso-se-reune-con-los-sindicalistas-de-ate-cordoba-argentina\/\">emiti\u00f3 un comunicado<\/a> el lunes pasado fijando posici\u00f3n sobre la situaci\u00f3n que atraviesa el dirigente como resultado de los procesos judiciales abiertos en C\u00f3rdoba que buscan condenar, <a href=\"https:\/\/atecordoba.org\/?p=43652\">en acciones de oficio comandadas por el fiscal provincial Ernesto De Arag\u00f3n<\/a>, diversas medidas de protesta que el dirigente encabez\u00f3 en el marco de la alta conflictividad que el ajuste sobre las y los estatales desat\u00f3 en la provincia.<\/p>\n<p>\u201cDesde USO, nos solidarizamos con los compa\u00f1eros de ATE C\u00f3rdoba. Por encabezar la lucha en defensa de los puestos de trabajo y del Estado son reprimidos, acosados judicialmente e imputados penalmente. Todo nuestro apoyo al secretario general de esta organizaci\u00f3n hermana, Federico Giuliani, perseguido por la justicia provincial e imputado en cuatro causas penales por acciones gremiales totalmente l\u00edcitas\u201d, afirm\u00f3 la secretaria de Relaciones Internaciones de USO, Carmen Alejandra Ortiz.<\/p>\n<p>La dirigente sindical extendi\u00f3 la mano solidaria de la Central espa\u00f1ola \u201ca todos los trabajadores y jubilados que sufren el ajuste, con p\u00e9rdida de su calidad de vida. Adem\u00e1s, reclamamos la libertad de los detenidos injustamente durante la marcha por la no aprobaci\u00f3n de la Ley Bases, que es perjudicial para los intereses nacionales y del pueblo. Estos detenidos son presos pol\u00edticos, cuyo \u00fanico acci\u00f3n fue protestar pac\u00edficamente en el marco de la democracia\u201d.<\/p>\n<p>El secretario General de ATE C\u00f3rdoba <a href=\"https:\/\/atecordoba.org\/?p=43994\">ya hab\u00eda recibido la solidaridad internacional<\/a> de la central sindical espa\u00f1ola CCOO.<\/p>\n<p><strong>Un fiscal obsesionado<\/strong><\/p>\n<p>El pasado 28 de mayo el fiscal provincial De Arag\u00f3n orden\u00f3 el allanamiento del domicilio particular de Federico Giuliani as\u00ed como de la sede gremial de ATE R\u00edo Cuarto.<\/p>\n<p>Vale recordar que fuerzas policiales realizaron los allanamientos ese mediod\u00eda y le retuvieron a Giuliani su tel\u00e9fono particular, en base a una causa abierta por el fiscal, fundamentada en la represi\u00f3n policial sucedida el 25 de mayo en la esquina de avenida V\u00e9lez Sarsfield y 27 de abril, durante el acto partidario del Presidente Javier Milei, donde efectivos provinciales la emprendieron con gases lacrim\u00f3genos y disparando balas de goma contra la multitud que se encontraba en el lugar.<\/p>\n<p>Giuliani junto a 14 compa\u00f1eras y compa\u00f1eros resultaron heridos de diversa magnitud, sin que mediara causa alguna que justifique el accionar represivo.<\/p>\n<p>De Arag\u00f3n<a href=\"https:\/\/atecordoba.org\/?p=39747\"> ya hab\u00eda imputado el a\u00f1o pasado<\/a> a Giuliani y a otros dirigentes sociales por un corte de calle durante la Marcha contra el Hambre. Dicha causa est\u00e1 elevada a juicio.<\/p>\n<p><strong>Cooperaci\u00f3n internacional<\/strong><\/p>\n<p>USO mantuvo una reuni\u00f3n virtual con Giuliani y diversos dirigentes de ATE en el marco de las relaciones\u00a0 de fraternidad internacional que mantienen ambas entidades donde abordaron perspectivas sobre la situaci\u00f3n pol\u00edtica actual y con el objetivo de fortalecer la cooperaci\u00f3n internacional entre ambas organizaciones sindicales.<\/p>\n<p>El temario tratado incluy\u00f3:<\/p>\n<ul>\n<li>La realidad pol\u00edtica y la situaci\u00f3n de la clase trabajadora, tanto en Espa\u00f1a como en Argentina.<\/li>\n<li>La necesidad de fortalecer la solidaridad internacional para enfrentar las pol\u00edticas neoliberales que afectan negativamente a las personas trabajadoras.<\/li>\n<li>La persecuci\u00f3n pol\u00edtica y judicial a los dirigentes sindicales en Argentina. Estas figuras luchan contra las feroces pol\u00edticas de ajuste implementadas por los gobiernos.<\/li>\n<li>El brutal recorte sobre los trabajadores, los jubilados y el pueblo en general que est\u00e1 llevando a cabo el gobierno de Milei.<\/li>\n<li>La pobreza que generan este tipo de pol\u00edticas, acompa\u00f1adas de sufrimiento y represi\u00f3n violenta.<\/li>\n<\/ul>\n<p><strong>Acuerdos y pasos a seguir<\/strong><\/p>\n<p>Al finalizar la reuni\u00f3n, USO y ATE acordaron organizar un nuevo encuentro durante el mes de septiembre. Adem\u00e1s, decidieron coordinar una instancia compartida de formaci\u00f3n pol\u00edtica para militantes y activistas de ambas organizaciones, con el prop\u00f3sito de fortalecer las capacidades de lucha y organizaci\u00f3n en defensa de los derechos laborales y sociales.<\/p>\n<p>La colaboraci\u00f3n entre la Secretar\u00eda Internacional de la Central espa\u00f1ola y los dirigentes de ATE C\u00f3rdoba &#8220;representa un paso importante hacia la construcci\u00f3n de una red de solidaridad internacional. De esta forma, se pueden enfrentar las crecientes amenazas contra los derechos de las personas trabajadoras en todo el mundo&#8221;, consider\u00f3 USO.<\/p>\n<p>Y remarc\u00f3 que &#8220;este compromiso de unidad y acci\u00f3n conjunta reafirma la convicci\u00f3n de que, solo a trav\u00e9s de la solidaridad y la organizaci\u00f3n, se podr\u00e1 resistir y revertir las pol\u00edticas de ajuste que precarizan la vida de millones de personas&#8221;. \u201cQuedamos a disposici\u00f3n de las compa\u00f1eras y compa\u00f1eros para profundizar el v\u00ednculo fraternal y pensar acciones conjuntas\u201d, se\u00f1al\u00f3 Carmen Alejandra Ortiz.<\/p>\n<p>&nbsp;<\/p>\n<p>&nbsp;<\/p>\n","protected":false},"excerpt":{"rendered":"<p>La persecuci\u00f3n pol\u00edtica y judicial contra nuestro secretario General, Federico Giuliani, viene trascendiendo las fronteras y gener\u00f3 la solidaridad de la central sindical espa\u00f1ola Uni\u00f3n Sindical Obrera (USO). La entidad emiti\u00f3 un comunicado el lunes pasado fijando posici\u00f3n sobre la situaci\u00f3n que atraviesa el dirigente como resultado de los procesos judiciales abiertos en C\u00f3rdoba que [&hellip;]<\/p>\n","protected":false},"author":7,"featured_media":45012,"comment_status":"open","ping_status":"open","sticky":false,"template":"","format":"standard","meta":{"_exactmetrics_skip_tracking":false,"_exactmetrics_sitenote_active":false,"_exactmetrics_sitenote_note":"","_exactmetrics_sitenote_category":0,"jnews-multi-image_gallery":[],"jnews_single_post":{"format":"standard","override":[{"template":"1","parallax":"1","fullscreen":"1","layout":"no-sidebar-narrow","sidebar":"default-sidebar","second_sidebar":"default-sidebar","sticky_sidebar":"1","share_position":"bottom","share_float_style":"share-monocrhome","show_share_counter":"1","show_view_counter":"1","show_post_meta":"1","show_post_author_image":"1","show_post_date":"1","post_date_format":"default","post_date_format_custom":"Y\/m\/d","show_post_category":"1","show_post_reading_time":"0","post_reading_time_wpm":"300","post_calculate_word_method":"str_word_count","show_zoom_button":"0","zoom_button_out_step":"2","zoom_button_in_step":"3","show_post_tag":"1","number_popup_post":"1","show_post_related":"1","show_inline_post_related":"0"}],"image_override":[{"single_post_thumbnail_size":"crop-500","single_post_gallery_size":"crop-500"}],"trending_post_position":"meta","trending_post_label":"Trending","sponsored_post_label":"Sponsored by","disable_ad":"0"},"jnews_primary_category":[],"jnews_social_meta":[],"jnews_review":[],"enable_review":"","type":"percentage","name":"","summary":"","brand":"","sku":"","good":[],"bad":[],"score_override":"","override_value":"","rating":[],"price":[],"jnews_override_counter":{"view_counter_number":"0","share_counter_number":"0","like_counter_number":"0","dislike_counter_number":"0"},"jnews_post_split":{"post_split":[{"template":"1","tag":"h2","numbering":"asc","mode":"normal","first":"0","enable_toc":"0","toc_type":"normal"}]},"footnotes":""},"categories":[108],"tags":[1344,1346,759,404,1345],"class_list":["post-45010","post","type-post","status-publish","format-standard","has-post-thumbnail","hentry","category-internacional","tag-acoso-judicial","tag-central-sindical-espana","tag-federico-giuliani","tag-persecucion-politico-gremial","tag-uso"],"jetpack_featured_media_url":"https:\/\/atecordoba.org\/wp-content\/uploads\/2024\/08\/USO-logo-e1723039165200.jpg","_links":{"self":[{"href":"https:\/\/atecordoba.org\/index.php?rest_route=\/wp\/v2\/posts\/45010","targetHints":{"allow":["GET"]}}],"collection":[{"href":"https:\/\/atecordoba.org\/index.php?rest_route=\/wp\/v2\/posts"}],"about":[{"href":"https:\/\/atecordoba.org\/index.php?rest_route=\/wp\/v2\/types\/post"}],"author":[{"embeddable":true,"href":"https:\/\/atecordoba.org\/index.php?rest_route=\/wp\/v2\/users\/7"}],"replies":[{"embeddable":true,"href":"https:\/\/atecordoba.org\/index.php?rest_route=%2Fwp%2Fv2%2Fcomments&post=45010"}],"version-history":[{"count":4,"href":"https:\/\/atecordoba.org\/index.php?rest_route=\/wp\/v2\/posts\/45010\/revisions"}],"predecessor-version":[{"id":45016,"href":"https:\/\/atecordoba.org\/index.php?rest_route=\/wp\/v2\/posts\/45010\/revisions\/45016"}],"wp:featuredmedia":[{"embeddable":true,"href":"https:\/\/atecordoba.org\/index.php?rest_route=\/wp\/v2\/media\/45012"}],"wp:attachment":[{"href":"https:\/\/atecordoba.org\/index.php?rest_route=%2Fwp%2Fv2%2Fmedia&parent=45010"}],"wp:term":[{"taxonomy":"category","embeddable":true,"href":"https:\/\/atecordoba.org\/index.php?rest_route=%2Fwp%2Fv2%2Fcategories&post=45010"},{"taxonomy":"post_tag","embeddable":true,"href":"https:\/\/atecordoba.org\/index.php?rest_route=%2Fwp%2Fv2%2Ftags&post=45010"}],"curies":[{"name":"wp","href":"https:\/\/api.w.org\/{rel}","templated":true}]}}