{"id":45004,"date":"2024-08-06T16:19:39","date_gmt":"2024-08-06T19:19:39","guid":{"rendered":"https:\/\/atecordoba.org\/?p=45004"},"modified":"2024-08-06T16:19:39","modified_gmt":"2024-08-06T19:19:39","slug":"ate-cordoba-acompana-la-lucha-docente-en-la-movilizacion-de-uepc-capital","status":"publish","type":"post","link":"https:\/\/atecordoba.org\/?p=45004","title":{"rendered":"ATE C\u00f3rdoba Acompa\u00f1a la Lucha Docente en la Movilizaci\u00f3n de UEPC Capital"},"content":{"rendered":"<p>El d\u00eda de hoy, ATE C\u00f3rdoba estuvo presente en la masiva movilizaci\u00f3n convocada por la Uni\u00f3n de Educadores de la Provincia de C\u00f3rdoba (UEPC Capital), en solidaridad con las demandas salariales y laborales de los docentes. La movilizaci\u00f3n, que congreg\u00f3 a m\u00e1s de 25 mil trabajadores y trabajadoras, exigi\u00f3 al gobierno provincial una propuesta salarial superadora y el fin de las pol\u00edticas de ajuste que afectan a los empleados estatales.<\/p>\n<p>En representaci\u00f3n de ATE C\u00f3rdoba, participaron miembros de nuestra comisi\u00f3n directiva: el secretario gremial Jorge Chalup, el secretario de organizaci\u00f3n Javier Bracamonte, el secretario de Derechos Humanos Cesar Theaux y la secretaria de g\u00e9nero Mar\u00eda Spaventa.<\/p>\n<p>Jorge Chalup, en sus declaraciones, se\u00f1al\u00f3 la importancia de la movilizaci\u00f3n: &#8220;Hoy la Comisi\u00f3n Directiva Provincial de ATE C\u00f3rdoba acompa\u00f1\u00f3 de manera solidaria la masiva movilizaci\u00f3n convocada por UEPC Capital. Nos sumamos porque entendemos que el gobierno provincial est\u00e1 aplicando un ajuste brutal para con los trabajadores y encima de ello miente descaradamente diciendo que le interesa la educaci\u00f3n p\u00fablica y la salud p\u00fablica cuando vemos que esto no es as\u00ed en la realidad porque hay trabajadoras y trabajadores estatales que est\u00e1n cobrando por debajo de la l\u00ednea de pobreza. Es por ello que hoy entendemos que ha sido un hito, esta gran movilizaci\u00f3n porque nos muestra que es el camino que tenemos que seguir los estatales para poder recuperar nuestro poder adquisitivo.&#8221;<\/p>\n<p>La movilizaci\u00f3n de hoy es un reflejo del creciente descontento entre los trabajadores del sector p\u00fablico, quienes enfrentan no solo la p\u00e9rdida del poder adquisitivo, sino tambi\u00e9n la incertidumbre respecto a sus derechos laborales. La participaci\u00f3n de ATE C\u00f3rdoba en esta lucha conjunta destaca la unidad y la solidaridad entre los sindicatos en defensa de los derechos de las y los trabajadores.<\/p>\n<p>Desde ATE C\u00f3rdoba, reafirmamos nuestro compromiso en la lucha por condiciones laborales dignas y justas para todos y todas las trabajadoras estatales, y seguiremos acompa\u00f1ando cada movilizaci\u00f3n y medida de fuerza que busque poner fin a las pol\u00edticas de ajuste y garantizar el bienestar de nuestros compa\u00f1eros y compa\u00f1eras.<\/p>\n","protected":false},"excerpt":{"rendered":"<p>El d\u00eda de hoy, ATE C\u00f3rdoba estuvo presente en la masiva movilizaci\u00f3n convocada por la Uni\u00f3n de Educadores de la Provincia de C\u00f3rdoba (UEPC Capital), en solidaridad con las demandas salariales y laborales de los docentes. La movilizaci\u00f3n, que congreg\u00f3 a m\u00e1s de 25 mil trabajadores y trabajadoras, exigi\u00f3 al gobierno provincial una propuesta salarial [&hellip;]<\/p>\n","protected":false},"author":3,"featured_media":0,"comment_status":"open","ping_status":"open","sticky":false,"template":"","format":"standard","meta":{"_exactmetrics_skip_tracking":false,"_exactmetrics_sitenote_active":false,"_exactmetrics_sitenote_note":"","_exactmetrics_sitenote_category":0,"jnews-multi-image_gallery":[],"jnews_single_post":{"format":"standard","override":[{"template":"1","parallax":"1","fullscreen":"1","layout":"no-sidebar-narrow","sidebar":"default-sidebar","second_sidebar":"default-sidebar","sticky_sidebar":"1","share_position":"bottom","share_float_style":"share-monocrhome","show_share_counter":"1","show_view_counter":"1","show_post_meta":"1","show_post_author_image":"1","show_post_date":"1","post_date_format":"default","post_date_format_custom":"Y\/m\/d","show_post_category":"1","show_post_reading_time":"0","post_reading_time_wpm":"300","post_calculate_word_method":"str_word_count","show_zoom_button":"0","zoom_button_out_step":"2","zoom_button_in_step":"3","show_post_tag":"1","number_popup_post":"1","show_post_related":"1","show_inline_post_related":"0"}],"image_override":[{"single_post_thumbnail_size":"crop-500","single_post_gallery_size":"crop-500"}],"trending_post_position":"meta","trending_post_label":"Trending","sponsored_post_label":"Sponsored by","disable_ad":"0"},"jnews_primary_category":[],"jnews_social_meta":[],"jnews_review":[],"enable_review":"","type":"percentage","name":"","summary":"","brand":"","sku":"","good":[],"bad":[],"score_override":"","override_value":"","rating":[],"price":[],"jnews_override_counter":{"view_counter_number":"0","share_counter_number":"0","like_counter_number":"0","dislike_counter_number":"0"},"jnews_post_split":{"post_split":[{"template":"1","tag":"h2","numbering":"asc","mode":"normal","first":"0","enable_toc":"0","toc_type":"normal"}]},"footnotes":""},"categories":[1],"tags":[],"class_list":["post-45004","post","type-post","status-publish","format-standard","hentry","category-sin-categoria"],"jetpack_featured_media_url":"","_links":{"self":[{"href":"https:\/\/atecordoba.org\/index.php?rest_route=\/wp\/v2\/posts\/45004","targetHints":{"allow":["GET"]}}],"collection":[{"href":"https:\/\/atecordoba.org\/index.php?rest_route=\/wp\/v2\/posts"}],"about":[{"href":"https:\/\/atecordoba.org\/index.php?rest_route=\/wp\/v2\/types\/post"}],"author":[{"embeddable":true,"href":"https:\/\/atecordoba.org\/index.php?rest_route=\/wp\/v2\/users\/3"}],"replies":[{"embeddable":true,"href":"https:\/\/atecordoba.org\/index.php?rest_route=%2Fwp%2Fv2%2Fcomments&post=45004"}],"version-history":[{"count":2,"href":"https:\/\/atecordoba.org\/index.php?rest_route=\/wp\/v2\/posts\/45004\/revisions"}],"predecessor-version":[{"id":45007,"href":"https:\/\/atecordoba.org\/index.php?rest_route=\/wp\/v2\/posts\/45004\/revisions\/45007"}],"wp:attachment":[{"href":"https:\/\/atecordoba.org\/index.php?rest_route=%2Fwp%2Fv2%2Fmedia&parent=45004"}],"wp:term":[{"taxonomy":"category","embeddable":true,"href":"https:\/\/atecordoba.org\/index.php?rest_route=%2Fwp%2Fv2%2Fcategories&post=45004"},{"taxonomy":"post_tag","embeddable":true,"href":"https:\/\/atecordoba.org\/index.php?rest_route=%2Fwp%2Fv2%2Ftags&post=45004"}],"curies":[{"name":"wp","href":"https:\/\/api.w.org\/{rel}","templated":true}]}}