{"id":44972,"date":"2024-08-06T13:47:58","date_gmt":"2024-08-06T16:47:58","guid":{"rendered":"https:\/\/atecordoba.org\/?p=44972"},"modified":"2024-08-06T13:54:31","modified_gmt":"2024-08-06T16:54:31","slug":"ley-de-bases-mientras-al-campo-le-saca-las-retenciones-a-los-trabajadores-as-estatales-nos-quita-derechos","status":"publish","type":"post","link":"https:\/\/atecordoba.org\/?p=44972","title":{"rendered":"Ley de Bases: mientras al campo le saca las retenciones, a los trabajadores\/as estatales nos\u00a0quita\u00a0derechos"},"content":{"rendered":"<p>La reglamentaci\u00f3n de la Ley de Bases impone un r\u00e9gimen laboral precarizado, contrario a la legislaci\u00f3n laboral y a los tratados internacionales. Los detalles abordados por Federico Giuliani y la abogada Mar\u00eda Marta Terragno.<\/p>\n<p><img loading=\"lazy\" decoding=\"async\" class=\"aligncenter wp-image-44973 \" src=\"https:\/\/atecordoba.org\/wp-content\/uploads\/2024\/08\/noleybases.jpg\" alt=\"\" width=\"600\" height=\"271\" \/><\/p>\n<p>La reciente reglamentaci\u00f3n de la Ley de Bases abre un horizonte de p\u00e9rdida de derechos laborales para las y los trabajadores del Estado. La norma abre un horizonte de continuidad de los conflictos existentes y de profundizaci\u00f3n de las graves situaciones que se afrontan\u00a0 en cada lugar de trabajo en el Estado.<\/p>\n<p>El secretario General de ATE C\u00f3rdoba, Federico Giuliani, fue lapidario: &#8220;La ley es inconstitucional porque avanza sobre el derecho a la estabilidad en el empleo p\u00fablico. Esta reglamentaci\u00f3n cristaliza la flexibilizaci\u00f3n extrema en el Estado, no solo es una vuelta a los \u201990 con el modelo de precarizaci\u00f3n en el Estado, m\u00e1s parecido a un r\u00e9gimen de explotaci\u00f3n de principios de siglo 20&#8221;.<\/p>\n<p><img loading=\"lazy\" decoding=\"async\" class=\"wp-image-44977 size-full alignleft\" src=\"https:\/\/atecordoba.org\/wp-content\/uploads\/2024\/08\/fede.jpg\" alt=\"\" width=\"471\" height=\"373\" srcset=\"https:\/\/atecordoba.org\/wp-content\/uploads\/2024\/08\/fede.jpg 471w, https:\/\/atecordoba.org\/wp-content\/uploads\/2024\/08\/fede-300x238.jpg 300w\" sizes=\"auto, (max-width: 471px) 100vw, 471px\" \/><\/p>\n<p>En tal sentido, el dirigente argument\u00f3 la norma &#8220;demuestra qu\u00e9 rol del Estado pretende el gobierno fascista de Milei. Porque el Estado va a seguir existiendo a pesar de lo que digan porque todo lo que plantea Milei es un verso, en realidad lo que quiere es un Estado que sea un ente abstracto, una estructura que le garantice la acumulaci\u00f3n y concentraci\u00f3n de capital a los grupos minoritarios, en detrimento de un Estado donde las y los trabajadores tengan protagonismo para llevar pol\u00edticas p\u00fablicas en los territorios y as\u00ed garantizar derechos a la comunidad que est\u00e1n en la Constituci\u00f3n Nacional&#8221;.<\/p>\n<p>Por eso Giuliani evalu\u00f3 que &#8220;va en contra de todas las legislaciones laborales y demuestra que el Estado chiquito que quiere el Gobierno de Milei va hacer posible la expolici\u00f3n de la soberan\u00eda nacional. Que el Estado no est\u00e9 presente en los territorios federales y sea reducido a una APP, una aplicaci\u00f3n o un 0800 muestra la decisi\u00f3n pol\u00edtica actual. Estado va a existir, plata hay y nuevamente los trabajadores y las trabajadoras volvemos a ser v\u00edctimas de un proceso de ajuste como ya vivimos con Mart\u00ednez de Hoz, con el menemismo y el macrismo. Esta etapa nos lleva al desaf\u00edo de pelear para sostener derechos conquistados&#8221;.<\/p>\n<p><strong>Elementos jur\u00eddicos<\/strong><\/p>\n<p>Por su parte la abogada de ATE, Mar\u00eda Marta Terragno, explic\u00f3 detalles jur\u00eddicos de la medida que firm\u00f3 Milei.<\/p>\n<p>&#8220;Van a incorporar el trabajo ad honorem, cosa que est\u00e1 prohibido porque el trabajo es siempre pago. Es una figura absolutamente precarizadora de las relaciones de trabajo ya que expresamente consigna que &#8216;pueden existir personas que presten servicios de asesoramiento para el Estado y que por tal motivo no perciben remuneraci\u00f3n alguna&#8217;. Aunque si vi\u00e1ticos y estipendios de traslados, pero no remuneraci\u00f3n. El trabajo no se presume gratuito con lo cual all\u00ed se incorpora una figura contraria a toda la legislaci\u00f3n laboral, los tratados internacionales y que sin duda va a precarizar las relaciones de empleo&#8221;, apunt\u00f3 la letrada.<\/p>\n<p><img loading=\"lazy\" decoding=\"async\" class=\"alignright wp-image-44980 \" src=\"https:\/\/atecordoba.org\/wp-content\/uploads\/2024\/08\/terragno_64c.jpg\" alt=\"\" width=\"486\" height=\"273\" srcset=\"https:\/\/atecordoba.org\/wp-content\/uploads\/2024\/08\/terragno_64c.jpg 640w, https:\/\/atecordoba.org\/wp-content\/uploads\/2024\/08\/terragno_64c-300x169.jpg 300w\" sizes=\"auto, (max-width: 486px) 100vw, 486px\" \/><\/p>\n<p>Adem\u00e1s, modifica el\u00a0art\u00edculo 9 de la Ley Nacional de Empleo P\u00fablico. &#8220;Prev\u00e9 contratos transitorios o de planta no permanente, figura por la cual muchos compa\u00f1eros y compa\u00f1eras han estado contratados y fueron despedidos en esta ola de cesant\u00edas. Y suma menos condiciones para la contrataci\u00f3n. Si bien establece que son contratos temporarios o estacionales, fija que son para realizar tareas complementarias cuando antes establec\u00eda m\u00e1s requisitos, como que esas tareas no pueden ser realizadas por personal de planta permanente o pon\u00eda un plazo para la contrataci\u00f3n. En este caso no, se trata de una figura que abre un nuevo paradigma para la precarizaci\u00f3n de las relaciones laborales en el Estado&#8221;, alert\u00f3 Terragno.<\/p>\n<p>Por otro lado, en situaciones de disponibilidad &#8220;flexibiliza dichas condiciones, disminuyendo la indemnizaci\u00f3n, poniendo requisitos las personas que no pueden ser puestas en disponibilidad, adem\u00e1s de quienes gozan de la tutela sindical, los cupos por discapacidad o ex combatientes de Malvinas ya que expresamente no incluye otro tipos de cupos como son los establecidos para las personas travestis trans. All\u00ed se patentiza un desprecio por las cuestiones de g\u00e9nero&#8221;, concluy\u00f3 la abogada de ATE.<\/p>\n<p>&nbsp;<\/p>\n","protected":false},"excerpt":{"rendered":"<p>La reglamentaci\u00f3n de la Ley de Bases impone un r\u00e9gimen laboral precarizado, contrario a la legislaci\u00f3n laboral y a los tratados internacionales. Los detalles abordados por Federico Giuliani y la abogada Mar\u00eda Marta Terragno. La reciente reglamentaci\u00f3n de la Ley de Bases abre un horizonte de p\u00e9rdida de derechos laborales para las y los trabajadores [&hellip;]<\/p>\n","protected":false},"author":7,"featured_media":44973,"comment_status":"open","ping_status":"open","sticky":false,"template":"","format":"standard","meta":{"_exactmetrics_skip_tracking":false,"_exactmetrics_sitenote_active":false,"_exactmetrics_sitenote_note":"","_exactmetrics_sitenote_category":0,"jnews-multi-image_gallery":[],"jnews_single_post":{"format":"standard","override":[{"template":"1","parallax":"1","fullscreen":"1","layout":"no-sidebar-narrow","sidebar":"default-sidebar","second_sidebar":"default-sidebar","sticky_sidebar":"1","share_position":"bottom","share_float_style":"share-monocrhome","show_share_counter":"1","show_view_counter":"1","show_post_meta":"1","show_post_author_image":"1","show_post_date":"1","post_date_format":"default","post_date_format_custom":"Y\/m\/d","show_post_category":"1","show_post_reading_time":"0","post_reading_time_wpm":"300","post_calculate_word_method":"str_word_count","show_zoom_button":"0","zoom_button_out_step":"2","zoom_button_in_step":"3","show_post_tag":"1","number_popup_post":"1","show_post_related":"1","show_inline_post_related":"0"}],"image_override":[{"single_post_thumbnail_size":"crop-500","single_post_gallery_size":"crop-500"}],"trending_post_position":"meta","trending_post_label":"Trending","sponsored_post_label":"Sponsored by","disable_ad":"0"},"jnews_primary_category":[],"jnews_social_meta":[],"jnews_review":[],"enable_review":"","type":"percentage","name":"","summary":"","brand":"","sku":"","good":[],"bad":[],"score_override":"","override_value":"","rating":[],"price":[],"jnews_override_counter":{"view_counter_number":"0","share_counter_number":"0","like_counter_number":"0","dislike_counter_number":"0"},"jnews_post_split":{"post_split":[{"template":"1","tag":"h2","numbering":"asc","mode":"normal","first":"0","enable_toc":"0","toc_type":"normal"}]},"footnotes":""},"categories":[341],"tags":[26,395,1338,1337,1336,481,1339],"class_list":["post-44972","post","type-post","status-publish","format-standard","has-post-thumbnail","hentry","category-cdp","tag-ate","tag-ate-cordoba","tag-flexibilizacion","tag-legislacion-laboral","tag-ley-de-bases","tag-precarizacion","tag-retenciones"],"jetpack_featured_media_url":"https:\/\/atecordoba.org\/wp-content\/uploads\/2024\/08\/noleybases-e1722962824736.jpg","_links":{"self":[{"href":"https:\/\/atecordoba.org\/index.php?rest_route=\/wp\/v2\/posts\/44972","targetHints":{"allow":["GET"]}}],"collection":[{"href":"https:\/\/atecordoba.org\/index.php?rest_route=\/wp\/v2\/posts"}],"about":[{"href":"https:\/\/atecordoba.org\/index.php?rest_route=\/wp\/v2\/types\/post"}],"author":[{"embeddable":true,"href":"https:\/\/atecordoba.org\/index.php?rest_route=\/wp\/v2\/users\/7"}],"replies":[{"embeddable":true,"href":"https:\/\/atecordoba.org\/index.php?rest_route=%2Fwp%2Fv2%2Fcomments&post=44972"}],"version-history":[{"count":4,"href":"https:\/\/atecordoba.org\/index.php?rest_route=\/wp\/v2\/posts\/44972\/revisions"}],"predecessor-version":[{"id":44981,"href":"https:\/\/atecordoba.org\/index.php?rest_route=\/wp\/v2\/posts\/44972\/revisions\/44981"}],"wp:featuredmedia":[{"embeddable":true,"href":"https:\/\/atecordoba.org\/index.php?rest_route=\/wp\/v2\/media\/44973"}],"wp:attachment":[{"href":"https:\/\/atecordoba.org\/index.php?rest_route=%2Fwp%2Fv2%2Fmedia&parent=44972"}],"wp:term":[{"taxonomy":"category","embeddable":true,"href":"https:\/\/atecordoba.org\/index.php?rest_route=%2Fwp%2Fv2%2Fcategories&post=44972"},{"taxonomy":"post_tag","embeddable":true,"href":"https:\/\/atecordoba.org\/index.php?rest_route=%2Fwp%2Fv2%2Ftags&post=44972"}],"curies":[{"name":"wp","href":"https:\/\/api.w.org\/{rel}","templated":true}]}}