{"id":44951,"date":"2024-08-05T11:00:26","date_gmt":"2024-08-05T14:00:26","guid":{"rendered":"https:\/\/atecordoba.org\/?p=44951"},"modified":"2024-08-05T11:01:10","modified_gmt":"2024-08-05T14:01:10","slug":"ate-realizara-una-jornada-nacional-de-lucha-el-7-de-agosto-y-se-movilizara-en-la-marcha-de-san-cayetano","status":"publish","type":"post","link":"https:\/\/atecordoba.org\/?p=44951","title":{"rendered":"ATE realizar\u00e1 una Jornada Nacional de Lucha el 7 de agosto y se movilizar\u00e1 en la marcha de San Cayetano"},"content":{"rendered":"<p>\u201cLos estatales decidimos volver a salir a la calle en esta fecha para reclamar por las dos cosas que nos est\u00e1 quitando el presidente Milei: el pan y el trabajo\u201d, apunt\u00f3 el secretario General de ATE, Rodolfo Aguiar.<\/p>\n<p><img loading=\"lazy\" decoding=\"async\" class=\"aligncenter wp-image-44952 \" src=\"https:\/\/atecordoba.org\/wp-content\/uploads\/2024\/08\/plenario_cdn.jpg\" alt=\"\" width=\"601\" height=\"401\" \/><\/p>\n<p>La Asociaci\u00f3n Trabajadores del Estado (ATE) realizar\u00e1 una Jornada Nacional de Lucha el mi\u00e9rcoles 7 de agosto, D\u00eda de San Cayetano, y se movilizar\u00e1 a partir de las 13 a la Plaza de Mayo contra la destrucci\u00f3n de los salarios y los puestos de empleo en el sector p\u00fablico en el marco de la marcha por el \u201cPan, Paz, Techo, Tierra y Trabajo\u201d.<\/p>\n<p>\u201cLos estatales decidimos volver a salir a la calle en esta fecha para reclamar por las dos cosas que nos est\u00e1 quitando el presidente Milei: el pan y el trabajo\u201d, se\u00f1al\u00f3 Rodolfo Aguiar, secretario General de ATE Nacional, y agreg\u00f3: \u201cEl recorte en los salarios, las cesant\u00edas masivas y el ajuste presupuestario se est\u00e1n traduciendo en un deterioro sensible de todos los servicios p\u00fablicos\u201d.<\/p>\n<p>En este marco, el dirigente indic\u00f3: \u201cEl proceso de empobrecimiento de los asalariados y los jubilados se viene acelerando y la \u00fanica manera que tenemos de frenarlo es multiplicando las protestas en todo el pa\u00eds. Esta medida de alcance nacional tiene que servir para romper la tensa calma que parece haber surgido luego de la aprobaci\u00f3n de la Ley Bases y mostrar que estamos realizando los esfuerzos necesarios para lograr los mayores niveles de unidad\u201d.<\/p>\n<p>ATE inform\u00f3 que en Capital Federal se realizar\u00e1n retiros de los sectores de trabajo a partir de las 12 del mediod\u00eda para garantizar la participaci\u00f3n en la movilizaci\u00f3n, mientras que cada provincia definir\u00e1 las modalidades de protesta.<\/p>\n<p><strong>Los reclamos de ATE<\/strong><\/p>\n<p>En el d\u00eda que se conmemora al santo patrono del pan y el trabajo, el sindicato estatal profundizar\u00e1 los reclamos por aumento de salarios y jubilaciones en un solo pago que permita recuperar el poder adquisitivo, por la reincorporaci\u00f3n de todos los trabajadores despedidos durante la gesti\u00f3n de Javier Milei, y por un Estado al servicio del pueblo.<\/p>\n<p>Tambi\u00e9n expresar\u00e1n su absoluto rechazo a las pol\u00edticas implementadas desde el Ministerio de Desregulaci\u00f3n y Transformaci\u00f3n del Estado que dirige Federico Sturzenegger, que incluye el cierre de distintos organismos p\u00fablicos como el INADI, el Instituto Nacional de Juventudes (INJUVE) y el Instituto Nacional de Asuntos Ind\u00edgenas (INAI), entre otros.<\/p>\n<p>Adem\u00e1s, manifestar\u00e1n su repudio a la firma del Pacto de Mayo en el que los gobernadores se comprometieron a profundizar el ajuste en cada una de sus provincias.<\/p>\n<p>ATE tambi\u00e9n se\u00f1al\u00f3 su profunda preocupaci\u00f3n a partir del R\u00e9gimen de Incentivos para Grandes Inversiones (RIGI) que permite la explotaci\u00f3n indiscriminada de los recursos naturales del pa\u00eds.<\/p>\n","protected":false},"excerpt":{"rendered":"<p>\u201cLos estatales decidimos volver a salir a la calle en esta fecha para reclamar por las dos cosas que nos est\u00e1 quitando el presidente Milei: el pan y el trabajo\u201d, apunt\u00f3 el secretario General de ATE, Rodolfo Aguiar. La Asociaci\u00f3n Trabajadores del Estado (ATE) realizar\u00e1 una Jornada Nacional de Lucha el mi\u00e9rcoles 7 de agosto, [&hellip;]<\/p>\n","protected":false},"author":7,"featured_media":44952,"comment_status":"open","ping_status":"open","sticky":false,"template":"","format":"standard","meta":{"_exactmetrics_skip_tracking":false,"_exactmetrics_sitenote_active":false,"_exactmetrics_sitenote_note":"","_exactmetrics_sitenote_category":0,"jnews-multi-image_gallery":[],"jnews_single_post":{"format":"standard","override":[{"template":"1","parallax":"1","fullscreen":"1","layout":"no-sidebar-narrow","sidebar":"default-sidebar","second_sidebar":"default-sidebar","sticky_sidebar":"1","share_position":"bottom","share_float_style":"share-monocrhome","show_share_counter":"1","show_view_counter":"1","show_post_meta":"1","show_post_author_image":"1","show_post_date":"1","post_date_format":"default","post_date_format_custom":"Y\/m\/d","show_post_category":"1","show_post_reading_time":"0","post_reading_time_wpm":"300","post_calculate_word_method":"str_word_count","show_zoom_button":"0","zoom_button_out_step":"2","zoom_button_in_step":"3","show_post_tag":"1","number_popup_post":"1","show_post_related":"1","show_inline_post_related":"0"}],"image_override":[{"single_post_thumbnail_size":"crop-500","single_post_gallery_size":"crop-500"}],"trending_post_position":"meta","trending_post_label":"Trending","sponsored_post_label":"Sponsored by","disable_ad":"0"},"jnews_primary_category":[],"jnews_social_meta":[],"jnews_review":[],"enable_review":"","type":"percentage","name":"","summary":"","brand":"","sku":"","good":[],"bad":[],"score_override":"","override_value":"","rating":[],"price":[],"jnews_override_counter":{"view_counter_number":"0","share_counter_number":"0","like_counter_number":"0","dislike_counter_number":"0"},"jnews_post_split":{"post_split":[{"template":"1","tag":"h2","numbering":"asc","mode":"normal","first":"0","enable_toc":"0","toc_type":"normal"}]},"footnotes":""},"categories":[756],"tags":[1333,26,1335,595,1334],"class_list":["post-44951","post","type-post","status-publish","format-standard","has-post-thumbnail","hentry","category-consejo-directivo-nacional-cdn","tag-7-de-agosto","tag-ate","tag-pan-y-trabajo","tag-paro-nacional","tag-san-cayetano"],"jetpack_featured_media_url":"https:\/\/atecordoba.org\/wp-content\/uploads\/2024\/08\/plenario_cdn-e1722866315440.jpg","_links":{"self":[{"href":"https:\/\/atecordoba.org\/index.php?rest_route=\/wp\/v2\/posts\/44951","targetHints":{"allow":["GET"]}}],"collection":[{"href":"https:\/\/atecordoba.org\/index.php?rest_route=\/wp\/v2\/posts"}],"about":[{"href":"https:\/\/atecordoba.org\/index.php?rest_route=\/wp\/v2\/types\/post"}],"author":[{"embeddable":true,"href":"https:\/\/atecordoba.org\/index.php?rest_route=\/wp\/v2\/users\/7"}],"replies":[{"embeddable":true,"href":"https:\/\/atecordoba.org\/index.php?rest_route=%2Fwp%2Fv2%2Fcomments&post=44951"}],"version-history":[{"count":2,"href":"https:\/\/atecordoba.org\/index.php?rest_route=\/wp\/v2\/posts\/44951\/revisions"}],"predecessor-version":[{"id":44954,"href":"https:\/\/atecordoba.org\/index.php?rest_route=\/wp\/v2\/posts\/44951\/revisions\/44954"}],"wp:featuredmedia":[{"embeddable":true,"href":"https:\/\/atecordoba.org\/index.php?rest_route=\/wp\/v2\/media\/44952"}],"wp:attachment":[{"href":"https:\/\/atecordoba.org\/index.php?rest_route=%2Fwp%2Fv2%2Fmedia&parent=44951"}],"wp:term":[{"taxonomy":"category","embeddable":true,"href":"https:\/\/atecordoba.org\/index.php?rest_route=%2Fwp%2Fv2%2Fcategories&post=44951"},{"taxonomy":"post_tag","embeddable":true,"href":"https:\/\/atecordoba.org\/index.php?rest_route=%2Fwp%2Fv2%2Ftags&post=44951"}],"curies":[{"name":"wp","href":"https:\/\/api.w.org\/{rel}","templated":true}]}}