{"id":44940,"date":"2024-08-05T10:00:38","date_gmt":"2024-08-05T13:00:38","guid":{"rendered":"https:\/\/atecordoba.org\/?p=44940"},"modified":"2024-08-05T10:00:38","modified_gmt":"2024-08-05T13:00:38","slug":"hacia-el-encuentro-plurinacional-de-mujeres-en-jujuy","status":"publish","type":"post","link":"https:\/\/atecordoba.org\/?p=44940","title":{"rendered":"Hacia el Encuentro Plurinacional de Mujeres en Jujuy"},"content":{"rendered":"<div class=\"xdj266r x11i5rnm xat24cr x1mh8g0r x1vvkbs x126k92a\">\n<div dir=\"auto\">\n<div class=\"xdj266r x11i5rnm xat24cr x1mh8g0r x1vvkbs x126k92a\">\n<div dir=\"auto\">\n<p><img loading=\"lazy\" decoding=\"async\" class=\"aligncenter wp-image-44941 size-full\" src=\"https:\/\/atecordoba.org\/wp-content\/uploads\/2024\/08\/mujeres.jpg\" alt=\"\" width=\"526\" height=\"417\" srcset=\"https:\/\/atecordoba.org\/wp-content\/uploads\/2024\/08\/mujeres.jpg 526w, https:\/\/atecordoba.org\/wp-content\/uploads\/2024\/08\/mujeres-300x238.jpg 300w\" sizes=\"auto, (max-width: 526px) 100vw, 526px\" \/><\/p>\n<p>El pr\u00f3ximo 11, 12 y 13 de octubre, Jujuy ser\u00e1 la anfitriona del 37\u00b0 Encuentro Plurinacional de Mujeres y Disidencias, tras haber sido elegida de manera un\u00e1nime como sede durante la edici\u00f3n anterior realizada en Bariloche.<\/p>\n<p>\u201cLas estatales nos organizamos para viajar a llevar el posicionamiento del vaciamiento de los organismos del Estado que garantizan pol\u00edticas p\u00fablicas a sectores vulnerables, as\u00ed como la feminizaci\u00f3n de los despidos\u201d, indic{o la Secretaria de G\u00e9nero del Consejo Directivo Provincial (CDP).<\/p>\n<p>ATE est\u00e1 realizando una venta de empanadas criollas a $8000 la docena para recaudar fondos para asistir al 37\u00b0 Encuentro.<\/p>\n<\/div>\n<div dir=\"auto\"><span class=\"html-span xexx8yu x4uap5 x18d9i69 xkhd6sd x1hl2dhg x16tdsg8 x1vvkbs x3nfvp2 x1j61x8r x1fcty0u xdj266r xat24cr xgzva0m xhhsvwb xxymvpz xlup9mm x1kky2od\"><img loading=\"lazy\" decoding=\"async\" class=\"xz74otr\" src=\"https:\/\/static.xx.fbcdn.net\/images\/emoji.php\/v9\/t5c\/1\/16\/1f5d3.png\" alt=\"\ufe0f\" width=\"16\" height=\"16\" \/><\/span>\u00a0<strong>Fecha de entrega:<\/strong>\u00a09 de agosto.<\/div>\n<\/div>\n<div class=\"x11i5rnm xat24cr x1mh8g0r x1vvkbs xtlvy1s x126k92a\">\n<div dir=\"auto\"><span class=\"html-span xexx8yu x4uap5 x18d9i69 xkhd6sd x1hl2dhg x16tdsg8 x1vvkbs x3nfvp2 x1j61x8r x1fcty0u xdj266r xat24cr xgzva0m xhhsvwb xxymvpz xlup9mm x1kky2od\"><img loading=\"lazy\" decoding=\"async\" class=\"xz74otr\" src=\"https:\/\/static.xx.fbcdn.net\/images\/emoji.php\/v9\/t34\/1\/16\/23f0.png\" alt=\"\u23f0\" width=\"16\" height=\"16\" \/><\/span>\u00a0<strong>Hora de entrega:<\/strong>\u00a0A partir del mediod\u00eda en ATE, Entre R\u00edos 450.<\/div>\n<div dir=\"auto\"><span class=\"html-span xexx8yu x4uap5 x18d9i69 xkhd6sd x1hl2dhg x16tdsg8 x1vvkbs x3nfvp2 x1j61x8r x1fcty0u xdj266r xat24cr xgzva0m xhhsvwb xxymvpz xlup9mm x1kky2od\"><img loading=\"lazy\" decoding=\"async\" class=\"xz74otr\" src=\"https:\/\/static.xx.fbcdn.net\/images\/emoji.php\/v9\/t7e\/1\/16\/1f4c5.png\" alt=\"\" width=\"16\" height=\"16\" \/><\/span>\u00a0<strong>Fecha l\u00edmite para pedidos:<\/strong>\u00a07 de agosto.<\/div>\n<\/div>\n<div class=\"x11i5rnm xat24cr x1mh8g0r x1vvkbs xtlvy1s x126k92a\"><\/div>\n<\/div>\n<\/div>\n<div dir=\"auto\"><\/div>\n<div dir=\"auto\"><strong>Historia<\/strong><\/div>\n<div dir=\"auto\">La primer cita, denominada entonces como Encuentro Nacional de Mujeres, se realiz\u00f3 en 1986, a poco de recuperada la democracia en nuestro pa\u00eds. Desde entonces los Encuentros son aut\u00f3nomos, autoconvocados, pluralistas, federales y horizontales. Todos los a\u00f1os se realizan en diferentes ciudades del pa\u00eds que son elegidas la edici\u00f3n anterior de una manera absolutamente democr\u00e1tica. Se trata de una experiencia \u00fanica e in\u00e9dita en el mundo, donde las mujeres y disidencias se re\u00fanen durante tres d\u00edas para formarse, debatir, intercambiar ideas, participar de talleres y encontrarse. En 2023 su nombre pas\u00f3 a ser Encuentro Plurinacional de Mujeres, Lesbianas, Trans, Travestis, Bisexuales, Intersexuales y No Binaries.<\/div>\n<div dir=\"auto\">\n<p>Su antecedente m\u00e1s directo fue el Encuentro Feminista Latinoamericano y del Caribe realizado en Bogot\u00e1 en 1981, as\u00ed como la III Conferencia Mundial de Mujeres que se hizo en 1985 en Nairobi, Kenia. Quienes participaron de esos encuentros vinieron a Argentina con el deseo de hacer algo parecido en su pa\u00eds.<\/p>\n<p><strong>Funcionamiento<\/strong><\/p>\n<p>Una vez que se decide la ciudad anfitriona comienza a funcionar una comisi\u00f3n organizadora que es la encargada de organizar la log\u00edstica de los tres d\u00edas a pura fiesta en las calles. Los talleres y los lugares donde duermen las visitantes suelen funcionar en las escuelas y el lugar elegido para la apertura y el cierre, como tambi\u00e9n el recorrido de la marcha final y las inscripciones, las becas de comida, las actividades extra encuentro y la pe\u00f1a son responsabilidad de la Comisi\u00f3n Organizadora que trabaja en comisiones como cultura, finanzas, funcionamiento y prensa y difusi\u00f3n.<\/p>\n<p><strong>Proyecci\u00f3n<\/strong><\/p>\n<p>El Primer Encuentro Nacional de Mujeres se realiz\u00f3 en la Ciudad de Buenos Aires en mayo de 1986. La comisi\u00f3n organizadora estaba integrada por 43 mujeres, provenientes de variados sectores pol\u00edticos y sociales, partidos pol\u00edticos, sindicatos, organizaciones. El \u00faltimo fue en Bariloche y cont\u00f3 con una convocatoria de 100.000 personas.<\/p>\n<p>El Encuentro es ya una instituci\u00f3n en Argentina que ha impulsado campa\u00f1as por los derechos transfeministas como el cupo laboral travesti trans, que el aborto fuera legal, seguro y gratuito, la implementaci\u00f3n de la ESI, la Ley de Violencia de G\u00e9nero. Y aunque el gobierno de Javier Milei est\u00e9 intentando por todos los medios destruir estos derechos ganados por a\u00f1os de lucha, hay un pueblo que sigue en pie, luchando y construyendo una unidad necesaria para enfrentar estas pol\u00edticas de entrega, de extractivismo del litio y de retroceso sobre todo para los y las trabajadoras. Este encuentro tiene que servir para seguir luchando contra los despidos, los salarios de hambre, derrotar la Ley Bases y el proyecto de pa\u00eds colonial.<\/p>\n<\/div>\n<div class=\"x11i5rnm xat24cr x1mh8g0r x1vvkbs xtlvy1s x126k92a\">\n<div dir=\"auto\"><\/div>\n<\/div>\n","protected":false},"excerpt":{"rendered":"<p>El pr\u00f3ximo 11, 12 y 13 de octubre, Jujuy ser\u00e1 la anfitriona del 37\u00b0 Encuentro Plurinacional de Mujeres y Disidencias, tras haber sido elegida de manera un\u00e1nime como sede durante la edici\u00f3n anterior realizada en Bariloche. \u201cLas estatales nos organizamos para viajar a llevar el posicionamiento del vaciamiento de los organismos del Estado que garantizan [&hellip;]<\/p>\n","protected":false},"author":7,"featured_media":44941,"comment_status":"open","ping_status":"open","sticky":false,"template":"","format":"standard","meta":{"_exactmetrics_skip_tracking":false,"_exactmetrics_sitenote_active":false,"_exactmetrics_sitenote_note":"","_exactmetrics_sitenote_category":0,"jnews-multi-image_gallery":[],"jnews_single_post":{"format":"standard","override":[{"template":"1","parallax":"1","fullscreen":"1","layout":"no-sidebar-narrow","sidebar":"default-sidebar","second_sidebar":"default-sidebar","sticky_sidebar":"1","share_position":"bottom","share_float_style":"share-monocrhome","show_share_counter":"1","show_view_counter":"1","show_post_meta":"1","show_post_author_image":"1","show_post_date":"1","post_date_format":"default","post_date_format_custom":"Y\/m\/d","show_post_category":"1","show_post_reading_time":"0","post_reading_time_wpm":"300","post_calculate_word_method":"str_word_count","show_zoom_button":"0","zoom_button_out_step":"2","zoom_button_in_step":"3","show_post_tag":"1","number_popup_post":"1","show_post_related":"1","show_inline_post_related":"0"}],"image_override":[{"single_post_thumbnail_size":"crop-500","single_post_gallery_size":"crop-500"}],"trending_post_position":"meta","trending_post_label":"Trending","sponsored_post_label":"Sponsored by","disable_ad":"0"},"jnews_primary_category":[],"jnews_social_meta":[],"jnews_review":[],"enable_review":"","type":"percentage","name":"","summary":"","brand":"","sku":"","good":[],"bad":[],"score_override":"","override_value":"","rating":[],"price":[],"jnews_override_counter":{"view_counter_number":"0","share_counter_number":"0","like_counter_number":"0","dislike_counter_number":"0"},"jnews_post_split":{"post_split":[{"template":"1","tag":"h2","numbering":"asc","mode":"normal","first":"0","enable_toc":"0","toc_type":"normal"}]},"footnotes":""},"categories":[325],"tags":[1327,26,395,1329,1328],"class_list":["post-44940","post","type-post","status-publish","format-standard","has-post-thumbnail","hentry","category-generos-y-diversidades","tag-37-encuentro-plurinacional-de-mujeres-y-disidencias","tag-ate","tag-ate-cordoba","tag-generos-y-diversidades","tag-jujuy"],"jetpack_featured_media_url":"https:\/\/atecordoba.org\/wp-content\/uploads\/2024\/08\/mujeres.jpg","_links":{"self":[{"href":"https:\/\/atecordoba.org\/index.php?rest_route=\/wp\/v2\/posts\/44940","targetHints":{"allow":["GET"]}}],"collection":[{"href":"https:\/\/atecordoba.org\/index.php?rest_route=\/wp\/v2\/posts"}],"about":[{"href":"https:\/\/atecordoba.org\/index.php?rest_route=\/wp\/v2\/types\/post"}],"author":[{"embeddable":true,"href":"https:\/\/atecordoba.org\/index.php?rest_route=\/wp\/v2\/users\/7"}],"replies":[{"embeddable":true,"href":"https:\/\/atecordoba.org\/index.php?rest_route=%2Fwp%2Fv2%2Fcomments&post=44940"}],"version-history":[{"count":1,"href":"https:\/\/atecordoba.org\/index.php?rest_route=\/wp\/v2\/posts\/44940\/revisions"}],"predecessor-version":[{"id":44942,"href":"https:\/\/atecordoba.org\/index.php?rest_route=\/wp\/v2\/posts\/44940\/revisions\/44942"}],"wp:featuredmedia":[{"embeddable":true,"href":"https:\/\/atecordoba.org\/index.php?rest_route=\/wp\/v2\/media\/44941"}],"wp:attachment":[{"href":"https:\/\/atecordoba.org\/index.php?rest_route=%2Fwp%2Fv2%2Fmedia&parent=44940"}],"wp:term":[{"taxonomy":"category","embeddable":true,"href":"https:\/\/atecordoba.org\/index.php?rest_route=%2Fwp%2Fv2%2Fcategories&post=44940"},{"taxonomy":"post_tag","embeddable":true,"href":"https:\/\/atecordoba.org\/index.php?rest_route=%2Fwp%2Fv2%2Ftags&post=44940"}],"curies":[{"name":"wp","href":"https:\/\/api.w.org\/{rel}","templated":true}]}}