{"id":44929,"date":"2024-08-02T13:25:15","date_gmt":"2024-08-02T16:25:15","guid":{"rendered":"https:\/\/atecordoba.org\/?p=44929"},"modified":"2024-08-02T14:33:26","modified_gmt":"2024-08-02T17:33:26","slug":"ate-cordoba-presente-en-el-congreso-nacional-de-fetera","status":"publish","type":"post","link":"https:\/\/atecordoba.org\/?p=44929","title":{"rendered":"ATE C\u00f3rdoba, presente en el Congreso Nacional de FeTERA"},"content":{"rendered":"<p><img loading=\"lazy\" decoding=\"async\" class=\"aligncenter wp-image-44930 \" src=\"https:\/\/atecordoba.org\/wp-content\/uploads\/2024\/08\/Imagen-de-WhatsApp-2024-08-02-a-las-12.34.35_7a0bc581-1024x768.jpg\" alt=\"\" width=\"599\" height=\"450\" \/><\/p>\n<p>La Federaci\u00f3n de Trabajadores de la Energ\u00eda de la Rep\u00fablica Argentina (FeTERA) realiz\u00f3 hoy su Congreso Anual Ordinario y Extraordinario.<\/p>\n<p>En la oportunidad estuvo presente, acompa\u00f1ando el debate de los compa\u00f1eros de todo el pa\u00eds, el delegado de ATE en DIOXITEK, Claudio Coeroborga.<\/p>\n<p>Al t\u00e9rmino del Congreso, el delegado explic\u00f3 que en el c\u00f3nclave &#8220;se abord\u00f3 la problem\u00e1tica de las empresas de energ\u00eda estatales. Este gobierno est\u00e1 avanzando con la no renovaci\u00f3n de compa\u00f1eros contratados con despidos y en acuerdo con gremios afines al gobierno, impulsando a la gente para que renuncie. Al mismo tiempo otorga pautas salariales por debajo de la inflaci\u00f3n, en tanto los congresales explicaron que los convenios colectivos en proceso no se van a aprobar porque el gobierno dio de baja todo tipo de tratativas&#8221;.<\/p>\n<div id='gallery_1' class='gallery galleryid-44929 gallery-columns-2 gallery-size-thumbnail'><figure class='gallery-item'>\n                <div class='gallery-icon portrait'>\n                    <a href='https:\/\/atecordoba.org\/wp-content\/uploads\/2024\/08\/Imagen-de-WhatsApp-2024-08-02-a-las-12.21.30_023f2d56.jpg'><img loading=\"lazy\" decoding=\"async\" width=\"150\" height=\"150\" src=\"\" class=\"attachment-thumbnail size-thumbnail lazyload\" alt=\"\" data-src=\"https:\/\/atecordoba.org\/wp-content\/uploads\/2024\/08\/Imagen-de-WhatsApp-2024-08-02-a-las-12.21.30_023f2d56-150x150.jpg\" data-sizes=\"auto\" data-srcset=\"https:\/\/atecordoba.org\/wp-content\/uploads\/2024\/08\/Imagen-de-WhatsApp-2024-08-02-a-las-12.21.30_023f2d56-150x150.jpg 150w, https:\/\/atecordoba.org\/wp-content\/uploads\/2024\/08\/Imagen-de-WhatsApp-2024-08-02-a-las-12.21.30_023f2d56-560x560.jpg 560w, https:\/\/atecordoba.org\/wp-content\/uploads\/2024\/08\/Imagen-de-WhatsApp-2024-08-02-a-las-12.21.30_023f2d56-75x75.jpg 75w, https:\/\/atecordoba.org\/wp-content\/uploads\/2024\/08\/Imagen-de-WhatsApp-2024-08-02-a-las-12.21.30_023f2d56-350x350.jpg 350w\" data-expand=\"700\" \/><\/a>\n                <\/div><\/figure><figure class='gallery-item'>\n                <div class='gallery-icon portrait'>\n                    <a href='https:\/\/atecordoba.org\/wp-content\/uploads\/2024\/08\/Imagen-de-WhatsApp-2024-08-02-a-las-12.21.29_07707c4a.jpg'><img loading=\"lazy\" decoding=\"async\" width=\"150\" height=\"150\" src=\"\" class=\"attachment-thumbnail size-thumbnail lazyload\" alt=\"\" data-src=\"https:\/\/atecordoba.org\/wp-content\/uploads\/2024\/08\/Imagen-de-WhatsApp-2024-08-02-a-las-12.21.29_07707c4a-150x150.jpg\" data-sizes=\"auto\" data-srcset=\"https:\/\/atecordoba.org\/wp-content\/uploads\/2024\/08\/Imagen-de-WhatsApp-2024-08-02-a-las-12.21.29_07707c4a-150x150.jpg 150w, https:\/\/atecordoba.org\/wp-content\/uploads\/2024\/08\/Imagen-de-WhatsApp-2024-08-02-a-las-12.21.29_07707c4a-560x560.jpg 560w, https:\/\/atecordoba.org\/wp-content\/uploads\/2024\/08\/Imagen-de-WhatsApp-2024-08-02-a-las-12.21.29_07707c4a-75x75.jpg 75w, https:\/\/atecordoba.org\/wp-content\/uploads\/2024\/08\/Imagen-de-WhatsApp-2024-08-02-a-las-12.21.29_07707c4a-350x350.jpg 350w\" data-expand=\"700\" \/><\/a>\n                <\/div><\/figure><br style=\"clear: both\" \/>\n            <\/div>\n\n<p>&#8220;Los compa\u00f1eros denuncias que el Gobierno de Milei est\u00e1 desfinanciando las empresas estatales como la nueva NPU de Formosa, lo que derivar\u00e1 en despidos. Est\u00e1n congelando salarios para que la gente agarre los retiros voluntarios o directamente renuncie para irse al sector privado. Buscan que la gente renuncie y para eso ni siquiera va a emparejar la inflaci\u00f3n&#8221;, concluy\u00f3 Coeroborga.<\/p>\n","protected":false},"excerpt":{"rendered":"<p>Estuvo presente como representante de ATE C\u00f3rdoba el delegado de la empresa estatal de tratamiento de uranio DIOXITEK, Claudio Coeroborga.\u00a0<\/p>\n","protected":false},"author":7,"featured_media":44930,"comment_status":"open","ping_status":"open","sticky":false,"template":"","format":"standard","meta":{"_exactmetrics_skip_tracking":false,"_exactmetrics_sitenote_active":false,"_exactmetrics_sitenote_note":"","_exactmetrics_sitenote_category":0,"jnews-multi-image_gallery":[],"jnews_single_post":{"format":"standard","override":[{"template":"1","parallax":"1","fullscreen":"1","layout":"no-sidebar-narrow","sidebar":"default-sidebar","second_sidebar":"default-sidebar","sticky_sidebar":"1","share_position":"bottom","share_float_style":"share-monocrhome","show_share_counter":"1","show_view_counter":"1","show_post_meta":"1","show_post_author_image":"1","show_post_date":"1","post_date_format":"default","post_date_format_custom":"Y\/m\/d","show_post_category":"1","show_post_reading_time":"0","post_reading_time_wpm":"300","post_calculate_word_method":"str_word_count","show_zoom_button":"0","zoom_button_out_step":"2","zoom_button_in_step":"3","show_post_tag":"1","number_popup_post":"1","show_post_related":"1","show_inline_post_related":"0"}],"image_override":[{"single_post_thumbnail_size":"crop-500","single_post_gallery_size":"crop-500"}],"trending_post_position":"meta","trending_post_label":"Trending","sponsored_post_label":"Sponsored by","disable_ad":"0"},"jnews_primary_category":[],"jnews_social_meta":[],"jnews_review":[],"enable_review":"","type":"percentage","name":"","summary":"","brand":"","sku":"","good":[],"bad":[],"score_override":"","override_value":"","rating":[],"price":[],"jnews_override_counter":{"view_counter_number":"0","share_counter_number":"0","like_counter_number":"0","dislike_counter_number":"0"},"jnews_post_split":{"post_split":[{"template":"1","tag":"h2","numbering":"asc","mode":"normal","first":"0","enable_toc":"0","toc_type":"normal"}]},"footnotes":""},"categories":[341],"tags":[395,1326],"class_list":["post-44929","post","type-post","status-publish","format-standard","has-post-thumbnail","hentry","category-cdp","tag-ate-cordoba","tag-fetera"],"jetpack_featured_media_url":"https:\/\/atecordoba.org\/wp-content\/uploads\/2024\/08\/Imagen-de-WhatsApp-2024-08-02-a-las-12.34.35_7a0bc581-e1722615908310.jpg","_links":{"self":[{"href":"https:\/\/atecordoba.org\/index.php?rest_route=\/wp\/v2\/posts\/44929","targetHints":{"allow":["GET"]}}],"collection":[{"href":"https:\/\/atecordoba.org\/index.php?rest_route=\/wp\/v2\/posts"}],"about":[{"href":"https:\/\/atecordoba.org\/index.php?rest_route=\/wp\/v2\/types\/post"}],"author":[{"embeddable":true,"href":"https:\/\/atecordoba.org\/index.php?rest_route=\/wp\/v2\/users\/7"}],"replies":[{"embeddable":true,"href":"https:\/\/atecordoba.org\/index.php?rest_route=%2Fwp%2Fv2%2Fcomments&post=44929"}],"version-history":[{"count":3,"href":"https:\/\/atecordoba.org\/index.php?rest_route=\/wp\/v2\/posts\/44929\/revisions"}],"predecessor-version":[{"id":44935,"href":"https:\/\/atecordoba.org\/index.php?rest_route=\/wp\/v2\/posts\/44929\/revisions\/44935"}],"wp:featuredmedia":[{"embeddable":true,"href":"https:\/\/atecordoba.org\/index.php?rest_route=\/wp\/v2\/media\/44930"}],"wp:attachment":[{"href":"https:\/\/atecordoba.org\/index.php?rest_route=%2Fwp%2Fv2%2Fmedia&parent=44929"}],"wp:term":[{"taxonomy":"category","embeddable":true,"href":"https:\/\/atecordoba.org\/index.php?rest_route=%2Fwp%2Fv2%2Fcategories&post=44929"},{"taxonomy":"post_tag","embeddable":true,"href":"https:\/\/atecordoba.org\/index.php?rest_route=%2Fwp%2Fv2%2Ftags&post=44929"}],"curies":[{"name":"wp","href":"https:\/\/api.w.org\/{rel}","templated":true}]}}