{"id":44907,"date":"2024-08-01T18:56:37","date_gmt":"2024-08-01T21:56:37","guid":{"rendered":"https:\/\/atecordoba.org\/?p=44907"},"modified":"2024-08-01T18:56:57","modified_gmt":"2024-08-01T21:56:57","slug":"ate-cordoba-firma-importante-convenio-de-cooperacion-mutua","status":"publish","type":"post","link":"https:\/\/atecordoba.org\/?p=44907","title":{"rendered":"ATE C\u00f3rdoba Firma Importante Convenio de Cooperaci\u00f3n Mutua"},"content":{"rendered":"<p><img loading=\"lazy\" decoding=\"async\" class=\"alignnone wp-image-44910 size-large\" src=\"https:\/\/atecordoba.org\/wp-content\/uploads\/2024\/08\/WhatsApp-Image-2024-08-01-at-6.43.09-PM-1024x682.jpeg\" alt=\"\" width=\"1024\" height=\"682\" srcset=\"https:\/\/atecordoba.org\/wp-content\/uploads\/2024\/08\/WhatsApp-Image-2024-08-01-at-6.43.09-PM-1024x682.jpeg 1024w, https:\/\/atecordoba.org\/wp-content\/uploads\/2024\/08\/WhatsApp-Image-2024-08-01-at-6.43.09-PM-300x200.jpeg 300w, https:\/\/atecordoba.org\/wp-content\/uploads\/2024\/08\/WhatsApp-Image-2024-08-01-at-6.43.09-PM-768x512.jpeg 768w, https:\/\/atecordoba.org\/wp-content\/uploads\/2024\/08\/WhatsApp-Image-2024-08-01-at-6.43.09-PM-750x500.jpeg 750w, https:\/\/atecordoba.org\/wp-content\/uploads\/2024\/08\/WhatsApp-Image-2024-08-01-at-6.43.09-PM-1140x760.jpeg 1140w, https:\/\/atecordoba.org\/wp-content\/uploads\/2024\/08\/WhatsApp-Image-2024-08-01-at-6.43.09-PM.jpeg 1280w\" sizes=\"auto, (max-width: 1024px) 100vw, 1024px\" \/>El 1 de agosto, nuestro sindicato ATE C\u00f3rdoba particip\u00f3 activamente en la firma de un Convenio de Cooperaci\u00f3n Mutua y Reciprocidad, junto a diversas organizaciones sociales, sindicatos y cooperativas. Este acuerdo tiene como objetivo fortalecer las redes de producci\u00f3n y consumo popular, articulando esfuerzos entre el campo y la ciudad.<\/p>\n<p><img loading=\"lazy\" decoding=\"async\" class=\"alignleft wp-image-44909 \" src=\"https:\/\/atecordoba.org\/wp-content\/uploads\/2024\/08\/WhatsApp-Image-2024-08-01-at-6.43.10-PM-1-300x200.jpeg\" alt=\"\" width=\"338\" height=\"225\" srcset=\"https:\/\/atecordoba.org\/wp-content\/uploads\/2024\/08\/WhatsApp-Image-2024-08-01-at-6.43.10-PM-1-300x200.jpeg 300w, https:\/\/atecordoba.org\/wp-content\/uploads\/2024\/08\/WhatsApp-Image-2024-08-01-at-6.43.10-PM-1-1024x682.jpeg 1024w, https:\/\/atecordoba.org\/wp-content\/uploads\/2024\/08\/WhatsApp-Image-2024-08-01-at-6.43.10-PM-1-768x512.jpeg 768w, https:\/\/atecordoba.org\/wp-content\/uploads\/2024\/08\/WhatsApp-Image-2024-08-01-at-6.43.10-PM-1-750x500.jpeg 750w, https:\/\/atecordoba.org\/wp-content\/uploads\/2024\/08\/WhatsApp-Image-2024-08-01-at-6.43.10-PM-1-1140x760.jpeg 1140w, https:\/\/atecordoba.org\/wp-content\/uploads\/2024\/08\/WhatsApp-Image-2024-08-01-at-6.43.10-PM-1.jpeg 1280w\" sizes=\"auto, (max-width: 338px) 100vw, 338px\" \/>El convenio, que destaca la importancia del consumo pol\u00edtico y la soberan\u00eda alimentaria, busca priorizar a los productores locales en la provisi\u00f3n de alimentos y en eventos sindicales, as\u00ed como fortalecer las redes de comunicaci\u00f3n para dar visibilidad a estas iniciativas.<\/p>\n<p>Con la firma de este convenio, ATE C\u00f3rdoba contin\u00faa su labor de acompa\u00f1amiento a las organizaciones populares, reafirmando su compromiso con una econom\u00eda m\u00e1s equitativa, sostenible y soberana. Este acuerdo se enmarca en la visi\u00f3n del sindicato de construir un futuro donde la justicia social y la igualdad sean pilares fundamentales.<img loading=\"lazy\" decoding=\"async\" class=\"wp-image-44911 alignleft\" src=\"https:\/\/atecordoba.org\/wp-content\/uploads\/2024\/08\/WhatsApp-Image-2024-08-01-at-6.43.08-PM-300x200.jpeg\" alt=\"\" width=\"191\" height=\"127\" srcset=\"https:\/\/atecordoba.org\/wp-content\/uploads\/2024\/08\/WhatsApp-Image-2024-08-01-at-6.43.08-PM-300x200.jpeg 300w, https:\/\/atecordoba.org\/wp-content\/uploads\/2024\/08\/WhatsApp-Image-2024-08-01-at-6.43.08-PM-1024x682.jpeg 1024w, https:\/\/atecordoba.org\/wp-content\/uploads\/2024\/08\/WhatsApp-Image-2024-08-01-at-6.43.08-PM-768x512.jpeg 768w, https:\/\/atecordoba.org\/wp-content\/uploads\/2024\/08\/WhatsApp-Image-2024-08-01-at-6.43.08-PM-750x500.jpeg 750w, https:\/\/atecordoba.org\/wp-content\/uploads\/2024\/08\/WhatsApp-Image-2024-08-01-at-6.43.08-PM-1140x760.jpeg 1140w, https:\/\/atecordoba.org\/wp-content\/uploads\/2024\/08\/WhatsApp-Image-2024-08-01-at-6.43.08-PM.jpeg 1280w\" sizes=\"auto, (max-width: 191px) 100vw, 191px\" \/><\/p>\n<p>Este es un paso m\u00e1s en la consolidaci\u00f3n de ATE C\u00f3rdoba como un actor clave en la lucha por los derechos de los trabajadores y el fortalecimiento de las econom\u00edas populares.<img loading=\"lazy\" decoding=\"async\" class=\"wp-image-44913 alignright\" src=\"https:\/\/atecordoba.org\/wp-content\/uploads\/2024\/08\/WhatsApp-Image-2024-08-01-at-6.43.09-PM-1-300x200.jpeg\" alt=\"\" width=\"228\" height=\"152\" srcset=\"https:\/\/atecordoba.org\/wp-content\/uploads\/2024\/08\/WhatsApp-Image-2024-08-01-at-6.43.09-PM-1-300x200.jpeg 300w, https:\/\/atecordoba.org\/wp-content\/uploads\/2024\/08\/WhatsApp-Image-2024-08-01-at-6.43.09-PM-1-1024x682.jpeg 1024w, https:\/\/atecordoba.org\/wp-content\/uploads\/2024\/08\/WhatsApp-Image-2024-08-01-at-6.43.09-PM-1-768x512.jpeg 768w, https:\/\/atecordoba.org\/wp-content\/uploads\/2024\/08\/WhatsApp-Image-2024-08-01-at-6.43.09-PM-1-750x500.jpeg 750w, https:\/\/atecordoba.org\/wp-content\/uploads\/2024\/08\/WhatsApp-Image-2024-08-01-at-6.43.09-PM-1-1140x760.jpeg 1140w, https:\/\/atecordoba.org\/wp-content\/uploads\/2024\/08\/WhatsApp-Image-2024-08-01-at-6.43.09-PM-1.jpeg 1280w\" sizes=\"auto, (max-width: 228px) 100vw, 228px\" \/><\/p>\n","protected":false},"excerpt":{"rendered":"<p>El 1 de agosto, nuestro sindicato ATE C\u00f3rdoba particip\u00f3 activamente en la firma de un Convenio de Cooperaci\u00f3n Mutua y Reciprocidad, junto a diversas organizaciones sociales, sindicatos y cooperativas. Este acuerdo tiene como objetivo fortalecer las redes de producci\u00f3n y consumo popular, articulando esfuerzos entre el campo y la ciudad. El convenio, que destaca la [&hellip;]<\/p>\n","protected":false},"author":3,"featured_media":44908,"comment_status":"open","ping_status":"open","sticky":false,"template":"","format":"standard","meta":{"_exactmetrics_skip_tracking":false,"_exactmetrics_sitenote_active":false,"_exactmetrics_sitenote_note":"","_exactmetrics_sitenote_category":0,"jnews-multi-image_gallery":[],"jnews_single_post":{"source_name":"","source_url":"","via_name":"","via_url":"","override_template":"0","override":[{"template":"1","single_blog_custom":"","parallax":"1","fullscreen":"1","layout":"no-sidebar-narrow","sidebar":"default-sidebar","second_sidebar":"default-sidebar","sticky_sidebar":"1","share_position":"bottom","share_float_style":"share-monocrhome","show_share_counter":"1","show_view_counter":"1","show_featured":"0","show_post_meta":"1","show_post_author":"0","show_post_author_image":"1","show_post_date":"1","post_date_format":"default","post_date_format_custom":"Y\/m\/d","show_post_category":"1","show_post_reading_time":"0","post_reading_time_wpm":"300","show_zoom_button":"0","zoom_button_out_step":"2","zoom_button_in_step":"3","show_post_tag":"1","show_prev_next_post":"0","show_popup_post":"0","number_popup_post":"1","show_author_box":"0","show_post_related":"1","show_inline_post_related":"0"}],"override_image_size":"0","image_override":[{"single_post_thumbnail_size":"crop-500","single_post_gallery_size":"crop-500"}],"trending_post":"0","trending_post_position":"meta","trending_post_label":"Trending","sponsored_post":"0","sponsored_post_label":"Sponsored by","sponsored_post_name":"","sponsored_post_url":"","sponsored_post_logo_enable":"0","sponsored_post_logo":"","sponsored_post_desc":"","disable_ad":"0"},"jnews_primary_category":{"id":"","hide":""},"jnews_social_meta":{"fb_title":"","fb_description":"","fb_image":"","twitter_title":"","twitter_description":"","twitter_image":""},"jnews_review":[],"enable_review":"0","type":"percentage","name":"","summary":"","brand":"","sku":"","good":[{"good_text":""}],"bad":[{"bad_text":""}],"score_override":"0","override_value":"","rating":[{"rating_text":"","rating_number":"10"}],"price":[{"shop":"","price":"","link":"","icon":""}],"jnews_override_counter":{"override_view_counter":"0","view_counter_number":"0","override_share_counter":"0","share_counter_number":"0","override_like_counter":"0","like_counter_number":"0","override_dislike_counter":"0","dislike_counter_number":"0"},"jnews_post_split":{"enable_post_split":"0","post_split":[{"template":"1","tag":"h2","numbering":"asc","mode":"normal","first":"0","enable_toc":"0","toc_type":"normal"}]},"footnotes":""},"categories":[10],"tags":[],"class_list":["post-44907","post","type-post","status-publish","format-standard","has-post-thumbnail","hentry","category-accion-politica"],"jetpack_featured_media_url":"https:\/\/atecordoba.org\/wp-content\/uploads\/2024\/08\/WhatsApp-Image-2024-08-01-at-6.43.10-PM.jpeg","_links":{"self":[{"href":"https:\/\/atecordoba.org\/index.php?rest_route=\/wp\/v2\/posts\/44907","targetHints":{"allow":["GET"]}}],"collection":[{"href":"https:\/\/atecordoba.org\/index.php?rest_route=\/wp\/v2\/posts"}],"about":[{"href":"https:\/\/atecordoba.org\/index.php?rest_route=\/wp\/v2\/types\/post"}],"author":[{"embeddable":true,"href":"https:\/\/atecordoba.org\/index.php?rest_route=\/wp\/v2\/users\/3"}],"replies":[{"embeddable":true,"href":"https:\/\/atecordoba.org\/index.php?rest_route=%2Fwp%2Fv2%2Fcomments&post=44907"}],"version-history":[{"count":1,"href":"https:\/\/atecordoba.org\/index.php?rest_route=\/wp\/v2\/posts\/44907\/revisions"}],"predecessor-version":[{"id":44914,"href":"https:\/\/atecordoba.org\/index.php?rest_route=\/wp\/v2\/posts\/44907\/revisions\/44914"}],"wp:featuredmedia":[{"embeddable":true,"href":"https:\/\/atecordoba.org\/index.php?rest_route=\/wp\/v2\/media\/44908"}],"wp:attachment":[{"href":"https:\/\/atecordoba.org\/index.php?rest_route=%2Fwp%2Fv2%2Fmedia&parent=44907"}],"wp:term":[{"taxonomy":"category","embeddable":true,"href":"https:\/\/atecordoba.org\/index.php?rest_route=%2Fwp%2Fv2%2Fcategories&post=44907"},{"taxonomy":"post_tag","embeddable":true,"href":"https:\/\/atecordoba.org\/index.php?rest_route=%2Fwp%2Fv2%2Ftags&post=44907"}],"curies":[{"name":"wp","href":"https:\/\/api.w.org\/{rel}","templated":true}]}}