{"id":44895,"date":"2024-08-01T15:25:51","date_gmt":"2024-08-01T18:25:51","guid":{"rendered":"https:\/\/atecordoba.org\/?p=44895"},"modified":"2024-08-01T15:25:51","modified_gmt":"2024-08-01T18:25:51","slug":"elecciones-en-conae-ate-cordoba-fortalece-su-representacion-sindical","status":"publish","type":"post","link":"https:\/\/atecordoba.org\/?p=44895","title":{"rendered":"Elecciones en CONAE: ATE C\u00f3rdoba Fortalece su Representaci\u00f3n Sindical"},"content":{"rendered":"<p><img loading=\"lazy\" decoding=\"async\" class=\" wp-image-44897 alignleft\" src=\"https:\/\/atecordoba.org\/wp-content\/uploads\/2024\/08\/WhatsApp-Image-2024-08-01-at-2.55.09-PM-150x150.jpeg\" alt=\"\" width=\"228\" height=\"228\" srcset=\"https:\/\/atecordoba.org\/wp-content\/uploads\/2024\/08\/WhatsApp-Image-2024-08-01-at-2.55.09-PM-150x150.jpeg 150w, https:\/\/atecordoba.org\/wp-content\/uploads\/2024\/08\/WhatsApp-Image-2024-08-01-at-2.55.09-PM-560x560.jpeg 560w, https:\/\/atecordoba.org\/wp-content\/uploads\/2024\/08\/WhatsApp-Image-2024-08-01-at-2.55.09-PM-75x75.jpeg 75w, https:\/\/atecordoba.org\/wp-content\/uploads\/2024\/08\/WhatsApp-Image-2024-08-01-at-2.55.09-PM-350x350.jpeg 350w\" sizes=\"auto, (max-width: 228px) 100vw, 228px\" \/><\/p>\n<p>Este 1 de agosto, ATE C\u00f3rdoba llev\u00f3 a cabo las elecciones para elegir a los nuevos delegados en la Comisi\u00f3n Nacional de Actividades Espaciales (CONAE). El proceso electoral se desarroll\u00f3 entre las 10 y las 14 horas, y los candidatos fueron Emiliano Baum y Luciano Romaldi.<\/p>\n<p>Esta elecci\u00f3n es un hito importante para el sindicato, ya que refuerza la legitimidad y la presencia de ATE dentro de un sector estrat\u00e9gico a nivel nacional como lo es el de las actividades espaciales. La participaci\u00f3n activa de los trabajadores en estas elecciones destaca el compromiso del gremio con la defensa de los derechos laborales y el bienestar de sus afiliados.<\/p>\n<p>La elecci\u00f3n de Emiliano Baum y Luciano Romaldi como delegados representa un paso adelante en la organizaci\u00f3n y en la lucha por mejorar las condiciones laborales de los trabajadores en CONAE. ATE C\u00f3rdoba sigue consolid\u00e1ndose como una voz fuerte y representativa en la defensa de los derechos de sus afiliados, trabajando incansablemente por salarios dignos y condiciones laborales justas.<img loading=\"lazy\" decoding=\"async\" class=\" wp-image-44899 alignright\" src=\"https:\/\/atecordoba.org\/wp-content\/uploads\/2024\/08\/WhatsApp-Image-2024-08-01-at-2.55.09-PM-1-150x150.jpeg\" alt=\"\" width=\"132\" height=\"132\" srcset=\"https:\/\/atecordoba.org\/wp-content\/uploads\/2024\/08\/WhatsApp-Image-2024-08-01-at-2.55.09-PM-1-150x150.jpeg 150w, https:\/\/atecordoba.org\/wp-content\/uploads\/2024\/08\/WhatsApp-Image-2024-08-01-at-2.55.09-PM-1-560x560.jpeg 560w, https:\/\/atecordoba.org\/wp-content\/uploads\/2024\/08\/WhatsApp-Image-2024-08-01-at-2.55.09-PM-1-75x75.jpeg 75w, https:\/\/atecordoba.org\/wp-content\/uploads\/2024\/08\/WhatsApp-Image-2024-08-01-at-2.55.09-PM-1-350x350.jpeg 350w\" sizes=\"auto, (max-width: 132px) 100vw, 132px\" \/><\/p>\n<p>En representaci\u00f3n del Consejo Directivo Provincial, varios referentes de ATE estuvieron presentes para acompa\u00f1ar y garantizar la transparencia del proceso electoral, reforzando as\u00ed la importancia de estas elecciones en la construcci\u00f3n de un sindicato m\u00e1s fuerte y comprometido con sus bases.<\/p>\n<p>Esta elecci\u00f3n no solo refuerza la estructura sindical de ATE C\u00f3rdoba, sino que tambi\u00e9n reafirma el compromiso del gremio en la lucha por los derechos de todos los trabajadores del sector.<\/p>\n<p><img loading=\"lazy\" decoding=\"async\" class=\"alignnone size-thumbnail wp-image-44901\" src=\"https:\/\/atecordoba.org\/wp-content\/uploads\/2024\/08\/WhatsApp-Image-2024-08-01-at-2.55.08-PM-1-150x150.jpeg\" alt=\"\" width=\"150\" height=\"150\" srcset=\"https:\/\/atecordoba.org\/wp-content\/uploads\/2024\/08\/WhatsApp-Image-2024-08-01-at-2.55.08-PM-1-150x150.jpeg 150w, https:\/\/atecordoba.org\/wp-content\/uploads\/2024\/08\/WhatsApp-Image-2024-08-01-at-2.55.08-PM-1-560x560.jpeg 560w, https:\/\/atecordoba.org\/wp-content\/uploads\/2024\/08\/WhatsApp-Image-2024-08-01-at-2.55.08-PM-1-75x75.jpeg 75w, https:\/\/atecordoba.org\/wp-content\/uploads\/2024\/08\/WhatsApp-Image-2024-08-01-at-2.55.08-PM-1-350x350.jpeg 350w\" sizes=\"auto, (max-width: 150px) 100vw, 150px\" \/><img loading=\"lazy\" decoding=\"async\" class=\"alignnone size-thumbnail wp-image-44896\" src=\"https:\/\/atecordoba.org\/wp-content\/uploads\/2024\/08\/WhatsApp-Image-2024-08-01-at-2.55.10-PM-150x150.jpeg\" alt=\"\" width=\"150\" height=\"150\" srcset=\"https:\/\/atecordoba.org\/wp-content\/uploads\/2024\/08\/WhatsApp-Image-2024-08-01-at-2.55.10-PM-150x150.jpeg 150w, https:\/\/atecordoba.org\/wp-content\/uploads\/2024\/08\/WhatsApp-Image-2024-08-01-at-2.55.10-PM-560x560.jpeg 560w, https:\/\/atecordoba.org\/wp-content\/uploads\/2024\/08\/WhatsApp-Image-2024-08-01-at-2.55.10-PM-75x75.jpeg 75w, https:\/\/atecordoba.org\/wp-content\/uploads\/2024\/08\/WhatsApp-Image-2024-08-01-at-2.55.10-PM-350x350.jpeg 350w\" sizes=\"auto, (max-width: 150px) 100vw, 150px\" \/><\/p>\n","protected":false},"excerpt":{"rendered":"<p>Este 1 de agosto, ATE C\u00f3rdoba llev\u00f3 a cabo las elecciones para elegir a los nuevos delegados en la Comisi\u00f3n Nacional de Actividades Espaciales (CONAE). El proceso electoral se desarroll\u00f3 entre las 10 y las 14 horas, y los candidatos fueron Emiliano Baum y Luciano Romaldi. Esta elecci\u00f3n es un hito importante para el sindicato, [&hellip;]<\/p>\n","protected":false},"author":3,"featured_media":44897,"comment_status":"open","ping_status":"open","sticky":false,"template":"","format":"standard","meta":{"_exactmetrics_skip_tracking":false,"_exactmetrics_sitenote_active":false,"_exactmetrics_sitenote_note":"","_exactmetrics_sitenote_category":0,"jnews-multi-image_gallery":[],"jnews_single_post":{"source_name":"","source_url":"","via_name":"","via_url":"","override_template":"0","override":[{"template":"1","single_blog_custom":"","parallax":"1","fullscreen":"1","layout":"no-sidebar-narrow","sidebar":"default-sidebar","second_sidebar":"default-sidebar","sticky_sidebar":"1","share_position":"bottom","share_float_style":"share-monocrhome","show_share_counter":"1","show_view_counter":"1","show_featured":"0","show_post_meta":"1","show_post_author":"0","show_post_author_image":"1","show_post_date":"1","post_date_format":"default","post_date_format_custom":"Y\/m\/d","show_post_category":"1","show_post_reading_time":"0","post_reading_time_wpm":"300","show_zoom_button":"0","zoom_button_out_step":"2","zoom_button_in_step":"3","show_post_tag":"1","show_prev_next_post":"0","show_popup_post":"0","number_popup_post":"1","show_author_box":"0","show_post_related":"1","show_inline_post_related":"0"}],"override_image_size":"0","image_override":[{"single_post_thumbnail_size":"crop-500","single_post_gallery_size":"crop-500"}],"trending_post":"0","trending_post_position":"meta","trending_post_label":"Trending","sponsored_post":"0","sponsored_post_label":"Sponsored by","sponsored_post_name":"","sponsored_post_url":"","sponsored_post_logo_enable":"0","sponsored_post_logo":"","sponsored_post_desc":"","disable_ad":"0"},"jnews_primary_category":{"id":"","hide":""},"jnews_social_meta":{"fb_title":"","fb_description":"","fb_image":"","twitter_title":"","twitter_description":"","twitter_image":""},"jnews_review":[],"enable_review":"0","type":"percentage","name":"","summary":"","brand":"","sku":"","good":[{"good_text":""}],"bad":[{"bad_text":""}],"score_override":"0","override_value":"","rating":[{"rating_text":"","rating_number":"10"}],"price":[{"shop":"","price":"","link":"","icon":""}],"jnews_override_counter":{"override_view_counter":"0","view_counter_number":"0","override_share_counter":"0","share_counter_number":"0","override_like_counter":"0","like_counter_number":"0","override_dislike_counter":"0","dislike_counter_number":"0"},"jnews_post_split":{"enable_post_split":"0","post_split":[{"template":"1","tag":"h2","numbering":"asc","mode":"normal","first":"0","enable_toc":"0","toc_type":"normal"}]},"footnotes":""},"categories":[18],"tags":[],"class_list":["post-44895","post","type-post","status-publish","format-standard","has-post-thumbnail","hentry","category-nacionales"],"jetpack_featured_media_url":"https:\/\/atecordoba.org\/wp-content\/uploads\/2024\/08\/WhatsApp-Image-2024-08-01-at-2.55.09-PM.jpeg","_links":{"self":[{"href":"https:\/\/atecordoba.org\/index.php?rest_route=\/wp\/v2\/posts\/44895","targetHints":{"allow":["GET"]}}],"collection":[{"href":"https:\/\/atecordoba.org\/index.php?rest_route=\/wp\/v2\/posts"}],"about":[{"href":"https:\/\/atecordoba.org\/index.php?rest_route=\/wp\/v2\/types\/post"}],"author":[{"embeddable":true,"href":"https:\/\/atecordoba.org\/index.php?rest_route=\/wp\/v2\/users\/3"}],"replies":[{"embeddable":true,"href":"https:\/\/atecordoba.org\/index.php?rest_route=%2Fwp%2Fv2%2Fcomments&post=44895"}],"version-history":[{"count":1,"href":"https:\/\/atecordoba.org\/index.php?rest_route=\/wp\/v2\/posts\/44895\/revisions"}],"predecessor-version":[{"id":44905,"href":"https:\/\/atecordoba.org\/index.php?rest_route=\/wp\/v2\/posts\/44895\/revisions\/44905"}],"wp:featuredmedia":[{"embeddable":true,"href":"https:\/\/atecordoba.org\/index.php?rest_route=\/wp\/v2\/media\/44897"}],"wp:attachment":[{"href":"https:\/\/atecordoba.org\/index.php?rest_route=%2Fwp%2Fv2%2Fmedia&parent=44895"}],"wp:term":[{"taxonomy":"category","embeddable":true,"href":"https:\/\/atecordoba.org\/index.php?rest_route=%2Fwp%2Fv2%2Fcategories&post=44895"},{"taxonomy":"post_tag","embeddable":true,"href":"https:\/\/atecordoba.org\/index.php?rest_route=%2Fwp%2Fv2%2Ftags&post=44895"}],"curies":[{"name":"wp","href":"https:\/\/api.w.org\/{rel}","templated":true}]}}