{"id":44876,"date":"2024-08-01T15:13:20","date_gmt":"2024-08-01T18:13:20","guid":{"rendered":"https:\/\/atecordoba.org\/?p=44876"},"modified":"2024-08-01T15:13:20","modified_gmt":"2024-08-01T18:13:20","slug":"multitudinario-abrazo-solidario-a-radio-nacional-cordoba-contra-el-vaciamiento","status":"publish","type":"post","link":"https:\/\/atecordoba.org\/?p=44876","title":{"rendered":"Multitudinario abrazo solidario a Radio Nacional C\u00f3rdoba contra el vaciamiento"},"content":{"rendered":"<p><img loading=\"lazy\" decoding=\"async\" class=\"aligncenter wp-image-44879 \" src=\"https:\/\/atecordoba.org\/wp-content\/uploads\/2024\/08\/Imagen-de-WhatsApp-2024-08-01-a-las-13.51.45_3689bf63-1024x578.jpg\" alt=\"\" width=\"615\" height=\"347\" \/><\/p>\n<p>Este mediod\u00eda se realiz\u00f3 una abrazo solidario a Radio Nacional C\u00f3rdoba, que sufre un acelerado proceso de vaciamiento por parte del Gobierno de Javier Milei.<\/p>\n<p>Al d\u00eda de hoy la intervenci\u00f3n libertaria censur\u00f3 las programaciones locales matutinas, pero esta ma\u00f1ana se supo que la intervenci\u00f3n de Radio y Televisi\u00f3n Argentina Sociedad del Estado (RTA) orden\u00f3 que se deje de emitir el programa vespertino que conduce Fabiana Bringas, en un evidente caso de censura explicita, ya que se trataba de un espacio con mirada cr\u00edtica del funcionamiento del Gobierno Nacional.<\/p>\n<p><img loading=\"lazy\" decoding=\"async\" class=\"aligncenter wp-image-44880 \" src=\"https:\/\/atecordoba.org\/wp-content\/uploads\/2024\/08\/IMG-20240801-WA0037.jpg\" alt=\"\" width=\"604\" height=\"454\" srcset=\"https:\/\/atecordoba.org\/wp-content\/uploads\/2024\/08\/IMG-20240801-WA0037.jpg 1600w, https:\/\/atecordoba.org\/wp-content\/uploads\/2024\/08\/IMG-20240801-WA0037-300x226.jpg 300w, https:\/\/atecordoba.org\/wp-content\/uploads\/2024\/08\/IMG-20240801-WA0037-1024x771.jpg 1024w, https:\/\/atecordoba.org\/wp-content\/uploads\/2024\/08\/IMG-20240801-WA0037-768x578.jpg 768w, https:\/\/atecordoba.org\/wp-content\/uploads\/2024\/08\/IMG-20240801-WA0037-1536x1156.jpg 1536w, https:\/\/atecordoba.org\/wp-content\/uploads\/2024\/08\/IMG-20240801-WA0037-750x564.jpg 750w, https:\/\/atecordoba.org\/wp-content\/uploads\/2024\/08\/IMG-20240801-WA0037-1140x858.jpg 1140w\" sizes=\"auto, (max-width: 604px) 100vw, 604px\" \/><\/p>\n<p>Estas medidas discrecionales se llevan adelante en el marco de la vigencia del DNU 70\/23, que fue rechazado en el Senado de la Naci\u00f3n, pero que la C\u00e1mara de Diputados se ha negado a tratar hasta el momento.<\/p>\n<p>La respuesta a la convocatoria para el abrazo fue masiva. Junto a ATE estuvieron participando legisladores de la mayor\u00eda de las fuerzas pol\u00edticas representadas en el Unicameral no integradas al espacio liberatario: UCR, peronismo provincial, izquierda y la diputada nacional Gabriela Est\u00e9vez. Tambi\u00e9n se destaco la presencia de distintos espacios gremiales de C\u00f3rdoba, como UEPC Capital, UEPC, Gr\u00e1ficos o Suoem. De la misma forma se acercaron al abrazo solidario distintos artistas, referentes de la comunicaci\u00f3n y de los DDHH.<\/p>\n<p><img loading=\"lazy\" decoding=\"async\" class=\"aligncenter wp-image-44882 \" src=\"https:\/\/atecordoba.org\/wp-content\/uploads\/2024\/08\/IMG-20240801-WA0042-1024x578.jpg\" alt=\"\" width=\"606\" height=\"342\" srcset=\"https:\/\/atecordoba.org\/wp-content\/uploads\/2024\/08\/IMG-20240801-WA0042-1024x578.jpg 1024w, https:\/\/atecordoba.org\/wp-content\/uploads\/2024\/08\/IMG-20240801-WA0042-300x169.jpg 300w, https:\/\/atecordoba.org\/wp-content\/uploads\/2024\/08\/IMG-20240801-WA0042-768x434.jpg 768w, https:\/\/atecordoba.org\/wp-content\/uploads\/2024\/08\/IMG-20240801-WA0042-1536x867.jpg 1536w, https:\/\/atecordoba.org\/wp-content\/uploads\/2024\/08\/IMG-20240801-WA0042-2048x1156.jpg 2048w, https:\/\/atecordoba.org\/wp-content\/uploads\/2024\/08\/IMG-20240801-WA0042-750x423.jpg 750w, https:\/\/atecordoba.org\/wp-content\/uploads\/2024\/08\/IMG-20240801-WA0042-1140x644.jpg 1140w\" sizes=\"auto, (max-width: 606px) 100vw, 606px\" \/><\/p>\n<p>&#8220;Defendemos cada puestos de trabajo de radio nacional, asi como los del Multimedio universitario SRT. Muchos organismo p\u00fablicos sufren los despidos asi que pensamos que la lucha es una sola, frente a un gobierno que lo \u00fanico que defiende son los intereses de las grandes empresas pero no de la clase trabajadora y el pueblo en general&#8221;, dijo la secretario de Formaci\u00f3n de ATE C\u00f3rdoba, Irina Silberman, que acerc\u00f3 el saludo de nuestro secretario General, Federico Giuliani, ausente debido a cuestiones personales que le impidieron llegarse hasta la esquina de Santa Rosa y General Paz.\u00a0 Junto a ella, estuvieron las secretarias de G\u00e9nero, Mar\u00eda Spaventa, y Administrativa, Cintia Conesta.<\/p>\n<p><img loading=\"lazy\" decoding=\"async\" class=\"aligncenter wp-image-44883 \" src=\"https:\/\/atecordoba.org\/wp-content\/uploads\/2024\/08\/IMG-20240801-WA0046-1024x578.jpg\" alt=\"\" width=\"599\" height=\"338\" srcset=\"https:\/\/atecordoba.org\/wp-content\/uploads\/2024\/08\/IMG-20240801-WA0046-1024x578.jpg 1024w, https:\/\/atecordoba.org\/wp-content\/uploads\/2024\/08\/IMG-20240801-WA0046-300x169.jpg 300w, https:\/\/atecordoba.org\/wp-content\/uploads\/2024\/08\/IMG-20240801-WA0046-768x434.jpg 768w, https:\/\/atecordoba.org\/wp-content\/uploads\/2024\/08\/IMG-20240801-WA0046-1536x867.jpg 1536w, https:\/\/atecordoba.org\/wp-content\/uploads\/2024\/08\/IMG-20240801-WA0046-2048x1156.jpg 2048w, https:\/\/atecordoba.org\/wp-content\/uploads\/2024\/08\/IMG-20240801-WA0046-750x423.jpg 750w, https:\/\/atecordoba.org\/wp-content\/uploads\/2024\/08\/IMG-20240801-WA0046-1140x644.jpg 1140w\" sizes=\"auto, (max-width: 599px) 100vw, 599px\" \/><\/p>\n<p>Por su parte, el delegado de ATE en la emisora, Gonzalo Puig, explic\u00f3 que &#8220;las y los trabajadores de la radio somos vecinos de C\u00f3rdoba y eso es lo que el gobierno quiere impedir que se refleje en las radios de cada casa. Cuando cercenan la programaci\u00f3n local para imponer lo que viene de Capital Federal, impiden que la radio cumpla de rol de reflejar que sucede en C\u00f3rdoba, quienes son nuestros artistas, que las organizaciones de la sociedad civil de la provincia tengan un espacio. Por eso es lo que refleja Radio Nacional C\u00f3rdoba&#8221;.<\/p>\n<p><img loading=\"lazy\" decoding=\"async\" class=\"aligncenter wp-image-44884 \" src=\"https:\/\/atecordoba.org\/wp-content\/uploads\/2024\/08\/IMG-20240801-WA0047-1024x578.jpg\" alt=\"\" width=\"606\" height=\"342\" srcset=\"https:\/\/atecordoba.org\/wp-content\/uploads\/2024\/08\/IMG-20240801-WA0047-1024x578.jpg 1024w, https:\/\/atecordoba.org\/wp-content\/uploads\/2024\/08\/IMG-20240801-WA0047-300x169.jpg 300w, https:\/\/atecordoba.org\/wp-content\/uploads\/2024\/08\/IMG-20240801-WA0047-768x434.jpg 768w, https:\/\/atecordoba.org\/wp-content\/uploads\/2024\/08\/IMG-20240801-WA0047-1536x867.jpg 1536w, https:\/\/atecordoba.org\/wp-content\/uploads\/2024\/08\/IMG-20240801-WA0047-2048x1156.jpg 2048w, https:\/\/atecordoba.org\/wp-content\/uploads\/2024\/08\/IMG-20240801-WA0047-750x423.jpg 750w, https:\/\/atecordoba.org\/wp-content\/uploads\/2024\/08\/IMG-20240801-WA0047-1140x644.jpg 1140w\" sizes=\"auto, (max-width: 606px) 100vw, 606px\" \/><\/p>\n<p>Puig cont\u00f3 que el Gobierno Nacional lanz\u00f3 un proceso de retiros voluntarios en la radio, en l\u00ednea con la pol\u00edtica de vaciamiento del organismo, que se agudiz\u00f3 desde el 8 de julio cuando la intervenci\u00f3n de RTA decidi\u00f3 levantar las programaciones locales de las radios del interior que integran la red de emisoras de Nacional. &#8220;Se reemplaz\u00f3 con programaci\u00f3n de Capital Federal, edulcorada con los temas que no se pueden decir al aire. Pero en otro hecho de profunda gravedad, hoy nos enteramos que a la ma\u00f1ana que levantaron el programa vespertino Bajo el mismo sol, que conduce Fabiana Bringas, medida que solo se aplica a la radio en C\u00f3rdoba, en un ataque evidente a la libertad de expresi\u00f3n, una censura a un equipo de trabajadoras y trabajadores que ten\u00edan una mirada cr\u00edtica en algunos aspectos del Gobierno Nacional&#8221;.<\/p>\n<p>El personal de la radio se encuentra en estado de asamblea permanente.<\/p>\n<p>&nbsp;<\/p>\n","protected":false},"excerpt":{"rendered":"<p>Este mediod\u00eda se realiz\u00f3 una abrazo solidario a Radio Nacional C\u00f3rdoba, que sufre un acelerado proceso de vaciamiento por parte del Gobierno de Javier Milei. Al d\u00eda de hoy la intervenci\u00f3n libertaria censur\u00f3 las programaciones locales matutinas, pero esta ma\u00f1ana se supo que la intervenci\u00f3n de Radio y Televisi\u00f3n Argentina Sociedad del Estado (RTA) orden\u00f3 [&hellip;]<\/p>\n","protected":false},"author":7,"featured_media":44879,"comment_status":"open","ping_status":"open","sticky":false,"template":"","format":"standard","meta":{"_exactmetrics_skip_tracking":false,"_exactmetrics_sitenote_active":false,"_exactmetrics_sitenote_note":"","_exactmetrics_sitenote_category":0,"jnews-multi-image_gallery":[],"jnews_single_post":{"source_name":"","source_url":"","via_name":"","via_url":"","override_template":"0","override":[{"template":"1","single_blog_custom":"","parallax":"1","fullscreen":"1","layout":"no-sidebar-narrow","sidebar":"default-sidebar","second_sidebar":"default-sidebar","sticky_sidebar":"1","share_position":"bottom","share_float_style":"share-monocrhome","show_share_counter":"1","show_view_counter":"1","show_featured":"0","show_post_meta":"1","show_post_author":"0","show_post_author_image":"1","show_post_date":"1","post_date_format":"default","post_date_format_custom":"Y\/m\/d","show_post_category":"1","show_post_reading_time":"0","post_reading_time_wpm":"300","show_zoom_button":"0","zoom_button_out_step":"2","zoom_button_in_step":"3","show_post_tag":"1","show_prev_next_post":"0","show_popup_post":"0","number_popup_post":"1","show_author_box":"0","show_post_related":"1","show_inline_post_related":"0"}],"override_image_size":"0","image_override":[{"single_post_thumbnail_size":"crop-500","single_post_gallery_size":"crop-500"}],"trending_post":"0","trending_post_position":"meta","trending_post_label":"Trending","sponsored_post":"0","sponsored_post_label":"Sponsored by","sponsored_post_name":"","sponsored_post_url":"","sponsored_post_logo_enable":"0","sponsored_post_logo":"","sponsored_post_desc":"","disable_ad":"0"},"jnews_primary_category":{"id":"","hide":""},"jnews_social_meta":{"fb_title":"","fb_description":"","fb_image":"","twitter_title":"","twitter_description":"","twitter_image":""},"jnews_review":[],"enable_review":"0","type":"percentage","name":"","summary":"","brand":"","sku":"","good":[{"good_text":""}],"bad":[{"bad_text":""}],"score_override":"0","override_value":"","rating":[{"rating_text":"","rating_number":"10"}],"price":[{"shop":"","price":"","link":"","icon":""}],"jnews_override_counter":{"override_view_counter":"0","view_counter_number":"0","override_share_counter":"0","share_counter_number":"0","override_like_counter":"0","like_counter_number":"0","override_dislike_counter":"0","dislike_counter_number":"0"},"jnews_post_split":{"enable_post_split":"0","post_split":[{"template":"1","tag":"h2","numbering":"asc","mode":"normal","first":"0","enable_toc":"0","toc_type":"normal"}]},"footnotes":""},"categories":[18],"tags":[26,395,1325,1323,1255,1197,1324],"class_list":["post-44876","post","type-post","status-publish","format-standard","has-post-thumbnail","hentry","category-nacionales","tag-ate","tag-ate-cordoba","tag-censura","tag-javier-milei","tag-radio-nacional","tag-radio-nacional-cordoba","tag-vaciamiento"],"jetpack_featured_media_url":"https:\/\/atecordoba.org\/wp-content\/uploads\/2024\/08\/Imagen-de-WhatsApp-2024-08-01-a-las-13.51.45_3689bf63-e1722535984608.jpg","_links":{"self":[{"href":"https:\/\/atecordoba.org\/index.php?rest_route=\/wp\/v2\/posts\/44876","targetHints":{"allow":["GET"]}}],"collection":[{"href":"https:\/\/atecordoba.org\/index.php?rest_route=\/wp\/v2\/posts"}],"about":[{"href":"https:\/\/atecordoba.org\/index.php?rest_route=\/wp\/v2\/types\/post"}],"author":[{"embeddable":true,"href":"https:\/\/atecordoba.org\/index.php?rest_route=\/wp\/v2\/users\/7"}],"replies":[{"embeddable":true,"href":"https:\/\/atecordoba.org\/index.php?rest_route=%2Fwp%2Fv2%2Fcomments&post=44876"}],"version-history":[{"count":1,"href":"https:\/\/atecordoba.org\/index.php?rest_route=\/wp\/v2\/posts\/44876\/revisions"}],"predecessor-version":[{"id":44893,"href":"https:\/\/atecordoba.org\/index.php?rest_route=\/wp\/v2\/posts\/44876\/revisions\/44893"}],"wp:featuredmedia":[{"embeddable":true,"href":"https:\/\/atecordoba.org\/index.php?rest_route=\/wp\/v2\/media\/44879"}],"wp:attachment":[{"href":"https:\/\/atecordoba.org\/index.php?rest_route=%2Fwp%2Fv2%2Fmedia&parent=44876"}],"wp:term":[{"taxonomy":"category","embeddable":true,"href":"https:\/\/atecordoba.org\/index.php?rest_route=%2Fwp%2Fv2%2Fcategories&post=44876"},{"taxonomy":"post_tag","embeddable":true,"href":"https:\/\/atecordoba.org\/index.php?rest_route=%2Fwp%2Fv2%2Ftags&post=44876"}],"curies":[{"name":"wp","href":"https:\/\/api.w.org\/{rel}","templated":true}]}}