{"id":44862,"date":"2024-07-31T14:27:44","date_gmt":"2024-07-31T17:27:44","guid":{"rendered":"https:\/\/atecordoba.org\/?p=44862"},"modified":"2024-07-31T14:27:44","modified_gmt":"2024-07-31T17:27:44","slug":"protesta-de-sectores-productivos-en-rio-tercero-por-el-vaciamiento-de-las-empresas-estatales-en-cordoba","status":"publish","type":"post","link":"https:\/\/atecordoba.org\/?p=44862","title":{"rendered":"Protesta de sectores productivos en R\u00edo Tercero por el vaciamiento de las empresas estatales en C\u00f3rdoba"},"content":{"rendered":"<figure id=\"attachment_44863\" aria-describedby=\"caption-attachment-44863\" style=\"width: 599px\" class=\"wp-caption aligncenter\"><img loading=\"lazy\" decoding=\"async\" class=\"wp-image-44863\" src=\"https:\/\/atecordoba.org\/wp-content\/uploads\/2024\/07\/IMG-20240731-WA0051-1024x768.jpg\" alt=\"\" width=\"599\" height=\"450\" \/><figcaption id=\"caption-attachment-44863\" class=\"wp-caption-text\">La protesta cont\u00f3 con la presencia de las seccionales R\u00edo Cuarto y R\u00edo Tercero.<\/figcaption><\/figure>\n<p>Tal como lo <a href=\"https:\/\/atecordoba.org\/?p=44807\">hab\u00eda resuelto<\/a> la \u00a0Mesa de Sectores Productivos, hoy por la ma\u00f1ana se llev\u00f3 a cabo una protesta frente al ingreso de la F\u00e1brica Militar R\u00edo Tercero. Cientos de estatales se congregaron para mandar un mensaje claro al gobierno: como en los &#8217;90 ATE va a resistir el vaciamiento y privatizaci\u00f3n de las plantas productivas del Estado nacional.<\/p>\n<p>Adem\u00e1s, \u00a0la Mesa de Sectores Productivos present\u00f3 un documento evaluando la situaci\u00f3n del sector, denunciando el &#8220;industricidio&#8221; que el Gobierno de Javier Milei est\u00e1 imponiendo a la producci\u00f3n nacional.<\/p>\n<p><img loading=\"lazy\" decoding=\"async\" class=\"aligncenter wp-image-44864 \" src=\"https:\/\/atecordoba.org\/wp-content\/uploads\/2024\/07\/Imagen-de-WhatsApp-2024-07-31-a-las-13.26.09_b5bc45e7-1024x768.jpg\" alt=\"\" width=\"603\" height=\"453\" srcset=\"https:\/\/atecordoba.org\/wp-content\/uploads\/2024\/07\/Imagen-de-WhatsApp-2024-07-31-a-las-13.26.09_b5bc45e7-1024x768.jpg 1024w, https:\/\/atecordoba.org\/wp-content\/uploads\/2024\/07\/Imagen-de-WhatsApp-2024-07-31-a-las-13.26.09_b5bc45e7-300x225.jpg 300w, https:\/\/atecordoba.org\/wp-content\/uploads\/2024\/07\/Imagen-de-WhatsApp-2024-07-31-a-las-13.26.09_b5bc45e7-768x576.jpg 768w, https:\/\/atecordoba.org\/wp-content\/uploads\/2024\/07\/Imagen-de-WhatsApp-2024-07-31-a-las-13.26.09_b5bc45e7-1536x1152.jpg 1536w, https:\/\/atecordoba.org\/wp-content\/uploads\/2024\/07\/Imagen-de-WhatsApp-2024-07-31-a-las-13.26.09_b5bc45e7-2048x1536.jpg 2048w, https:\/\/atecordoba.org\/wp-content\/uploads\/2024\/07\/Imagen-de-WhatsApp-2024-07-31-a-las-13.26.09_b5bc45e7-750x563.jpg 750w, https:\/\/atecordoba.org\/wp-content\/uploads\/2024\/07\/Imagen-de-WhatsApp-2024-07-31-a-las-13.26.09_b5bc45e7-1140x855.jpg 1140w\" sizes=\"auto, (max-width: 603px) 100vw, 603px\" \/><\/p>\n<p>&#8220;Las empresas productivas y organismos del estado nacional generan desarrollo y producci\u00f3n estrat\u00e9gica para la innovaci\u00f3n tecnol\u00f3gica y de defensa, sus instalaciones generan componentes y productos para las fuerzas armadas, meteorolog\u00eda, para la energ\u00eda, etc. Las mismas son \u201cFabricaciones Militares, Dioxitec, nucleoel\u00e9ctrica S.A, CONAE\u201d ubicadas estrat\u00e9gicamente en el centro del pa\u00eds y concebidas desde sus inicios para alcanzar mayor autonom\u00eda en materia de producci\u00f3n b\u00e9lica y energ\u00e9tica, \u00a0garantizando as\u00ed una mayor independencia en el cuidado de nuestro territorio, sus recursos naturales y la intervenci\u00f3n ante agresiones de car\u00e1cter externo de otro Estado&#8221;, se\u00f1ala el documento.<\/p>\n<p><img loading=\"lazy\" decoding=\"async\" class=\"aligncenter wp-image-44865 \" src=\"https:\/\/atecordoba.org\/wp-content\/uploads\/2024\/07\/IMG-20240731-WA0049-1024x768.jpg\" alt=\"\" width=\"610\" height=\"458\" srcset=\"https:\/\/atecordoba.org\/wp-content\/uploads\/2024\/07\/IMG-20240731-WA0049-1024x768.jpg 1024w, https:\/\/atecordoba.org\/wp-content\/uploads\/2024\/07\/IMG-20240731-WA0049-300x225.jpg 300w, https:\/\/atecordoba.org\/wp-content\/uploads\/2024\/07\/IMG-20240731-WA0049-768x576.jpg 768w, https:\/\/atecordoba.org\/wp-content\/uploads\/2024\/07\/IMG-20240731-WA0049-1536x1152.jpg 1536w, https:\/\/atecordoba.org\/wp-content\/uploads\/2024\/07\/IMG-20240731-WA0049-750x563.jpg 750w, https:\/\/atecordoba.org\/wp-content\/uploads\/2024\/07\/IMG-20240731-WA0049-1140x855.jpg 1140w, https:\/\/atecordoba.org\/wp-content\/uploads\/2024\/07\/IMG-20240731-WA0049.jpg 1600w\" sizes=\"auto, (max-width: 610px) 100vw, 610px\" \/><\/p>\n<p>Y agrega: &#8220;El cuidado de esos recursos estaba basado tambi\u00e9n en la importancia de transformar los mismos y dotarlos de\u00a0 valor agregado, logrando as\u00ed la fabricaci\u00f3n no solo de bienes sino de <em>commodities<\/em>, importantes en toda naci\u00f3n para su desarrollo y econom\u00eda, esto en nuestro pa\u00eds permiti\u00f3 mayor desarrollo e independencia en rubros como la miner\u00eda, que llevo a la creaci\u00f3n de la industria sider\u00fargica argentina, como tambi\u00e9n la industria qu\u00edmica, que permiti\u00f3 no solo la producci\u00f3n de ese material b\u00e9lico, sino que a medida que se desarroll\u00f3 se fue expandiendo a distintas \u00e1reas como el transporte ferroviario y componentes electr\u00f3nicos&#8221;.<\/p>\n<p><img loading=\"lazy\" decoding=\"async\" class=\"wp-image-44866  alignright\" src=\"https:\/\/atecordoba.org\/wp-content\/uploads\/2024\/07\/IMG-20240731-WA0052-1024x768.jpg\" alt=\"\" width=\"396\" height=\"297\" srcset=\"https:\/\/atecordoba.org\/wp-content\/uploads\/2024\/07\/IMG-20240731-WA0052-1024x768.jpg 1024w, https:\/\/atecordoba.org\/wp-content\/uploads\/2024\/07\/IMG-20240731-WA0052-300x225.jpg 300w, https:\/\/atecordoba.org\/wp-content\/uploads\/2024\/07\/IMG-20240731-WA0052-768x576.jpg 768w, https:\/\/atecordoba.org\/wp-content\/uploads\/2024\/07\/IMG-20240731-WA0052-1536x1152.jpg 1536w, https:\/\/atecordoba.org\/wp-content\/uploads\/2024\/07\/IMG-20240731-WA0052-750x563.jpg 750w, https:\/\/atecordoba.org\/wp-content\/uploads\/2024\/07\/IMG-20240731-WA0052-1140x855.jpg 1140w, https:\/\/atecordoba.org\/wp-content\/uploads\/2024\/07\/IMG-20240731-WA0052.jpg 1600w\" sizes=\"auto, (max-width: 396px) 100vw, 396px\" \/><\/p>\n<p>en tal sentido, la Mesa de Sectores Productivos enfatiza que &#8220;la defensa del territorio y los recursos logro motorizar esa industrializaci\u00f3n que mencionamos, con ella vino la necesidad de mano de obra por lo que se generaron una inmensa cantidad de puestos de trabajo, que en capacitaci\u00f3n constante tambi\u00e9n logro desarrollos cient\u00edficos-tecnol\u00f3gicos que le permiti\u00f3 articular con otras industrias como las centrales nucleares fundamentales en el desarrollo de nuestra matriz energ\u00e9tica, pieza fundamental para el desarrollo de cualquier industria y que tambi\u00e9n trajo desarrollos en el rubro de medicina&#8221;.<\/p>\n<p>Por \u00faltimo, el documento afirma que &#8220;como podemos ver el desarrollo de nuestras industrias estrat\u00e9gicas son de suma importancia en nuestro pa\u00eds por lo que no se pueden generar \u201c<em>industricidios<\/em>\u201d por cuestiones ideol\u00f3gicas, ya que el armamento, las fuerzas armadas, la energ\u00eda y los n\u00facleos estrat\u00e9gicos de las naciones, son cuestiones de estado, las cuales rigen la vida de nuestra naci\u00f3n. Como lo observamos a lo largo de la historia, la mayor\u00eda de las industrias que fueron desprendidas del estado no fueron repotenciadas, sino todo lo contrario, terminaron inactivas.\u00a0 Por eso decimos que el destino las mismas debe estar centrado en potenciarlas d\u00eda a d\u00eda y bajo ning\u00fan punto de vista pueden quedar en manos de alg\u00fan individuo sino al servicio del pueblo&#8221;.<\/p>\n<p>&nbsp;<\/p>\n<p>&nbsp;<\/p>\n<p>&nbsp;<\/p>\n<p>&nbsp;<\/p>\n","protected":false},"excerpt":{"rendered":"<p>Tal como lo hab\u00eda resuelto la \u00a0Mesa de Sectores Productivos, hoy por la ma\u00f1ana se llev\u00f3 a cabo una protesta frente al ingreso de la F\u00e1brica Militar R\u00edo Tercero. Cientos de estatales se congregaron para mandar un mensaje claro al gobierno: como en los &#8217;90 ATE va a resistir el vaciamiento y privatizaci\u00f3n de las [&hellip;]<\/p>\n","protected":false},"author":7,"featured_media":44863,"comment_status":"open","ping_status":"open","sticky":false,"template":"","format":"standard","meta":{"_exactmetrics_skip_tracking":false,"_exactmetrics_sitenote_active":false,"_exactmetrics_sitenote_note":"","_exactmetrics_sitenote_category":0,"jnews-multi-image_gallery":[],"jnews_single_post":{"source_name":"","source_url":"","via_name":"","via_url":"","override_template":"0","override":[{"template":"1","single_blog_custom":"","parallax":"1","fullscreen":"1","layout":"no-sidebar-narrow","sidebar":"default-sidebar","second_sidebar":"default-sidebar","sticky_sidebar":"1","share_position":"bottom","share_float_style":"share-monocrhome","show_share_counter":"1","show_view_counter":"1","show_featured":"0","show_post_meta":"1","show_post_author":"0","show_post_author_image":"1","show_post_date":"1","post_date_format":"default","post_date_format_custom":"Y\/m\/d","show_post_category":"1","show_post_reading_time":"0","post_reading_time_wpm":"300","show_zoom_button":"0","zoom_button_out_step":"2","zoom_button_in_step":"3","show_post_tag":"1","show_prev_next_post":"0","show_popup_post":"0","number_popup_post":"1","show_author_box":"0","show_post_related":"1","show_inline_post_related":"0"}],"override_image_size":"0","image_override":[{"single_post_thumbnail_size":"crop-500","single_post_gallery_size":"crop-500"}],"trending_post":"0","trending_post_position":"meta","trending_post_label":"Trending","sponsored_post":"0","sponsored_post_label":"Sponsored by","sponsored_post_name":"","sponsored_post_url":"","sponsored_post_logo_enable":"0","sponsored_post_logo":"","sponsored_post_desc":"","disable_ad":"0"},"jnews_primary_category":{"id":"","hide":""},"jnews_social_meta":{"fb_title":"","fb_description":"","fb_image":"","twitter_title":"","twitter_description":"","twitter_image":""},"jnews_review":[],"enable_review":"0","type":"percentage","name":"","summary":"","brand":"","sku":"","good":[{"good_text":""}],"bad":[{"bad_text":""}],"score_override":"0","override_value":"","rating":[{"rating_text":"","rating_number":"10"}],"price":[{"shop":"","price":"","link":"","icon":""}],"jnews_override_counter":{"override_view_counter":"0","view_counter_number":"0","override_share_counter":"0","share_counter_number":"0","override_like_counter":"0","like_counter_number":"0","override_dislike_counter":"0","dislike_counter_number":"0"},"jnews_post_split":{"enable_post_split":"0","post_split":[{"template":"1","tag":"h2","numbering":"asc","mode":"normal","first":"0","enable_toc":"0","toc_type":"normal"}]},"footnotes":""},"categories":[18],"tags":[1321,407,703,1314],"class_list":["post-44862","post","type-post","status-publish","format-standard","has-post-thumbnail","hentry","category-nacionales","tag-ate-rio-cuarto","tag-ate-rio-tercero","tag-ffmm","tag-mesa-de-sectores-productivos"],"jetpack_featured_media_url":"https:\/\/atecordoba.org\/wp-content\/uploads\/2024\/07\/IMG-20240731-WA0051-e1722446857641.jpg","_links":{"self":[{"href":"https:\/\/atecordoba.org\/index.php?rest_route=\/wp\/v2\/posts\/44862","targetHints":{"allow":["GET"]}}],"collection":[{"href":"https:\/\/atecordoba.org\/index.php?rest_route=\/wp\/v2\/posts"}],"about":[{"href":"https:\/\/atecordoba.org\/index.php?rest_route=\/wp\/v2\/types\/post"}],"author":[{"embeddable":true,"href":"https:\/\/atecordoba.org\/index.php?rest_route=\/wp\/v2\/users\/7"}],"replies":[{"embeddable":true,"href":"https:\/\/atecordoba.org\/index.php?rest_route=%2Fwp%2Fv2%2Fcomments&post=44862"}],"version-history":[{"count":1,"href":"https:\/\/atecordoba.org\/index.php?rest_route=\/wp\/v2\/posts\/44862\/revisions"}],"predecessor-version":[{"id":44867,"href":"https:\/\/atecordoba.org\/index.php?rest_route=\/wp\/v2\/posts\/44862\/revisions\/44867"}],"wp:featuredmedia":[{"embeddable":true,"href":"https:\/\/atecordoba.org\/index.php?rest_route=\/wp\/v2\/media\/44863"}],"wp:attachment":[{"href":"https:\/\/atecordoba.org\/index.php?rest_route=%2Fwp%2Fv2%2Fmedia&parent=44862"}],"wp:term":[{"taxonomy":"category","embeddable":true,"href":"https:\/\/atecordoba.org\/index.php?rest_route=%2Fwp%2Fv2%2Fcategories&post=44862"},{"taxonomy":"post_tag","embeddable":true,"href":"https:\/\/atecordoba.org\/index.php?rest_route=%2Fwp%2Fv2%2Ftags&post=44862"}],"curies":[{"name":"wp","href":"https:\/\/api.w.org\/{rel}","templated":true}]}}