{"id":44848,"date":"2024-07-31T13:58:20","date_gmt":"2024-07-31T16:58:20","guid":{"rendered":"https:\/\/atecordoba.org\/?p=44848"},"modified":"2024-07-31T13:58:20","modified_gmt":"2024-07-31T16:58:20","slug":"conicet-asamblea-repudio-despidos-de-cientos-de-becarios","status":"publish","type":"post","link":"https:\/\/atecordoba.org\/?p=44848","title":{"rendered":"CONICET: Asamblea repudi\u00f3 despidos de cientos de becarios"},"content":{"rendered":"<p><img loading=\"lazy\" decoding=\"async\" class=\"wp-image-44849  aligncenter\" src=\"https:\/\/atecordoba.org\/wp-content\/uploads\/2024\/07\/IMG-20240731-WA0046-1024x578.jpg\" alt=\"\" width=\"605\" height=\"341\" \/><\/p>\n<p>Esta ma\u00f1ana se desarroll\u00f3 una asamblea de trabajadoras y trabajadores de CONICET en las escalinatas de la Faculta de Ciencias Exactas de la UNC, en el marco de una Jornada Nacional de Lucha dispuesta por ATE para repudiar el vaciamiento del organismo que es referencia en la formaci\u00f3n de cient\u00edfica y t\u00e9cnica en el continente.<\/p>\n<p>En la oportunidad, el Consejo Directivo Provincial (CDP) acompa\u00f1\u00f3 la protesta con la presencia de la secretaria de Formaci\u00f3n, Irina Silberman.<\/p>\n<p><img loading=\"lazy\" decoding=\"async\" class=\"wp-image-44850  aligncenter\" src=\"https:\/\/atecordoba.org\/wp-content\/uploads\/2024\/07\/IMG-20240731-WA0013-1024x578.jpg\" alt=\"\" width=\"603\" height=\"340\" srcset=\"https:\/\/atecordoba.org\/wp-content\/uploads\/2024\/07\/IMG-20240731-WA0013-1024x578.jpg 1024w, https:\/\/atecordoba.org\/wp-content\/uploads\/2024\/07\/IMG-20240731-WA0013-300x169.jpg 300w, https:\/\/atecordoba.org\/wp-content\/uploads\/2024\/07\/IMG-20240731-WA0013-768x434.jpg 768w, https:\/\/atecordoba.org\/wp-content\/uploads\/2024\/07\/IMG-20240731-WA0013-1536x867.jpg 1536w, https:\/\/atecordoba.org\/wp-content\/uploads\/2024\/07\/IMG-20240731-WA0013-2048x1156.jpg 2048w, https:\/\/atecordoba.org\/wp-content\/uploads\/2024\/07\/IMG-20240731-WA0013-750x423.jpg 750w, https:\/\/atecordoba.org\/wp-content\/uploads\/2024\/07\/IMG-20240731-WA0013-1140x643.jpg 1140w\" sizes=\"auto, (max-width: 603px) 100vw, 603px\" \/><\/p>\n<p>&#8220;Hoy estamos en otro d\u00eda de lucha debido a la situaci\u00f3n cr\u00edtica que atraviesa el organismo por el vaciamiento que impone el gobierno de Javier Milei, la reducci\u00f3n de becas y el presupuesto para trabajar&#8221;, dijo Santiago Ben\u00edtez, delegado de ATE CONICET.<\/p>\n<p>El dirigente explic\u00f3 que &#8220;este 31 fueron despedidos del sistema cientos de becarios posdoctorales, a quienes no les informaron el resultado de sus concursos para el ingreso a carrera, desvincul\u00e1ndolos sin completar ese tr\u00e1mite, ya completado para que se incorporen a la planta de personal&#8221;.<\/p>\n<p>&#8220;Son trabajadores que quedan abandonados a su suerte, debiendo buscarse otro trabajo o quedarse sin sustento. \u00a0Por ese motivo estamos convocando a realizar distintas acciones de lucha contra este gobierno ajustador&#8221;, concluy\u00f3 Ben\u00edtez.<\/p>\n<p><img loading=\"lazy\" decoding=\"async\" class=\"aligncenter wp-image-44851 \" src=\"https:\/\/atecordoba.org\/wp-content\/uploads\/2024\/07\/IMG-20240731-WA0019-1024x578.jpg\" alt=\"\" width=\"606\" height=\"342\" srcset=\"https:\/\/atecordoba.org\/wp-content\/uploads\/2024\/07\/IMG-20240731-WA0019-1024x578.jpg 1024w, https:\/\/atecordoba.org\/wp-content\/uploads\/2024\/07\/IMG-20240731-WA0019-300x169.jpg 300w, https:\/\/atecordoba.org\/wp-content\/uploads\/2024\/07\/IMG-20240731-WA0019-768x433.jpg 768w, https:\/\/atecordoba.org\/wp-content\/uploads\/2024\/07\/IMG-20240731-WA0019-1536x867.jpg 1536w, https:\/\/atecordoba.org\/wp-content\/uploads\/2024\/07\/IMG-20240731-WA0019-750x423.jpg 750w, https:\/\/atecordoba.org\/wp-content\/uploads\/2024\/07\/IMG-20240731-WA0019-1140x643.jpg 1140w, https:\/\/atecordoba.org\/wp-content\/uploads\/2024\/07\/IMG-20240731-WA0019.jpg 1600w\" sizes=\"auto, (max-width: 606px) 100vw, 606px\" \/><\/p>\n<p>La instituci\u00f3n hab\u00eda garantizado a trav\u00e9s de una resoluci\u00f3n emitida por la Direcci\u00f3n la continuidad de los cient\u00edficos doctorados que se encontraban en concurso para el posdoctorado.<\/p>\n<p>En este per\u00edodo entre concursos que puede llegar a durar de 6 meses a un a\u00f1o, el organismo usualmente prorroga la beca del cient\u00edfico para evitar que este tenga que irse a otro rubro. Los trabajadores denunciaron que la direcci\u00f3n de la entidad dio marcha atr\u00e1s con esta resoluci\u00f3n y por consecuencia 300 trabajadores ser\u00edan desafectados de la instituci\u00f3n a partir del 1 de agosto, inform\u00f3 el diario El Cronista.<\/p>\n<figure id=\"attachment_44852\" aria-describedby=\"caption-attachment-44852\" style=\"width: 637px\" class=\"wp-caption aligncenter\"><img loading=\"lazy\" decoding=\"async\" class=\"wp-image-44852 \" src=\"https:\/\/atecordoba.org\/wp-content\/uploads\/2024\/07\/inversion-conicet.png\" alt=\"\" width=\"637\" height=\"304\" srcset=\"https:\/\/atecordoba.org\/wp-content\/uploads\/2024\/07\/inversion-conicet.png 698w, https:\/\/atecordoba.org\/wp-content\/uploads\/2024\/07\/inversion-conicet-300x143.png 300w\" sizes=\"auto, (max-width: 637px) 100vw, 637px\" \/><figcaption id=\"caption-attachment-44852\" class=\"wp-caption-text\">Inversi\u00f3n en Ciencia y T\u00e9cnica, por a\u00f1os presupuestarios.<\/figcaption><\/figure>\n<p>En ese marco, Los cient\u00edficos remarcaron que esto es &#8220;un perjuicio para el sistema cient\u00edfico que financi\u00f3 la formaci\u00f3n de recursos humanos durante ocho a\u00f1os&#8221; para luego &#8220;expulsarlos de forma arbitraria a solo meses de conocerse los resultados del concurso&#8221;.<\/p>\n<p>En tal sentido, Silberman afirm\u00f3 que el CDP\u00a0acompa\u00f1a a las y los compa\u00f1eros en lucha &#8220;para decir no al vaciamiento del Conicet y en defensa de lo p\u00fablico&#8221;.<\/p>\n<p>&#8220;Defendemos cada uno de los puestos de trabajo, que son esenciales. Vamos a seguir encendiendo la llama de la lucha en cada uno de los espacios donde nos encontremos&#8221;, remarc\u00f3 Silberman.<\/p>\n<div id='gallery_1' class='gallery galleryid-44848 gallery-columns-3 gallery-size-thumbnail'><figure class='gallery-item'>\n                <div class='gallery-icon landscape'>\n                    <a href='https:\/\/atecordoba.org\/wp-content\/uploads\/2024\/07\/IMG-20240731-WA0031.jpg'><img loading=\"lazy\" decoding=\"async\" width=\"150\" height=\"150\" src=\"\" class=\"attachment-thumbnail size-thumbnail lazyload\" alt=\"\" data-src=\"https:\/\/atecordoba.org\/wp-content\/uploads\/2024\/07\/IMG-20240731-WA0031-150x150.jpg\" data-sizes=\"auto\" data-srcset=\"https:\/\/atecordoba.org\/wp-content\/uploads\/2024\/07\/IMG-20240731-WA0031-150x150.jpg 150w, https:\/\/atecordoba.org\/wp-content\/uploads\/2024\/07\/IMG-20240731-WA0031-560x560.jpg 560w, https:\/\/atecordoba.org\/wp-content\/uploads\/2024\/07\/IMG-20240731-WA0031-75x75.jpg 75w, https:\/\/atecordoba.org\/wp-content\/uploads\/2024\/07\/IMG-20240731-WA0031-350x350.jpg 350w\" data-expand=\"700\" \/><\/a>\n                <\/div><\/figure><figure class='gallery-item'>\n                <div class='gallery-icon landscape'>\n                    <a href='https:\/\/atecordoba.org\/wp-content\/uploads\/2024\/07\/IMG-20240731-WA0036.jpg'><img loading=\"lazy\" decoding=\"async\" width=\"150\" height=\"150\" src=\"\" class=\"attachment-thumbnail size-thumbnail lazyload\" alt=\"\" data-src=\"https:\/\/atecordoba.org\/wp-content\/uploads\/2024\/07\/IMG-20240731-WA0036-150x150.jpg\" data-sizes=\"auto\" data-srcset=\"https:\/\/atecordoba.org\/wp-content\/uploads\/2024\/07\/IMG-20240731-WA0036-150x150.jpg 150w, https:\/\/atecordoba.org\/wp-content\/uploads\/2024\/07\/IMG-20240731-WA0036-560x560.jpg 560w, https:\/\/atecordoba.org\/wp-content\/uploads\/2024\/07\/IMG-20240731-WA0036-75x75.jpg 75w, https:\/\/atecordoba.org\/wp-content\/uploads\/2024\/07\/IMG-20240731-WA0036-350x350.jpg 350w\" data-expand=\"700\" \/><\/a>\n                <\/div><\/figure><figure class='gallery-item'>\n                <div class='gallery-icon landscape'>\n                    <a href='https:\/\/atecordoba.org\/wp-content\/uploads\/2024\/07\/IMG-20240731-WA0041.jpg'><img loading=\"lazy\" decoding=\"async\" width=\"150\" height=\"150\" src=\"\" class=\"attachment-thumbnail size-thumbnail lazyload\" alt=\"\" data-src=\"https:\/\/atecordoba.org\/wp-content\/uploads\/2024\/07\/IMG-20240731-WA0041-150x150.jpg\" data-sizes=\"auto\" data-srcset=\"https:\/\/atecordoba.org\/wp-content\/uploads\/2024\/07\/IMG-20240731-WA0041-150x150.jpg 150w, https:\/\/atecordoba.org\/wp-content\/uploads\/2024\/07\/IMG-20240731-WA0041-560x560.jpg 560w, https:\/\/atecordoba.org\/wp-content\/uploads\/2024\/07\/IMG-20240731-WA0041-75x75.jpg 75w, https:\/\/atecordoba.org\/wp-content\/uploads\/2024\/07\/IMG-20240731-WA0041-350x350.jpg 350w\" data-expand=\"700\" \/><\/a>\n                <\/div><\/figure><br style=\"clear: both\" \/><figure class='gallery-item'>\n                <div class='gallery-icon landscape'>\n                    <a href='https:\/\/atecordoba.org\/wp-content\/uploads\/2024\/07\/IMG-20240731-WA0042.jpg'><img loading=\"lazy\" decoding=\"async\" width=\"150\" height=\"150\" src=\"\" class=\"attachment-thumbnail size-thumbnail lazyload\" alt=\"\" data-src=\"https:\/\/atecordoba.org\/wp-content\/uploads\/2024\/07\/IMG-20240731-WA0042-150x150.jpg\" data-sizes=\"auto\" data-srcset=\"https:\/\/atecordoba.org\/wp-content\/uploads\/2024\/07\/IMG-20240731-WA0042-150x150.jpg 150w, https:\/\/atecordoba.org\/wp-content\/uploads\/2024\/07\/IMG-20240731-WA0042-560x560.jpg 560w, https:\/\/atecordoba.org\/wp-content\/uploads\/2024\/07\/IMG-20240731-WA0042-75x75.jpg 75w, https:\/\/atecordoba.org\/wp-content\/uploads\/2024\/07\/IMG-20240731-WA0042-350x350.jpg 350w\" data-expand=\"700\" \/><\/a>\n                <\/div><\/figure><figure class='gallery-item'>\n                <div class='gallery-icon landscape'>\n                    <a href='https:\/\/atecordoba.org\/wp-content\/uploads\/2024\/07\/IMG-20240731-WA0015.jpg'><img loading=\"lazy\" decoding=\"async\" width=\"150\" height=\"150\" src=\"\" class=\"attachment-thumbnail size-thumbnail lazyload\" alt=\"\" data-src=\"https:\/\/atecordoba.org\/wp-content\/uploads\/2024\/07\/IMG-20240731-WA0015-150x150.jpg\" data-sizes=\"auto\" data-srcset=\"https:\/\/atecordoba.org\/wp-content\/uploads\/2024\/07\/IMG-20240731-WA0015-150x150.jpg 150w, https:\/\/atecordoba.org\/wp-content\/uploads\/2024\/07\/IMG-20240731-WA0015-560x560.jpg 560w, https:\/\/atecordoba.org\/wp-content\/uploads\/2024\/07\/IMG-20240731-WA0015-75x75.jpg 75w, https:\/\/atecordoba.org\/wp-content\/uploads\/2024\/07\/IMG-20240731-WA0015-350x350.jpg 350w\" data-expand=\"700\" \/><\/a>\n                <\/div><\/figure><figure class='gallery-item'>\n                <div class='gallery-icon landscape'>\n                    <a href='https:\/\/atecordoba.org\/wp-content\/uploads\/2024\/07\/IMG-20240731-WA0039.jpg'><img loading=\"lazy\" decoding=\"async\" width=\"150\" height=\"150\" src=\"\" class=\"attachment-thumbnail size-thumbnail lazyload\" alt=\"\" data-src=\"https:\/\/atecordoba.org\/wp-content\/uploads\/2024\/07\/IMG-20240731-WA0039-150x150.jpg\" data-sizes=\"auto\" data-srcset=\"https:\/\/atecordoba.org\/wp-content\/uploads\/2024\/07\/IMG-20240731-WA0039-150x150.jpg 150w, https:\/\/atecordoba.org\/wp-content\/uploads\/2024\/07\/IMG-20240731-WA0039-560x560.jpg 560w, https:\/\/atecordoba.org\/wp-content\/uploads\/2024\/07\/IMG-20240731-WA0039-75x75.jpg 75w, https:\/\/atecordoba.org\/wp-content\/uploads\/2024\/07\/IMG-20240731-WA0039-350x350.jpg 350w\" data-expand=\"700\" \/><\/a>\n                <\/div><\/figure><br style=\"clear: both\" \/>\n            <\/div>\n\n","protected":false},"excerpt":{"rendered":"<p>Esta ma\u00f1ana se desarroll\u00f3 una asamblea de trabajadoras y trabajadores de CONICET en las escalinatas de la Faculta de Ciencias Exactas de la UNC, en el marco de una Jornada Nacional de Lucha dispuesta por ATE para repudiar el vaciamiento del organismo que es referencia en la formaci\u00f3n de cient\u00edfica y t\u00e9cnica en el continente. [&hellip;]<\/p>\n","protected":false},"author":7,"featured_media":44849,"comment_status":"open","ping_status":"open","sticky":false,"template":"","format":"standard","meta":{"_exactmetrics_skip_tracking":false,"_exactmetrics_sitenote_active":false,"_exactmetrics_sitenote_note":"","_exactmetrics_sitenote_category":0,"jnews-multi-image_gallery":[],"jnews_single_post":{"source_name":"","source_url":"","via_name":"","via_url":"","override_template":"0","override":[{"template":"1","single_blog_custom":"","parallax":"1","fullscreen":"1","layout":"no-sidebar-narrow","sidebar":"default-sidebar","second_sidebar":"default-sidebar","sticky_sidebar":"1","share_position":"bottom","share_float_style":"share-monocrhome","show_share_counter":"1","show_view_counter":"1","show_featured":"0","show_post_meta":"1","show_post_author":"0","show_post_author_image":"1","show_post_date":"1","post_date_format":"default","post_date_format_custom":"Y\/m\/d","show_post_category":"1","show_post_reading_time":"0","post_reading_time_wpm":"300","show_zoom_button":"0","zoom_button_out_step":"2","zoom_button_in_step":"3","show_post_tag":"1","show_prev_next_post":"0","show_popup_post":"0","number_popup_post":"1","show_author_box":"0","show_post_related":"1","show_inline_post_related":"0"}],"override_image_size":"0","image_override":[{"single_post_thumbnail_size":"crop-500","single_post_gallery_size":"crop-500"}],"trending_post":"0","trending_post_position":"meta","trending_post_label":"Trending","sponsored_post":"0","sponsored_post_label":"Sponsored by","sponsored_post_name":"","sponsored_post_url":"","sponsored_post_logo_enable":"0","sponsored_post_logo":"","sponsored_post_desc":"","disable_ad":"0"},"jnews_primary_category":{"id":"","hide":""},"jnews_social_meta":{"fb_title":"","fb_description":"","fb_image":"","twitter_title":"","twitter_description":"","twitter_image":""},"jnews_review":[],"enable_review":"0","type":"percentage","name":"","summary":"","brand":"","sku":"","good":[{"good_text":""}],"bad":[{"bad_text":""}],"score_override":"0","override_value":"","rating":[{"rating_text":"","rating_number":"10"}],"price":[{"shop":"","price":"","link":"","icon":""}],"jnews_override_counter":{"override_view_counter":"0","view_counter_number":"0","override_share_counter":"0","share_counter_number":"0","override_like_counter":"0","like_counter_number":"0","override_dislike_counter":"0","dislike_counter_number":"0"},"jnews_post_split":{"enable_post_split":"0","post_split":[{"template":"1","tag":"h2","numbering":"asc","mode":"normal","first":"0","enable_toc":"0","toc_type":"normal"}]},"footnotes":""},"categories":[18],"tags":[395,61,133],"class_list":["post-44848","post","type-post","status-publish","format-standard","has-post-thumbnail","hentry","category-nacionales","tag-ate-cordoba","tag-conicet","tag-conicet-cientificos-argentinos-ajuste"],"jetpack_featured_media_url":"https:\/\/atecordoba.org\/wp-content\/uploads\/2024\/07\/IMG-20240731-WA0046-e1722445093397.jpg","_links":{"self":[{"href":"https:\/\/atecordoba.org\/index.php?rest_route=\/wp\/v2\/posts\/44848","targetHints":{"allow":["GET"]}}],"collection":[{"href":"https:\/\/atecordoba.org\/index.php?rest_route=\/wp\/v2\/posts"}],"about":[{"href":"https:\/\/atecordoba.org\/index.php?rest_route=\/wp\/v2\/types\/post"}],"author":[{"embeddable":true,"href":"https:\/\/atecordoba.org\/index.php?rest_route=\/wp\/v2\/users\/7"}],"replies":[{"embeddable":true,"href":"https:\/\/atecordoba.org\/index.php?rest_route=%2Fwp%2Fv2%2Fcomments&post=44848"}],"version-history":[{"count":1,"href":"https:\/\/atecordoba.org\/index.php?rest_route=\/wp\/v2\/posts\/44848\/revisions"}],"predecessor-version":[{"id":44860,"href":"https:\/\/atecordoba.org\/index.php?rest_route=\/wp\/v2\/posts\/44848\/revisions\/44860"}],"wp:featuredmedia":[{"embeddable":true,"href":"https:\/\/atecordoba.org\/index.php?rest_route=\/wp\/v2\/media\/44849"}],"wp:attachment":[{"href":"https:\/\/atecordoba.org\/index.php?rest_route=%2Fwp%2Fv2%2Fmedia&parent=44848"}],"wp:term":[{"taxonomy":"category","embeddable":true,"href":"https:\/\/atecordoba.org\/index.php?rest_route=%2Fwp%2Fv2%2Fcategories&post=44848"},{"taxonomy":"post_tag","embeddable":true,"href":"https:\/\/atecordoba.org\/index.php?rest_route=%2Fwp%2Fv2%2Ftags&post=44848"}],"curies":[{"name":"wp","href":"https:\/\/api.w.org\/{rel}","templated":true}]}}