{"id":44843,"date":"2024-07-31T09:59:38","date_gmt":"2024-07-31T12:59:38","guid":{"rendered":"https:\/\/atecordoba.org\/?p=44843"},"modified":"2024-07-31T09:59:38","modified_gmt":"2024-07-31T12:59:38","slug":"espacio-de-formacion-politica-para-estudiantes-y-trabajadores-en-la-casa-de-la-historia-del-movimiento-obrero","status":"publish","type":"post","link":"https:\/\/atecordoba.org\/?p=44843","title":{"rendered":"Espacio de formaci\u00f3n pol\u00edtica para estudiantes y trabajadores en la Casa de la Historia del Movimiento Obrero"},"content":{"rendered":"<p><img loading=\"lazy\" decoding=\"async\" class=\"wp-image-44844  aligncenter\" src=\"https:\/\/atecordoba.org\/wp-content\/uploads\/2024\/07\/flyer-ffyh-813x1024.jpeg\" alt=\"\" width=\"607\" height=\"765\" srcset=\"https:\/\/atecordoba.org\/wp-content\/uploads\/2024\/07\/flyer-ffyh-813x1024.jpeg 813w, https:\/\/atecordoba.org\/wp-content\/uploads\/2024\/07\/flyer-ffyh-238x300.jpeg 238w, https:\/\/atecordoba.org\/wp-content\/uploads\/2024\/07\/flyer-ffyh-768x968.jpeg 768w, https:\/\/atecordoba.org\/wp-content\/uploads\/2024\/07\/flyer-ffyh-1219x1536.jpeg 1219w, https:\/\/atecordoba.org\/wp-content\/uploads\/2024\/07\/flyer-ffyh-750x945.jpeg 750w, https:\/\/atecordoba.org\/wp-content\/uploads\/2024\/07\/flyer-ffyh-1140x1436.jpeg 1140w, https:\/\/atecordoba.org\/wp-content\/uploads\/2024\/07\/flyer-ffyh.jpeg 1270w\" sizes=\"auto, (max-width: 607px) 100vw, 607px\" \/><\/p>\n<p>Ma\u00f1ana jueves 1\u00ba de agosto, a las 18:30 horas, en la Casa Hist\u00f3rica de la CGT C\u00f3rdoba (Av. V\u00e9lez Sarsfield 137) comienza un ciclo de formaci\u00f3n que en su primer cap\u00edtulo abordar\u00e1 los desaf\u00edos de las juventudes, el trabajo y la cultura.<\/p>\n<p>Se trata de un ciclo organizado a iniciativa de la Facultad de Filosof\u00eda y Humanidades (FFyH) de la UNC. En el conversatorio, participar\u00e1n Macarena Rold\u00e1n (IIPsi-CONICET\/UNC), Gregorio Tati\u00e1n (CISPREN-SRT) y Mart\u00edn Pigliacampi (SAT-SRT), representantes de los Servicio de Radio y Televisi\u00f3n (SRT) \u00a0de la UNC, actualmente amenazados en su continuidad por las pol\u00edticas de ajuste del rectorado.<\/p>\n<p>Denominado Memorias para el Futuro, el espacio fue\u00a0ideado conjuntamente entre la Uni\u00f3n Obrera Gr\u00e1fica de C\u00f3rdoba, el Foro Sindical de Derechos Humanos de la Mesa de Trabajo por los DDHH, la Biblioteca Nacional-sede Juan Filloy (C\u00f3rdoba), el Centro de Estudiantes, la Secretar\u00eda de Extensi\u00f3n, la Secretar\u00eda de Asuntos Estudiantiles, la Oficina de Graduadxs y el Programa de Derechos Humanos de la FFyH, surgi\u00f3 en 2022 con el prop\u00f3sito de crear un espacio de encuentro para el estudio, la discusi\u00f3n, el debate y el intercambio de conocimientos entre instituciones universitarias y estatales junto a organizaciones gremiales y estudiantiles.<\/p>\n<p>El ciclo de encuentros Memorias para el Futuro intenta ser un aporte en la construcci\u00f3n de propuestas formativas, particularmente para activistas gremiales -delegados\/as sindicales- y estudiantiles, a partir de la socializaci\u00f3n de herramientas te\u00f3rico conceptuales, con proyecciones hacia el futuro desde la problematizaci\u00f3n del presente en clave hist\u00f3rica y pol\u00edtica, desde el abordaje de tem\u00e1ticas espec\u00edficas relacionadas con sucesos hist\u00f3ricos que tuvieron a trabajadores y estudiantes como parte importante de su desarrollo.<\/p>\n","protected":false},"excerpt":{"rendered":"<p>Ma\u00f1ana jueves 1\u00ba de agosto, a las 18:30 horas, en la Casa Hist\u00f3rica de la CGT C\u00f3rdoba (Av. V\u00e9lez Sarsfield 137) comienza un ciclo de formaci\u00f3n que en su primer cap\u00edtulo abordar\u00e1 los desaf\u00edos de las juventudes, el trabajo y la cultura. Se trata de un ciclo organizado a iniciativa de la Facultad de Filosof\u00eda [&hellip;]<\/p>\n","protected":false},"author":7,"featured_media":44845,"comment_status":"open","ping_status":"open","sticky":false,"template":"","format":"standard","meta":{"_exactmetrics_skip_tracking":false,"_exactmetrics_sitenote_active":false,"_exactmetrics_sitenote_note":"","_exactmetrics_sitenote_category":0,"jnews-multi-image_gallery":[],"jnews_single_post":{"source_name":"","source_url":"","via_name":"","via_url":"","override_template":"0","override":[{"template":"1","single_blog_custom":"","parallax":"1","fullscreen":"1","layout":"no-sidebar-narrow","sidebar":"default-sidebar","second_sidebar":"default-sidebar","sticky_sidebar":"1","share_position":"bottom","share_float_style":"share-monocrhome","show_share_counter":"1","show_view_counter":"1","show_featured":"0","show_post_meta":"1","show_post_author":"0","show_post_author_image":"1","show_post_date":"1","post_date_format":"default","post_date_format_custom":"Y\/m\/d","show_post_category":"1","show_post_reading_time":"0","post_reading_time_wpm":"300","show_zoom_button":"0","zoom_button_out_step":"2","zoom_button_in_step":"3","show_post_tag":"1","show_prev_next_post":"0","show_popup_post":"0","number_popup_post":"1","show_author_box":"0","show_post_related":"1","show_inline_post_related":"0"}],"override_image_size":"0","image_override":[{"single_post_thumbnail_size":"crop-500","single_post_gallery_size":"crop-500"}],"trending_post":"0","trending_post_position":"meta","trending_post_label":"Trending","sponsored_post":"0","sponsored_post_label":"Sponsored by","sponsored_post_name":"","sponsored_post_url":"","sponsored_post_logo_enable":"0","sponsored_post_logo":"","sponsored_post_desc":"","disable_ad":"0"},"jnews_primary_category":{"id":"","hide":""},"jnews_social_meta":{"fb_title":"","fb_description":"","fb_image":"","twitter_title":"","twitter_description":"","twitter_image":""},"jnews_review":[],"enable_review":"0","type":"percentage","name":"","summary":"","brand":"","sku":"","good":[{"good_text":""}],"bad":[{"bad_text":""}],"score_override":"0","override_value":"","rating":[{"rating_text":"","rating_number":"10"}],"price":[{"shop":"","price":"","link":"","icon":""}],"jnews_override_counter":{"override_view_counter":"0","view_counter_number":"0","override_share_counter":"0","share_counter_number":"0","override_like_counter":"0","like_counter_number":"0","override_dislike_counter":"0","dislike_counter_number":"0"},"jnews_post_split":{"enable_post_split":"0","post_split":[{"template":"1","tag":"h2","numbering":"asc","mode":"normal","first":"0","enable_toc":"0","toc_type":"normal"}]},"footnotes":""},"categories":[88],"tags":[],"class_list":["post-44843","post","type-post","status-publish","format-standard","has-post-thumbnail","hentry","category-formacion"],"jetpack_featured_media_url":"https:\/\/atecordoba.org\/wp-content\/uploads\/2024\/07\/flyer-ffyh-1.jpeg","_links":{"self":[{"href":"https:\/\/atecordoba.org\/index.php?rest_route=\/wp\/v2\/posts\/44843","targetHints":{"allow":["GET"]}}],"collection":[{"href":"https:\/\/atecordoba.org\/index.php?rest_route=\/wp\/v2\/posts"}],"about":[{"href":"https:\/\/atecordoba.org\/index.php?rest_route=\/wp\/v2\/types\/post"}],"author":[{"embeddable":true,"href":"https:\/\/atecordoba.org\/index.php?rest_route=\/wp\/v2\/users\/7"}],"replies":[{"embeddable":true,"href":"https:\/\/atecordoba.org\/index.php?rest_route=%2Fwp%2Fv2%2Fcomments&post=44843"}],"version-history":[{"count":1,"href":"https:\/\/atecordoba.org\/index.php?rest_route=\/wp\/v2\/posts\/44843\/revisions"}],"predecessor-version":[{"id":44846,"href":"https:\/\/atecordoba.org\/index.php?rest_route=\/wp\/v2\/posts\/44843\/revisions\/44846"}],"wp:featuredmedia":[{"embeddable":true,"href":"https:\/\/atecordoba.org\/index.php?rest_route=\/wp\/v2\/media\/44845"}],"wp:attachment":[{"href":"https:\/\/atecordoba.org\/index.php?rest_route=%2Fwp%2Fv2%2Fmedia&parent=44843"}],"wp:term":[{"taxonomy":"category","embeddable":true,"href":"https:\/\/atecordoba.org\/index.php?rest_route=%2Fwp%2Fv2%2Fcategories&post=44843"},{"taxonomy":"post_tag","embeddable":true,"href":"https:\/\/atecordoba.org\/index.php?rest_route=%2Fwp%2Fv2%2Ftags&post=44843"}],"curies":[{"name":"wp","href":"https:\/\/api.w.org\/{rel}","templated":true}]}}