{"id":4484,"date":"2014-09-16T17:41:14","date_gmt":"2014-09-16T20:41:14","guid":{"rendered":"http:\/\/www.atecordoba.org\/?p=4484"},"modified":"2014-09-16T17:41:14","modified_gmt":"2014-09-16T20:41:14","slug":"unc-la-disputa-por-la-representacion-llego-a-la-daspu","status":"publish","type":"post","link":"https:\/\/atecordoba.org\/?p=4484","title":{"rendered":"UNC: la disputa por la representaci\u00f3n lleg\u00f3 a la Daspu"},"content":{"rendered":"<p><em>ATE realiz\u00f3 la elecci\u00f3n de delegados pese a la oposici\u00f3n de las autoridades que intentaron impedir el comicio, apelando a la presencia policial. Se suma un sector m\u00e1s a representaci\u00f3n de nuestro gremio.<\/em><\/p>\n<figure id=\"attachment_4485\" aria-describedby=\"caption-attachment-4485\" style=\"width: 559px\" class=\"wp-caption aligncenter\"><a href=\"http:\/\/www.atecordoba.org\/wp-content\/uploads\/2014\/09\/IMG_6958.jpg\"><img loading=\"lazy\" decoding=\"async\" class=\"wp-image-4485\" src=\"http:\/\/www.atecordoba.org\/wp-content\/uploads\/2014\/09\/IMG_6958.jpg\" alt=\"IMG_6958\" width=\"559\" height=\"419\" \/><\/a><figcaption id=\"caption-attachment-4485\" class=\"wp-caption-text\">Federico Jodar es uno de los delegados electos por los trabajadores de la Daspu<\/figcaption><\/figure>\n<p>El pasado 10 de septiembre ATE realiz\u00f3 la elecci\u00f3n de delegados en la sede de Daspu, obra social del personal universitario, donde nuestro gremio hizo pie hace unos meses a partir de un r\u00e1pido proceso de afiliaci\u00f3n de un importante grupo de compa\u00f1eros del sector.<\/p>\n<p>Los compa\u00f1eros eligieron tres delegados que tienen por objetivo plasmar la organizaci\u00f3n gremial de los trabajadores para lograr abrir los canales necesarios a los efectos de hacer llegar a las autoridades las necesidades de cada sector. \u201cSucede que hasta ahora exist\u00edan dos gremios que no tienen actuaci\u00f3n en la pr\u00e1ctica, por m\u00e1s que sean signatarios de la paritaria\u201d, explic\u00f3 Federico Jodar, delegado elegido en la oportunidad, junto a los compa\u00f1eros Alejandra Cacace y Fabi\u00e1n Godoy.<\/p>\n<p>A la hora de abrir la urna, el presidente del organismo, H\u00e9ctor Tavella, intent\u00f3 enturbiar el proceso democr\u00e1tico de elecci\u00f3n de representantes, primero por medio de una carta documento donde pretend\u00eda impedir la apertura del acto eleccionario; posteriormente, apost\u00e1ndose al lado de la urna para amedrentar a los compa\u00f1eros que iban a votar, al tiempo que instalaba una guardia policial con el mismo fin.<\/p>\n<p>No obstante, los compa\u00f1eros de ATE en el sector, conscientes del derecho que los asiste, y acompa\u00f1ados por los integrantes de la conducci\u00f3n Francisco Pav\u00e1n, Lu\u00eds Barcena, Daniel Pawluchuzk, Diego Guerra y V\u00edctor Lecuona, se pusieron firmes en la decisi\u00f3n de mantener abierta la urna dentro del edificio y consiguieron convocar a un gran n\u00famero de compa\u00f1eros para que pudieran ejercer su derecho a votar.<\/p>\n<p>\u201cEstamos demostrando que ATE tiene cobertura en todo el \u00e1mbito universitario y la Daspu no es la excepci\u00f3n. Realizamos esta elecci\u00f3n de delegados en el marco de la personar\u00eda gremial y el \u00e1mbito de representaci\u00f3n que tiene nuestro gremio y queremos dejar en claro que ATE llega para quedarse, al igual que sucede en todos los sectores del Estado en todo el pa\u00eds\u201d, afirm\u00f3 Francisco Pav\u00e1n al finalizar la elecci\u00f3n.<\/p>\n<p><strong>Organizaci\u00f3n<\/strong><\/p>\n<p>Jodar se\u00f1al\u00f3 que ATE comenz\u00f3 a crecer en el sector porque \u201chace tiempo que venimos charlando la posibilidad de organizarnos en gremio. Vimos que la salida es ATE, y hace dos meses iniciamos el proceso de afiliaci\u00f3n\u201d.<\/p>\n<p>Entre las principales reivindicaciones se cuenta la necesidad de una apertura a la discusi\u00f3n paritaria, el nombramiento de personal para terminar cubrir las necesidades de cada sector, la apertura de la negociaci\u00f3n salarial y el fin de la precarizaci\u00f3n laboral por medio del pase a planta para terminar con los abusos de los monotributos y los contratos a t\u00e9rminos.<\/p>\n","protected":false},"excerpt":{"rendered":"<p>ATE realiz\u00f3 la elecci\u00f3n de delegados pese a la oposici\u00f3n de las autoridades que intentaron impedir el comicio, apelando a la presencia policial. Se suma un sector m\u00e1s a representaci\u00f3n de nuestro gremio. El pasado 10 de septiembre ATE realiz\u00f3 la elecci\u00f3n de delegados en la sede de Daspu, obra social del personal universitario, donde [&hellip;]<\/p>\n","protected":false},"author":1,"featured_media":19220,"comment_status":"open","ping_status":"open","sticky":false,"template":"","format":"standard","meta":{"_exactmetrics_skip_tracking":false,"_exactmetrics_sitenote_active":false,"_exactmetrics_sitenote_note":"","_exactmetrics_sitenote_category":0,"jnews-multi-image_gallery":[],"jnews_single_post":[],"jnews_primary_category":[],"jnews_social_meta":[],"jnews_review":[],"enable_review":"","type":"","name":"","summary":"","brand":"","sku":"","good":[],"bad":[],"score_override":"","override_value":"","rating":[],"price":[],"jnews_override_counter":[],"jnews_post_split":[],"footnotes":""},"categories":[18,89],"tags":[],"class_list":["post-4484","post","type-post","status-publish","format-standard","has-post-thumbnail","hentry","category-nacionales","category-unc"],"jetpack_featured_media_url":"https:\/\/atecordoba.org\/wp-content\/uploads\/2020\/05\/logo-nuevochico-e1561581322808.png","_links":{"self":[{"href":"https:\/\/atecordoba.org\/index.php?rest_route=\/wp\/v2\/posts\/4484","targetHints":{"allow":["GET"]}}],"collection":[{"href":"https:\/\/atecordoba.org\/index.php?rest_route=\/wp\/v2\/posts"}],"about":[{"href":"https:\/\/atecordoba.org\/index.php?rest_route=\/wp\/v2\/types\/post"}],"author":[{"embeddable":true,"href":"https:\/\/atecordoba.org\/index.php?rest_route=\/wp\/v2\/users\/1"}],"replies":[{"embeddable":true,"href":"https:\/\/atecordoba.org\/index.php?rest_route=%2Fwp%2Fv2%2Fcomments&post=4484"}],"version-history":[{"count":0,"href":"https:\/\/atecordoba.org\/index.php?rest_route=\/wp\/v2\/posts\/4484\/revisions"}],"wp:featuredmedia":[{"embeddable":true,"href":"https:\/\/atecordoba.org\/index.php?rest_route=\/wp\/v2\/media\/19220"}],"wp:attachment":[{"href":"https:\/\/atecordoba.org\/index.php?rest_route=%2Fwp%2Fv2%2Fmedia&parent=4484"}],"wp:term":[{"taxonomy":"category","embeddable":true,"href":"https:\/\/atecordoba.org\/index.php?rest_route=%2Fwp%2Fv2%2Fcategories&post=4484"},{"taxonomy":"post_tag","embeddable":true,"href":"https:\/\/atecordoba.org\/index.php?rest_route=%2Fwp%2Fv2%2Ftags&post=4484"}],"curies":[{"name":"wp","href":"https:\/\/api.w.org\/{rel}","templated":true}]}}