{"id":44830,"date":"2024-07-30T10:09:00","date_gmt":"2024-07-30T13:09:00","guid":{"rendered":"https:\/\/atecordoba.org\/?p=44830"},"modified":"2024-07-30T10:09:40","modified_gmt":"2024-07-30T13:09:40","slug":"multitudinario-apoyo-en-traslasierra-a-los-luchadores-ambientales-de-punilla","status":"publish","type":"post","link":"https:\/\/atecordoba.org\/?p=44830","title":{"rendered":"Multitudinario apoyo en Traslasierra a los luchadores ambientales de Punilla"},"content":{"rendered":"<p><img loading=\"lazy\" decoding=\"async\" class=\"wp-image-44831 aligncenter\" src=\"https:\/\/atecordoba.org\/wp-content\/uploads\/2024\/07\/cta-dolores-1024x768.jpg\" alt=\"\" width=\"599\" height=\"450\" \/><\/p>\n<p>Con la presencia de los secretarios generales de la CTA Aut\u00f3noma Punilla, Juan Yacobs, de la CTA-A Traslasierra, Hugo \u201cP\u00e1jaro\u201d Galaburri, el secretario Adjunto de ATE Cruz del Eje y Secretario Gremial de la Central de Punilla, Juan Pablo \u201cBeto\u201d Pozzi, y el delegado de ATE en Villa Cura Brochero, Gustavo Cohen, se realiz\u00f3 en la C\u00e1mara en lo Criminal de Villa Dolores una audiencia donde se debati\u00f3 si se lleva o no a juicio oral y p\u00fablico a seis defensores ambientales que participaron de un escrache al ex intendente de Cosqu\u00edn, Gabriel Musso, durante las protestas contra la obra de la Autov\u00eda de Punilla.<\/p>\n<p>\u201cEn los estrados de los Tribunales de Villa Dolores se alza la voz contra la criminalizaci\u00f3n de la protesta social en toda la provincia de C\u00f3rdoba. Los reclamos que est\u00e1n judicializados tuvieron lugar por considerar urgente la defensa del derecho al ambiente sano y a la protesta constitucional para su defensa\u201d, afirm\u00f3 Yacobs.<img loading=\"lazy\" decoding=\"async\" class=\" wp-image-44832 alignleft\" src=\"https:\/\/atecordoba.org\/wp-content\/uploads\/2024\/07\/IMG-20240729-WA0069-300x280-1.jpg\" alt=\"\" width=\"349\" height=\"326\" \/><\/p>\n<p>La audiencia en Villa Dolores cont\u00f3 con mucha participaci\u00f3n de organizaciones pertenecientes al campo gremial y ambiental de Traslasierra, Punilla, y Paravachasca. Los dos abogados defensores de los compa\u00f1eros judicializados pudieron exponer la absoluta falsedad de los hechos que se les imputan.<\/p>\n<p><strong>Impugnaciones y persecuciones<\/strong><\/p>\n<p>En ese marco, el abogado Joaqu\u00edn Gonz\u00e1lez, patrocinante de la delegada de ATE en el Hospital Colonia Santa Mar\u00eda de Punilla, Marcela Mart\u00edn, plante\u00f3 la falta de garant\u00edas procesales y denunci\u00f3 que el Juez de Control se neg\u00f3 incorporar los testigos de su parte en todas las oportunidades. Tambi\u00e9n se explay\u00f3 argumentando la defensa de las v\u00edctimas de la judicializaci\u00f3n de la protesta el abogado Ren\u00e9 Amsler que representa a Marco Enrique D\u2019Angelo y Alba Cristina Ortiz.<\/p>\n<p>Se hizo presente el reclamo por otros hechos de falta de Justicia como el caso de la audiencia contra Diego Concha por el femicidio de Luana Ludue\u00f1a el 31 de julio o la causa por el intento de quitarle sus hijos a Constanza Taricco que tiene movilizada a la APDH Traslasierra hace una semana.<img loading=\"lazy\" decoding=\"async\" class=\" wp-image-44833 alignright\" src=\"https:\/\/atecordoba.org\/wp-content\/uploads\/2024\/07\/IMG-20240729-WA0092-300x135-1.jpg\" alt=\"\" width=\"360\" height=\"162\" \/><\/p>\n<p>A su vez, en la puerta de los tribunales de Villa Dolores se desarroll\u00f3 un juicio \u00e9tico y popular a al Poder Judicial cordob\u00e9s, patriarcal y ecocida que todav\u00eda protege al ex Presidente de la Unicameral, Oscar Gonz\u00e1lez, autor del crimen vial de las Altas Cumbres, mientras los defensores ambientales deben sentarse en el banquillo de los acusados<\/p>\n<p>El 28 de mayo pasado, el Juez de Control de Cosqu\u00edn, Ramiro N\u00fa\u00f1ez, resolvi\u00f3 la elevaci\u00f3n a juicio de la causa contra Marco Enrique D\u2019Angelo, Federico Ernesto D\u00edaz, Alba Cristina Ortiz, Mat\u00edas Marcelo P\u00e9rez, Marcela Alejandra Mart\u00edn, Gabriela Taborda Varela y Cristian Mariano Viglietti, por \u201camenazas\u201d, \u201cresistencia a la autoridad\u201d y \u201cda\u00f1os\u201d, a partir de la imputaci\u00f3n dispuesta por la fiscal de instrucci\u00f3n Paula Kelm. La decisi\u00f3n, apelada por las defensas, debe ser revisada por la C\u00e1mara de Villa Dolores.<img loading=\"lazy\" decoding=\"async\" class=\" wp-image-44834 alignleft\" src=\"https:\/\/atecordoba.org\/wp-content\/uploads\/2024\/07\/IMG-20240729-WA0074-300x134-1.jpg\" alt=\"\" width=\"416\" height=\"186\" \/><\/p>\n<p>En los \u00faltimos tres a\u00f1os, Kelm tambi\u00e9n imput\u00f3 a otros once militantes, siendo un total de dieciocho las personas acusadas en distintas causas por la misma fiscal\u00eda, todas relacionadas a la resistencia de los vecinos a la construcci\u00f3n ilegal e ileg\u00edtima de la llamada Autov\u00eda de Monta\u00f1a.<\/p>\n<p>Desde el 25 de enero del 2023 a\u00f1o al presente, han tomado estado p\u00fablico las elevaciones a juicio de seis de los 18 defensores ambientales imputados por acciones de protesta en torno a la construcci\u00f3n de la Autov\u00eda de Punilla.<\/p>\n<p>Tres de esos dieciocho imputados son miembros de la Comisi\u00f3n Directiva de la CTA-A Punilla: Dos periodistas y un comunero ind\u00edgena de la localidad de San Esteban, junto a tres defensores ambientales m\u00e1s, una de ellas delegada de ATE C\u00f3rdoba en el Hospital Colonia Santa Mar\u00eda.<\/p>\n<p><img loading=\"lazy\" decoding=\"async\" class=\"size-full wp-image-44835 alignright\" src=\"https:\/\/atecordoba.org\/wp-content\/uploads\/2024\/07\/IMG-20240729-WA0093-300x225-1.jpg\" alt=\"\" width=\"300\" height=\"225\" \/><\/p>\n<p><strong>Las voces de la vida<\/strong><\/p>\n<p><strong>Marcelo Gonz\u00e1lez<\/strong>,\u00a0de Ambiente Punilla, Cosqu\u00edn, Reserva R\u00edo Yuspe y Reserva Los Gigantes, hizo un llamado a la unidad en la resistencia contra el amedrentamiento del Gobierno por la judicializaci\u00f3n de la protesta.<\/p>\n<p><strong>Luis Suarez<\/strong>, activista del Valle de Paravachasca, relat\u00f3 los sucesos del acampe y el posterior desalojo por autoridades policiales. Expres\u00f3 que el desalojo se realiz\u00f3 en un momento de debilidad del acampe, cuando hab\u00eda pocos compa\u00f1eros, lo que facilit\u00f3 la acci\u00f3n de las autoridades.<\/p>\n<p><strong>Daniel Emerit<\/strong>, profesor y bi\u00f3logo del Foro Ambiental Traslasierra relat\u00f3 en un alegato contundente la t\u00e9trada c\u00f3mplice de delitos ambientales y ecocidas que promueven la judicializaci\u00f3n de la protesta: Justicia-gobierno-empresariado-pol\u00edticos. Y afirm\u00f3 que sin estos c\u00f3mplices no habr\u00eda negocios extractivistas-ecocidas en ninguna parte de la provincia ni en todo el territorio nacional.<\/p>\n<p><img loading=\"lazy\" decoding=\"async\" class=\" wp-image-44836 alignleft\" src=\"https:\/\/atecordoba.org\/wp-content\/uploads\/2024\/07\/IMG-20240729-WA0103-300x135-1.jpg\" alt=\"\" width=\"353\" height=\"159\" \/><\/p>\n<p><strong>M\u00e1s apoyos <\/strong><\/p>\n<p>Durante la ma\u00f1ana se destac\u00f3 la presencia de dirigentes de la UEPC Capital, Liliana Olivero, del Frente de Izquierda; militantes y activistas de los valles de Punilla, Paravachasca y Traslasierra, junto a numerosos ciudadanos preocupados por el avance del agronegocio, que pretende sentar precedentes en la persecuci\u00f3n judicial de los y las defensoras del ambiente y la vida.<\/p>\n<p>La demanda generalizada, a viva voz, fue: \u00a1Basta de persecuci\u00f3n, sobreseimiento inmediato de los imputados de Punilla!<\/p>\n","protected":false},"excerpt":{"rendered":"<p>Con la presencia de los secretarios generales de la CTA Aut\u00f3noma Punilla, Juan Yacobs, de la CTA-A Traslasierra, Hugo \u201cP\u00e1jaro\u201d Galaburri, el secretario Adjunto de ATE Cruz del Eje y Secretario Gremial de la Central de Punilla, Juan Pablo \u201cBeto\u201d Pozzi, y el delegado de ATE en Villa Cura Brochero, Gustavo Cohen, se realiz\u00f3 en [&hellip;]<\/p>\n","protected":false},"author":7,"featured_media":44831,"comment_status":"open","ping_status":"open","sticky":false,"template":"","format":"standard","meta":{"_exactmetrics_skip_tracking":false,"_exactmetrics_sitenote_active":false,"_exactmetrics_sitenote_note":"","_exactmetrics_sitenote_category":0,"jnews-multi-image_gallery":[],"jnews_single_post":{"source_name":"","source_url":"","via_name":"","via_url":"","override_template":"0","override":[{"template":"1","single_blog_custom":"","parallax":"1","fullscreen":"1","layout":"no-sidebar-narrow","sidebar":"default-sidebar","second_sidebar":"default-sidebar","sticky_sidebar":"1","share_position":"bottom","share_float_style":"share-monocrhome","show_share_counter":"1","show_view_counter":"1","show_featured":"0","show_post_meta":"1","show_post_author":"0","show_post_author_image":"1","show_post_date":"1","post_date_format":"default","post_date_format_custom":"Y\/m\/d","show_post_category":"1","show_post_reading_time":"0","post_reading_time_wpm":"300","show_zoom_button":"0","zoom_button_out_step":"2","zoom_button_in_step":"3","show_post_tag":"1","show_prev_next_post":"0","show_popup_post":"0","number_popup_post":"1","show_author_box":"0","show_post_related":"1","show_inline_post_related":"0"}],"override_image_size":"0","image_override":[{"single_post_thumbnail_size":"crop-500","single_post_gallery_size":"crop-500"}],"trending_post":"0","trending_post_position":"meta","trending_post_label":"Trending","sponsored_post":"0","sponsored_post_label":"Sponsored by","sponsored_post_name":"","sponsored_post_url":"","sponsored_post_logo_enable":"0","sponsored_post_logo":"","sponsored_post_desc":"","disable_ad":"0"},"jnews_primary_category":{"id":"","hide":""},"jnews_social_meta":{"fb_title":"","fb_description":"","fb_image":"","twitter_title":"","twitter_description":"","twitter_image":""},"jnews_review":[],"enable_review":"0","type":"percentage","name":"","summary":"","brand":"","sku":"","good":[{"good_text":""}],"bad":[{"bad_text":""}],"score_override":"0","override_value":"","rating":[{"rating_text":"","rating_number":"10"}],"price":[{"shop":"","price":"","link":"","icon":""}],"jnews_override_counter":{"override_view_counter":"0","view_counter_number":"0","override_share_counter":"0","share_counter_number":"0","override_like_counter":"0","like_counter_number":"0","override_dislike_counter":"0","dislike_counter_number":"0"},"jnews_post_split":{"enable_post_split":"0","post_split":[{"template":"1","tag":"h2","numbering":"asc","mode":"normal","first":"0","enable_toc":"0","toc_type":"normal"}]},"footnotes":""},"categories":[92],"tags":[26,926,502,1320,74,480,1319,575,653],"class_list":["post-44830","post","type-post","status-publish","format-standard","has-post-thumbnail","hentry","category-cta","tag-ate","tag-autovia-punilla","tag-cosquin","tag-criminalizacion-de-la-protesta","tag-cruz-del-eje","tag-ctaa","tag-ecocidio","tag-traslasierra","tag-villa-dolores"],"jetpack_featured_media_url":"https:\/\/atecordoba.org\/wp-content\/uploads\/2024\/07\/cta-dolores-e1722344932857.jpg","_links":{"self":[{"href":"https:\/\/atecordoba.org\/index.php?rest_route=\/wp\/v2\/posts\/44830","targetHints":{"allow":["GET"]}}],"collection":[{"href":"https:\/\/atecordoba.org\/index.php?rest_route=\/wp\/v2\/posts"}],"about":[{"href":"https:\/\/atecordoba.org\/index.php?rest_route=\/wp\/v2\/types\/post"}],"author":[{"embeddable":true,"href":"https:\/\/atecordoba.org\/index.php?rest_route=\/wp\/v2\/users\/7"}],"replies":[{"embeddable":true,"href":"https:\/\/atecordoba.org\/index.php?rest_route=%2Fwp%2Fv2%2Fcomments&post=44830"}],"version-history":[{"count":2,"href":"https:\/\/atecordoba.org\/index.php?rest_route=\/wp\/v2\/posts\/44830\/revisions"}],"predecessor-version":[{"id":44841,"href":"https:\/\/atecordoba.org\/index.php?rest_route=\/wp\/v2\/posts\/44830\/revisions\/44841"}],"wp:featuredmedia":[{"embeddable":true,"href":"https:\/\/atecordoba.org\/index.php?rest_route=\/wp\/v2\/media\/44831"}],"wp:attachment":[{"href":"https:\/\/atecordoba.org\/index.php?rest_route=%2Fwp%2Fv2%2Fmedia&parent=44830"}],"wp:term":[{"taxonomy":"category","embeddable":true,"href":"https:\/\/atecordoba.org\/index.php?rest_route=%2Fwp%2Fv2%2Fcategories&post=44830"},{"taxonomy":"post_tag","embeddable":true,"href":"https:\/\/atecordoba.org\/index.php?rest_route=%2Fwp%2Fv2%2Ftags&post=44830"}],"curies":[{"name":"wp","href":"https:\/\/api.w.org\/{rel}","templated":true}]}}