{"id":44817,"date":"2024-07-29T09:47:07","date_gmt":"2024-07-29T12:47:07","guid":{"rendered":"https:\/\/atecordoba.org\/?p=44817"},"modified":"2024-07-29T09:47:07","modified_gmt":"2024-07-29T12:47:07","slug":"enacom-seis-meses-de-intervencion-con-fuertes-retrocesos-en-materia-de-democracia-informativa-participacion-ciudadana-y-derecho-a-la-comunicacion","status":"publish","type":"post","link":"https:\/\/atecordoba.org\/?p=44817","title":{"rendered":"ENACOM: Seis meses de intervenci\u00f3n con fuertes retrocesos en materia de democracia informativa, participaci\u00f3n ciudadana y Derecho a la comunicaci\u00f3n"},"content":{"rendered":"<p><img loading=\"lazy\" decoding=\"async\" class=\"wp-image-44818  aligncenter\" src=\"https:\/\/atecordoba.org\/wp-content\/uploads\/2024\/07\/enacom-730x375.jpg\" alt=\"\" width=\"602\" height=\"309\" \/><\/p>\n<p>La Coordinadora Nacional de Televisoras Alternativas (CONTA) y el Foro Argentino de Radios Comunitarias (FARCO) lanzaron un fuerte comunicado, al que adhiere ATE C\u00f3rdoba, que denuncia del desmantelamiento del sistema de controles y regulaci\u00f3n de medios y telecomunicaciones argentinos a partir de la intervenci\u00f3n de la ENACom (Ente Nacional de comunicaciones), quitando toda proyecci\u00f3n a los medios de comunicaci\u00f3n comunitarios y alternativos y sometiendo el espectro al arbitrio de las corporaciones hegem\u00f3nicas y su discurso \u00fanico.<\/p>\n<p>El comunicado afirma: &#8220;Los 180 d\u00edas de la intervenci\u00f3n por decreto del ENACom se cumplen con fuertes retrocesos en materia de democracia informativa, participaci\u00f3n ciudadana y Derecho a la comunicaci\u00f3n.<\/p>\n<p>Esta situaci\u00f3n contraviene el principio de autonom\u00eda del \u00f3rgano regulador de medios y telecomunicaciones, subordina el control, la atribuci\u00f3n y asignaci\u00f3n de espectro para licencias audiovisuales y de telecomunicaciones al Poder Ejecutivo y le otorga plena discrecionalidad en la toma de todas las decisiones. De esta forma se elimina cualquier tipo de contralor del Congreso sobre el \u00f3rgano que, en la Argentina, funciona simult\u00e1neamente como regulador y como autoridad de aplicaci\u00f3n.<\/p>\n<p>En este marco se destaca la paralizaci\u00f3n total del Fomento vigente por ley y con presupuesto asignado a la comunicaci\u00f3n comunitaria, originaria y de frontera, que al borde del octavo mes del a\u00f1o presenta ejecuci\u00f3n cero. Se retienen fondos de proyectos en desarrollo, se desconocen convenios firmados y concursos iniciados y, en un mensaje pol\u00edtico de desprecio in\u00e9dito en la historia del Ente, se niegan incluso a recibir a las redes y federaciones representantes de la comunicaci\u00f3n comunitaria.<\/p>\n<p>Con la misma excusa utilizada en otras \u00e1reas para retener y recortar alimentos, tratamientos de salud o pensiones, se implementa la figura de una \u201crevisi\u00f3n\u201d que en la pr\u00e1ctica es una paralizaci\u00f3n total -en contraste con la celeridad para atender y expandir los negocios de los mismos de siempre- sobre fondos que devienen de los grav\u00e1menes que los propios medios tributamos al Ente.<\/p>\n<p>La suspensi\u00f3n de las pol\u00edticas p\u00fablicas de conectividad en barrios populares, desregulaci\u00f3n total y fuerte tarifazos, despido de trabajadores, cierre de delegaciones completan el panorama. Una intervenci\u00f3n a tono con el escenario general de ultra concentraci\u00f3n, autoritarismo, vaciamiento de los medios p\u00fablicos, hostigamiento a periodistas (en particular mujeres), y promoci\u00f3n del acoso digital.<\/p>\n<p>Exigimos el pago de las deudas y la plena aplicaci\u00f3n de la ley&#8221;.<\/p>\n","protected":false},"excerpt":{"rendered":"<p>La Coordinadora Nacional de Televisoras Alternativas (CONTA) y el Foro Argentino de Radios Comunitarias (FARCO) lanzaron un fuerte comunicado, al que adhiere ATE C\u00f3rdoba, que denuncia del desmantelamiento del sistema de controles y regulaci\u00f3n de medios y telecomunicaciones argentinos a partir de la intervenci\u00f3n de la ENACom (Ente Nacional de comunicaciones), quitando toda proyecci\u00f3n a [&hellip;]<\/p>\n","protected":false},"author":7,"featured_media":44818,"comment_status":"open","ping_status":"open","sticky":false,"template":"","format":"standard","meta":{"_exactmetrics_skip_tracking":false,"_exactmetrics_sitenote_active":false,"_exactmetrics_sitenote_note":"","_exactmetrics_sitenote_category":0,"jnews-multi-image_gallery":[],"jnews_single_post":{"source_name":"","source_url":"","via_name":"","via_url":"","override_template":"0","override":[{"template":"1","single_blog_custom":"","parallax":"1","fullscreen":"1","layout":"no-sidebar-narrow","sidebar":"default-sidebar","second_sidebar":"default-sidebar","sticky_sidebar":"1","share_position":"bottom","share_float_style":"share-monocrhome","show_share_counter":"1","show_view_counter":"1","show_featured":"0","show_post_meta":"1","show_post_author":"0","show_post_author_image":"1","show_post_date":"1","post_date_format":"default","post_date_format_custom":"Y\/m\/d","show_post_category":"1","show_post_reading_time":"0","post_reading_time_wpm":"300","show_zoom_button":"0","zoom_button_out_step":"2","zoom_button_in_step":"3","show_post_tag":"1","show_prev_next_post":"0","show_popup_post":"0","number_popup_post":"1","show_author_box":"0","show_post_related":"1","show_inline_post_related":"0"}],"override_image_size":"0","image_override":[{"single_post_thumbnail_size":"crop-500","single_post_gallery_size":"crop-500"}],"trending_post":"0","trending_post_position":"meta","trending_post_label":"Trending","sponsored_post":"0","sponsored_post_label":"Sponsored by","sponsored_post_name":"","sponsored_post_url":"","sponsored_post_logo_enable":"0","sponsored_post_logo":"","sponsored_post_desc":"","disable_ad":"0"},"jnews_primary_category":{"id":"","hide":""},"jnews_social_meta":{"fb_title":"","fb_description":"","fb_image":"","twitter_title":"","twitter_description":"","twitter_image":""},"jnews_review":[],"enable_review":"0","type":"percentage","name":"","summary":"","brand":"","sku":"","good":[{"good_text":""}],"bad":[{"bad_text":""}],"score_override":"0","override_value":"","rating":[{"rating_text":"","rating_number":"10"}],"price":[{"shop":"","price":"","link":"","icon":""}],"jnews_override_counter":{"override_view_counter":"0","view_counter_number":"0","override_share_counter":"0","share_counter_number":"0","override_like_counter":"0","like_counter_number":"0","override_dislike_counter":"0","dislike_counter_number":"0"},"jnews_post_split":{"enable_post_split":"0","post_split":[{"template":"1","tag":"h2","numbering":"asc","mode":"normal","first":"0","enable_toc":"0","toc_type":"normal"}]},"footnotes":""},"categories":[18],"tags":[26,395,1317,1315,1316,1318],"class_list":["post-44817","post","type-post","status-publish","format-standard","has-post-thumbnail","hentry","category-nacionales","tag-ate","tag-ate-cordoba","tag-comunicacion","tag-enacom","tag-medios","tag-medios-hegemonicos"],"jetpack_featured_media_url":"https:\/\/atecordoba.org\/wp-content\/uploads\/2024\/07\/enacom-e1722257160560.jpg","_links":{"self":[{"href":"https:\/\/atecordoba.org\/index.php?rest_route=\/wp\/v2\/posts\/44817","targetHints":{"allow":["GET"]}}],"collection":[{"href":"https:\/\/atecordoba.org\/index.php?rest_route=\/wp\/v2\/posts"}],"about":[{"href":"https:\/\/atecordoba.org\/index.php?rest_route=\/wp\/v2\/types\/post"}],"author":[{"embeddable":true,"href":"https:\/\/atecordoba.org\/index.php?rest_route=\/wp\/v2\/users\/7"}],"replies":[{"embeddable":true,"href":"https:\/\/atecordoba.org\/index.php?rest_route=%2Fwp%2Fv2%2Fcomments&post=44817"}],"version-history":[{"count":1,"href":"https:\/\/atecordoba.org\/index.php?rest_route=\/wp\/v2\/posts\/44817\/revisions"}],"predecessor-version":[{"id":44819,"href":"https:\/\/atecordoba.org\/index.php?rest_route=\/wp\/v2\/posts\/44817\/revisions\/44819"}],"wp:featuredmedia":[{"embeddable":true,"href":"https:\/\/atecordoba.org\/index.php?rest_route=\/wp\/v2\/media\/44818"}],"wp:attachment":[{"href":"https:\/\/atecordoba.org\/index.php?rest_route=%2Fwp%2Fv2%2Fmedia&parent=44817"}],"wp:term":[{"taxonomy":"category","embeddable":true,"href":"https:\/\/atecordoba.org\/index.php?rest_route=%2Fwp%2Fv2%2Fcategories&post=44817"},{"taxonomy":"post_tag","embeddable":true,"href":"https:\/\/atecordoba.org\/index.php?rest_route=%2Fwp%2Fv2%2Ftags&post=44817"}],"curies":[{"name":"wp","href":"https:\/\/api.w.org\/{rel}","templated":true}]}}