{"id":44807,"date":"2024-07-26T14:34:12","date_gmt":"2024-07-26T17:34:12","guid":{"rendered":"https:\/\/atecordoba.org\/?p=44807"},"modified":"2024-07-26T14:34:12","modified_gmt":"2024-07-26T17:34:12","slug":"sectores-productivos-se-reunieron-en-el-cdp-y-resolvieron-realizar-un-acto-en-rio-tercero-el-miercoles-31-de-julio","status":"publish","type":"post","link":"https:\/\/atecordoba.org\/?p=44807","title":{"rendered":"Sectores productivos se reunieron en el CDP y resolvieron realizar un acto en R\u00edo Tercero el mi\u00e9rcoles 31 de julio"},"content":{"rendered":"<p><img loading=\"lazy\" decoding=\"async\" class=\"wp-image-44808  aligncenter\" src=\"https:\/\/atecordoba.org\/wp-content\/uploads\/2024\/07\/IMG-20240726-WA0057-scaled.jpg\" alt=\"\" width=\"602\" height=\"339\" \/><\/p>\n<p>Esta ma\u00f1ana se realiz\u00f3 un encuentro de sectores productivos en el Consejo Directivo Provincial (CDP), a los fines de fijar una serie de actividades relacionadas a la Mesa de Sectores Productivos, que aglutina diversos organismos estatales con asiento en C\u00f3rdoba.<\/p>\n<p><img loading=\"lazy\" decoding=\"async\" class=\"aligncenter wp-image-44809 \" src=\"https:\/\/atecordoba.org\/wp-content\/uploads\/2024\/07\/IMG-20240726-WA0063-scaled.jpg\" alt=\"\" width=\"601\" height=\"338\" srcset=\"https:\/\/atecordoba.org\/wp-content\/uploads\/2024\/07\/IMG-20240726-WA0063-scaled.jpg 2560w, https:\/\/atecordoba.org\/wp-content\/uploads\/2024\/07\/IMG-20240726-WA0063-300x169.jpg 300w, https:\/\/atecordoba.org\/wp-content\/uploads\/2024\/07\/IMG-20240726-WA0063-1024x576.jpg 1024w, https:\/\/atecordoba.org\/wp-content\/uploads\/2024\/07\/IMG-20240726-WA0063-768x432.jpg 768w, https:\/\/atecordoba.org\/wp-content\/uploads\/2024\/07\/IMG-20240726-WA0063-1536x864.jpg 1536w, https:\/\/atecordoba.org\/wp-content\/uploads\/2024\/07\/IMG-20240726-WA0063-2048x1152.jpg 2048w, https:\/\/atecordoba.org\/wp-content\/uploads\/2024\/07\/IMG-20240726-WA0063-750x422.jpg 750w, https:\/\/atecordoba.org\/wp-content\/uploads\/2024\/07\/IMG-20240726-WA0063-1140x641.jpg 1140w\" sizes=\"auto, (max-width: 601px) 100vw, 601px\" \/><\/p>\n<p>En la oportunidad, estuvieron presentes el secretario Gremial del CDP, Jorge Chalup, y sus pares de DDHH, C\u00e9sar Theaux, y Organizaci\u00f3n, Javier Bracamonte, junto al secretario General de ATE R\u00edo Tercero, David Salto, el delegado de Dioxitek, Claudio Coeroborja, los integrantes de la Junta Interna de ATE en F\u00e1brica Militar Villa Mar\u00eda, Gorocito y Fern\u00e1ndez Bertolini, y los delegados de dicha planta de FFMM, Vergara y Franco.<\/p>\n<p><img loading=\"lazy\" decoding=\"async\" class=\"aligncenter wp-image-44810 \" src=\"https:\/\/atecordoba.org\/wp-content\/uploads\/2024\/07\/IMG-20240726-WA0058-scaled.jpg\" alt=\"\" width=\"602\" height=\"339\" srcset=\"https:\/\/atecordoba.org\/wp-content\/uploads\/2024\/07\/IMG-20240726-WA0058-scaled.jpg 2560w, https:\/\/atecordoba.org\/wp-content\/uploads\/2024\/07\/IMG-20240726-WA0058-300x169.jpg 300w, https:\/\/atecordoba.org\/wp-content\/uploads\/2024\/07\/IMG-20240726-WA0058-1024x576.jpg 1024w, https:\/\/atecordoba.org\/wp-content\/uploads\/2024\/07\/IMG-20240726-WA0058-768x432.jpg 768w, https:\/\/atecordoba.org\/wp-content\/uploads\/2024\/07\/IMG-20240726-WA0058-1536x864.jpg 1536w, https:\/\/atecordoba.org\/wp-content\/uploads\/2024\/07\/IMG-20240726-WA0058-2048x1153.jpg 2048w, https:\/\/atecordoba.org\/wp-content\/uploads\/2024\/07\/IMG-20240726-WA0058-750x422.jpg 750w, https:\/\/atecordoba.org\/wp-content\/uploads\/2024\/07\/IMG-20240726-WA0058-1140x642.jpg 1140w\" sizes=\"auto, (max-width: 602px) 100vw, 602px\" \/><\/p>\n<p>Seg\u00fan lo acordado, el lunes pr\u00f3ximo las f\u00e1bricas militares de Villa Mar\u00eda y R\u00edo Tercero realizar\u00e1n sendas asambleas, en tanto que para el mi\u00e9rcoles 31 de julio est\u00e1 convocado un acto en la ciudad de R\u00edo Tercero en Defensa de la producci\u00f3n Industrial Nacional. El acto se llevar\u00e1 a cabo en el ingreso de la F\u00e1brica Militar R\u00edo Tercero con un corte de la misma.<\/p>\n<p><img loading=\"lazy\" decoding=\"async\" class=\"aligncenter wp-image-44811 \" src=\"https:\/\/atecordoba.org\/wp-content\/uploads\/2024\/07\/IMG-20240726-WA0067-scaled.jpg\" alt=\"\" width=\"601\" height=\"338\" srcset=\"https:\/\/atecordoba.org\/wp-content\/uploads\/2024\/07\/IMG-20240726-WA0067-scaled.jpg 2560w, https:\/\/atecordoba.org\/wp-content\/uploads\/2024\/07\/IMG-20240726-WA0067-300x169.jpg 300w, https:\/\/atecordoba.org\/wp-content\/uploads\/2024\/07\/IMG-20240726-WA0067-1024x576.jpg 1024w, https:\/\/atecordoba.org\/wp-content\/uploads\/2024\/07\/IMG-20240726-WA0067-768x432.jpg 768w, https:\/\/atecordoba.org\/wp-content\/uploads\/2024\/07\/IMG-20240726-WA0067-1536x864.jpg 1536w, https:\/\/atecordoba.org\/wp-content\/uploads\/2024\/07\/IMG-20240726-WA0067-2048x1152.jpg 2048w, https:\/\/atecordoba.org\/wp-content\/uploads\/2024\/07\/IMG-20240726-WA0067-750x422.jpg 750w, https:\/\/atecordoba.org\/wp-content\/uploads\/2024\/07\/IMG-20240726-WA0067-1140x641.jpg 1140w\" sizes=\"auto, (max-width: 601px) 100vw, 601px\" \/><\/p>\n<p>&#8220;Adem\u00e1s, el lunes se presentar\u00e1 a la ciudadan\u00eda un documento elaborado por los compa\u00f1eros haciendo un diagn\u00f3stico de la situaci\u00f3n de los organismos productivos estatales en C\u00f3rdoba. Al mismo tiempo vamos a elevar al Ministerio de Defensa de la Naci\u00f3n un pedido de informes sobre el destino de FFMM porque no hay proyectos productivos a la vista y, en cambio, sabemos que hubo visitas de delegaciones empresariales de EE.UU., Espa\u00f1a y B\u00e9lgica. Queremos saber de manera fehaciente que vinieron a hacer&#8221;, explic\u00f3 el secretario de DDHH, C\u00e9sar Theaux.<\/p>\n<div id='gallery_1' class='gallery galleryid-44807 gallery-columns-3 gallery-size-thumbnail'><figure class='gallery-item'>\n                <div class='gallery-icon landscape'>\n                    <a href='https:\/\/atecordoba.org\/wp-content\/uploads\/2024\/07\/IMG-20240726-WA0063-1-scaled.jpg'><img loading=\"lazy\" decoding=\"async\" width=\"150\" height=\"150\" src=\"\" class=\"attachment-thumbnail size-thumbnail lazyload\" alt=\"\" data-src=\"https:\/\/atecordoba.org\/wp-content\/uploads\/2024\/07\/IMG-20240726-WA0063-1-150x150.jpg\" data-sizes=\"auto\" data-srcset=\"https:\/\/atecordoba.org\/wp-content\/uploads\/2024\/07\/IMG-20240726-WA0063-1-150x150.jpg 150w, https:\/\/atecordoba.org\/wp-content\/uploads\/2024\/07\/IMG-20240726-WA0063-1-560x560.jpg 560w, https:\/\/atecordoba.org\/wp-content\/uploads\/2024\/07\/IMG-20240726-WA0063-1-75x75.jpg 75w, https:\/\/atecordoba.org\/wp-content\/uploads\/2024\/07\/IMG-20240726-WA0063-1-350x350.jpg 350w\" data-expand=\"700\" \/><\/a>\n                <\/div><\/figure><figure class='gallery-item'>\n                <div class='gallery-icon portrait'>\n                    <a href='https:\/\/atecordoba.org\/wp-content\/uploads\/2024\/07\/IMG-20240726-WA0060-scaled.jpg'><img loading=\"lazy\" decoding=\"async\" width=\"150\" height=\"150\" src=\"\" class=\"attachment-thumbnail size-thumbnail lazyload\" alt=\"\" data-src=\"https:\/\/atecordoba.org\/wp-content\/uploads\/2024\/07\/IMG-20240726-WA0060-150x150.jpg\" data-sizes=\"auto\" data-srcset=\"https:\/\/atecordoba.org\/wp-content\/uploads\/2024\/07\/IMG-20240726-WA0060-150x150.jpg 150w, https:\/\/atecordoba.org\/wp-content\/uploads\/2024\/07\/IMG-20240726-WA0060-560x560.jpg 560w, https:\/\/atecordoba.org\/wp-content\/uploads\/2024\/07\/IMG-20240726-WA0060-75x75.jpg 75w, https:\/\/atecordoba.org\/wp-content\/uploads\/2024\/07\/IMG-20240726-WA0060-350x350.jpg 350w\" data-expand=\"700\" \/><\/a>\n                <\/div><\/figure><figure class='gallery-item'>\n                <div class='gallery-icon portrait'>\n                    <a href='https:\/\/atecordoba.org\/wp-content\/uploads\/2024\/07\/IMG-20240726-WA0061-scaled.jpg'><img loading=\"lazy\" decoding=\"async\" width=\"150\" height=\"150\" src=\"\" class=\"attachment-thumbnail size-thumbnail lazyload\" alt=\"\" data-src=\"https:\/\/atecordoba.org\/wp-content\/uploads\/2024\/07\/IMG-20240726-WA0061-150x150.jpg\" data-sizes=\"auto\" data-srcset=\"https:\/\/atecordoba.org\/wp-content\/uploads\/2024\/07\/IMG-20240726-WA0061-150x150.jpg 150w, https:\/\/atecordoba.org\/wp-content\/uploads\/2024\/07\/IMG-20240726-WA0061-560x560.jpg 560w, https:\/\/atecordoba.org\/wp-content\/uploads\/2024\/07\/IMG-20240726-WA0061-75x75.jpg 75w, https:\/\/atecordoba.org\/wp-content\/uploads\/2024\/07\/IMG-20240726-WA0061-350x350.jpg 350w\" data-expand=\"700\" \/><\/a>\n                <\/div><\/figure><br style=\"clear: both\" \/>\n            <\/div>\n\n<p>&nbsp;<\/p>\n<p>&nbsp;<\/p>\n","protected":false},"excerpt":{"rendered":"<p>Esta ma\u00f1ana se realiz\u00f3 un encuentro de sectores productivos en el Consejo Directivo Provincial (CDP), a los fines de fijar una serie de actividades relacionadas a la Mesa de Sectores Productivos, que aglutina diversos organismos estatales con asiento en C\u00f3rdoba. En la oportunidad, estuvieron presentes el secretario Gremial del CDP, Jorge Chalup, y sus pares [&hellip;]<\/p>\n","protected":false},"author":7,"featured_media":44808,"comment_status":"open","ping_status":"open","sticky":false,"template":"","format":"standard","meta":{"_exactmetrics_skip_tracking":false,"_exactmetrics_sitenote_active":false,"_exactmetrics_sitenote_note":"","_exactmetrics_sitenote_category":0,"jnews-multi-image_gallery":[],"jnews_single_post":{"source_name":"","source_url":"","via_name":"","via_url":"","override_template":"0","override":[{"template":"1","single_blog_custom":"","parallax":"1","fullscreen":"1","layout":"no-sidebar-narrow","sidebar":"default-sidebar","second_sidebar":"default-sidebar","sticky_sidebar":"1","share_position":"bottom","share_float_style":"share-monocrhome","show_share_counter":"1","show_view_counter":"1","show_featured":"0","show_post_meta":"1","show_post_author":"0","show_post_author_image":"1","show_post_date":"1","post_date_format":"default","post_date_format_custom":"Y\/m\/d","show_post_category":"1","show_post_reading_time":"0","post_reading_time_wpm":"300","show_zoom_button":"0","zoom_button_out_step":"2","zoom_button_in_step":"3","show_post_tag":"1","show_prev_next_post":"0","show_popup_post":"0","number_popup_post":"1","show_author_box":"0","show_post_related":"1","show_inline_post_related":"0"}],"override_image_size":"0","image_override":[{"single_post_thumbnail_size":"crop-500","single_post_gallery_size":"crop-500"}],"trending_post":"0","trending_post_position":"meta","trending_post_label":"Trending","sponsored_post":"0","sponsored_post_label":"Sponsored by","sponsored_post_name":"","sponsored_post_url":"","sponsored_post_logo_enable":"0","sponsored_post_logo":"","sponsored_post_desc":"","disable_ad":"0"},"jnews_primary_category":{"id":"","hide":""},"jnews_social_meta":{"fb_title":"","fb_description":"","fb_image":"","twitter_title":"","twitter_description":"","twitter_image":""},"jnews_review":[],"enable_review":"0","type":"percentage","name":"","summary":"","brand":"","sku":"","good":[{"good_text":""}],"bad":[{"bad_text":""}],"score_override":"0","override_value":"","rating":[{"rating_text":"","rating_number":"10"}],"price":[{"shop":"","price":"","link":"","icon":""}],"jnews_override_counter":{"override_view_counter":"0","view_counter_number":"0","override_share_counter":"0","share_counter_number":"0","override_like_counter":"0","like_counter_number":"0","override_dislike_counter":"0","dislike_counter_number":"0"},"jnews_post_split":{"enable_post_split":"0","post_split":[{"template":"1","tag":"h2","numbering":"asc","mode":"normal","first":"0","enable_toc":"0","toc_type":"normal"}]},"footnotes":""},"categories":[18],"tags":[395,333,703,1314],"class_list":["post-44807","post","type-post","status-publish","format-standard","has-post-thumbnail","hentry","category-nacionales","tag-ate-cordoba","tag-dioxitek","tag-ffmm","tag-mesa-de-sectores-productivos"],"jetpack_featured_media_url":"https:\/\/atecordoba.org\/wp-content\/uploads\/2024\/07\/IMG-20240726-WA0057-scaled-e1722015240205.jpg","_links":{"self":[{"href":"https:\/\/atecordoba.org\/index.php?rest_route=\/wp\/v2\/posts\/44807","targetHints":{"allow":["GET"]}}],"collection":[{"href":"https:\/\/atecordoba.org\/index.php?rest_route=\/wp\/v2\/posts"}],"about":[{"href":"https:\/\/atecordoba.org\/index.php?rest_route=\/wp\/v2\/types\/post"}],"author":[{"embeddable":true,"href":"https:\/\/atecordoba.org\/index.php?rest_route=\/wp\/v2\/users\/7"}],"replies":[{"embeddable":true,"href":"https:\/\/atecordoba.org\/index.php?rest_route=%2Fwp%2Fv2%2Fcomments&post=44807"}],"version-history":[{"count":1,"href":"https:\/\/atecordoba.org\/index.php?rest_route=\/wp\/v2\/posts\/44807\/revisions"}],"predecessor-version":[{"id":44815,"href":"https:\/\/atecordoba.org\/index.php?rest_route=\/wp\/v2\/posts\/44807\/revisions\/44815"}],"wp:featuredmedia":[{"embeddable":true,"href":"https:\/\/atecordoba.org\/index.php?rest_route=\/wp\/v2\/media\/44808"}],"wp:attachment":[{"href":"https:\/\/atecordoba.org\/index.php?rest_route=%2Fwp%2Fv2%2Fmedia&parent=44807"}],"wp:term":[{"taxonomy":"category","embeddable":true,"href":"https:\/\/atecordoba.org\/index.php?rest_route=%2Fwp%2Fv2%2Fcategories&post=44807"},{"taxonomy":"post_tag","embeddable":true,"href":"https:\/\/atecordoba.org\/index.php?rest_route=%2Fwp%2Fv2%2Ftags&post=44807"}],"curies":[{"name":"wp","href":"https:\/\/api.w.org\/{rel}","templated":true}]}}