{"id":44783,"date":"2024-07-25T12:12:10","date_gmt":"2024-07-25T15:12:10","guid":{"rendered":"https:\/\/atecordoba.org\/?p=44783"},"modified":"2024-07-25T12:12:10","modified_gmt":"2024-07-25T15:12:10","slug":"radio-nacional-cordoba-a-recuperar-la-programacion-local","status":"publish","type":"post","link":"https:\/\/atecordoba.org\/?p=44783","title":{"rendered":"Radio Nacional C\u00f3rdoba: a recuperar la programaci\u00f3n local"},"content":{"rendered":"<p><img loading=\"lazy\" decoding=\"async\" class=\"wp-image-44785  aligncenter\" src=\"https:\/\/atecordoba.org\/wp-content\/uploads\/2024\/07\/facha.png\" alt=\"\" width=\"601\" height=\"427\" \/><\/p>\n<p>ATE convoca a la comunidad a apoyar el reclamo de las y los trabajadores de Radio Nacional C\u00f3rdoba para recuperar las programaci\u00f3n local de la emisora, <a href=\"https:\/\/atecordoba.org\/?p=44482\">levantada por el Gobierno de Javier Milei<\/a> para anular la cobertura de la radio p\u00fablica en la provincia.<\/p>\n<p>Para acompa\u00f1ar el reclamo el personal invita a <a href=\"https:\/\/defensadelpublico.gob.ar\/reclamos-dificultad-de-acceso\/\">comunicarse con la Defensor\u00eda del P\u00fablico<\/a> y denunciar la imposibilidad de acceso a programaci\u00f3n local en las emisoras de las provincias, porque han impuesto los programas que se emiten desde Capital Federal. As\u00ed, Milei niega las realidades locales que el medio p\u00fablico tiene la obligaci\u00f3n de registrar para generar alternativas a las corporaciones medi\u00e1ticas hegem\u00f3nicas.<\/p>\n<p>La radio cuenta con el personal y la infraestructura necesaria para cumplir con el rol que le destina la propia constituci\u00f3n de un medio p\u00fablico. Sin privatizaci\u00f3n, porque la Ley de Bases no lo autoriza, ahora el oficialismo nacional avanza con el vaciamiento expl\u00edcito del contenido a nivel local.<\/p>\n<p>Se trata de otra muestra del centralismo unitario que impone el gobierno nacional, destruyendo las herramientas que el Estado construy\u00f3 durante d\u00e9cadas para garantizar soberan\u00eda comunicacional a las poblaciones de nuestro pa\u00eds. La decisi\u00f3n de la intervenci\u00f3n de\u00a0Radio Televisi\u00f3n Argentina Sociedad del Estado (RTA-SE), se sum\u00f3 a la incertidumbre que ya viven los trabajadores y las trabajadoras de la radio p\u00fablica, a partir de, la amenaza de cierre, posteriormente del desfinanciamiento, la ca\u00edda de contratos y las presiones constantes a quienes se desempe\u00f1an en las distintas radios diseminadas en todas las provincias argentinas.<\/p>\n<p>Cabe mencionar que la Legislatura de la Provincia<a href=\"https:\/\/atecordoba.org\/?p=43554\"> rechaz\u00f3 por unanimidad<\/a> la privatizaci\u00f3n de Radio Nacional C\u00f3rdoba, al entender &#8220;su valor fundamental y estrat\u00e9gico desde el punto de vista federal y democr\u00e1tico\u201d.<\/p>\n<p>La emisora cordobesa est\u00e1 al aire desde hace 67 a\u00f1os por la AM 750, y desde 2017 por la FM 100.1.<\/p>\n<p>Una de las medidas preliminares que muestran el vaciamiento de los medios p\u00fablicos, con el consiguiente impacto en el funcionamiento de Nacional C\u00f3rdoba, es el\u00a0<a href=\"https:\/\/atecordoba.org\/?p=43531\">cierre de las redes sociales<\/a> con que la emisora de calle Santa Rosa difund\u00eda el material period\u00edstico que generan sus trabajadores.<\/p>\n<p>ATE\u00a0<a href=\"https:\/\/atecordoba.org\/?p=37144\">ejerce representaci\u00f3n\u00a0<\/a>del personal de la radio, junto a otras organizaciones sindicales.<\/p>\n","protected":false},"excerpt":{"rendered":"<p>ATE convoca a la comunidad a apoyar el reclamo de las y los trabajadores de Radio Nacional C\u00f3rdoba para recuperar las programaci\u00f3n local de la emisora, levantada por el Gobierno de Javier Milei para anular la cobertura de la radio p\u00fablica en la provincia. Para acompa\u00f1ar el reclamo el personal invita a comunicarse con la [&hellip;]<\/p>\n","protected":false},"author":7,"featured_media":44785,"comment_status":"open","ping_status":"open","sticky":false,"template":"","format":"standard","meta":{"_exactmetrics_skip_tracking":false,"_exactmetrics_sitenote_active":false,"_exactmetrics_sitenote_note":"","_exactmetrics_sitenote_category":0,"jnews-multi-image_gallery":[],"jnews_single_post":{"source_name":"","source_url":"","via_name":"","via_url":"","override_template":"0","override":[{"template":"1","single_blog_custom":"","parallax":"1","fullscreen":"1","layout":"no-sidebar-narrow","sidebar":"default-sidebar","second_sidebar":"default-sidebar","sticky_sidebar":"1","share_position":"bottom","share_float_style":"share-monocrhome","show_share_counter":"1","show_view_counter":"1","show_featured":"0","show_post_meta":"1","show_post_author":"0","show_post_author_image":"1","show_post_date":"1","post_date_format":"default","post_date_format_custom":"Y\/m\/d","show_post_category":"1","show_post_reading_time":"0","post_reading_time_wpm":"300","show_zoom_button":"0","zoom_button_out_step":"2","zoom_button_in_step":"3","show_post_tag":"1","show_prev_next_post":"0","show_popup_post":"0","number_popup_post":"1","show_author_box":"0","show_post_related":"1","show_inline_post_related":"0"}],"override_image_size":"0","image_override":[{"single_post_thumbnail_size":"crop-500","single_post_gallery_size":"crop-500"}],"trending_post":"0","trending_post_position":"meta","trending_post_label":"Trending","sponsored_post":"0","sponsored_post_label":"Sponsored by","sponsored_post_name":"","sponsored_post_url":"","sponsored_post_logo_enable":"0","sponsored_post_logo":"","sponsored_post_desc":"","disable_ad":"0"},"jnews_primary_category":{"id":"","hide":""},"jnews_social_meta":{"fb_title":"","fb_description":"","fb_image":"","twitter_title":"","twitter_description":"","twitter_image":""},"jnews_review":[],"enable_review":"0","type":"percentage","name":"","summary":"","brand":"","sku":"","good":[{"good_text":""}],"bad":[{"bad_text":""}],"score_override":"0","override_value":"","rating":[{"rating_text":"","rating_number":"10"}],"price":[{"shop":"","price":"","link":"","icon":""}],"jnews_override_counter":{"override_view_counter":"0","view_counter_number":"0","override_share_counter":"0","share_counter_number":"0","override_like_counter":"0","like_counter_number":"0","override_dislike_counter":"0","dislike_counter_number":"0"},"jnews_post_split":{"enable_post_split":"0","post_split":[{"template":"1","tag":"h2","numbering":"asc","mode":"normal","first":"0","enable_toc":"0","toc_type":"normal"}]},"footnotes":""},"categories":[18],"tags":[417,26,1160,1308,1197],"class_list":["post-44783","post","type-post","status-publish","format-standard","has-post-thumbnail","hentry","category-nacionales","tag-ajuste","tag-ate","tag-cordoba-2","tag-milei","tag-radio-nacional-cordoba"],"jetpack_featured_media_url":"https:\/\/atecordoba.org\/wp-content\/uploads\/2024\/07\/facha-e1721920317235.png","_links":{"self":[{"href":"https:\/\/atecordoba.org\/index.php?rest_route=\/wp\/v2\/posts\/44783","targetHints":{"allow":["GET"]}}],"collection":[{"href":"https:\/\/atecordoba.org\/index.php?rest_route=\/wp\/v2\/posts"}],"about":[{"href":"https:\/\/atecordoba.org\/index.php?rest_route=\/wp\/v2\/types\/post"}],"author":[{"embeddable":true,"href":"https:\/\/atecordoba.org\/index.php?rest_route=\/wp\/v2\/users\/7"}],"replies":[{"embeddable":true,"href":"https:\/\/atecordoba.org\/index.php?rest_route=%2Fwp%2Fv2%2Fcomments&post=44783"}],"version-history":[{"count":1,"href":"https:\/\/atecordoba.org\/index.php?rest_route=\/wp\/v2\/posts\/44783\/revisions"}],"predecessor-version":[{"id":44786,"href":"https:\/\/atecordoba.org\/index.php?rest_route=\/wp\/v2\/posts\/44783\/revisions\/44786"}],"wp:featuredmedia":[{"embeddable":true,"href":"https:\/\/atecordoba.org\/index.php?rest_route=\/wp\/v2\/media\/44785"}],"wp:attachment":[{"href":"https:\/\/atecordoba.org\/index.php?rest_route=%2Fwp%2Fv2%2Fmedia&parent=44783"}],"wp:term":[{"taxonomy":"category","embeddable":true,"href":"https:\/\/atecordoba.org\/index.php?rest_route=%2Fwp%2Fv2%2Fcategories&post=44783"},{"taxonomy":"post_tag","embeddable":true,"href":"https:\/\/atecordoba.org\/index.php?rest_route=%2Fwp%2Fv2%2Ftags&post=44783"}],"curies":[{"name":"wp","href":"https:\/\/api.w.org\/{rel}","templated":true}]}}