{"id":4478,"date":"2014-09-15T15:49:11","date_gmt":"2014-09-15T18:49:11","guid":{"rendered":"http:\/\/www.atecordoba.org\/?p=4478"},"modified":"2014-09-15T15:49:11","modified_gmt":"2014-09-15T18:49:11","slug":"sentencia-final-la-corte-suprema-de-justicia-ratifico-la-representatividad-de-ate-en-la-provincia","status":"publish","type":"post","link":"https:\/\/atecordoba.org\/?p=4478","title":{"rendered":"Sentencia final: la Corte Suprema de Justicia ratific\u00f3 la representatividad de ATE en la provincia"},"content":{"rendered":"<h1 style=\"text-align: center;\"><strong>Convocatoria informativa<\/strong><\/h1>\n<p><em>La Asociaci\u00f3n Trabajadores del Estado, Consejo Directivo Provincial (CDP) C\u00f3rdoba, convoca a los medios de comunicaci\u00f3n para ma\u00f1ana 16 de septiembre, a las 10.30 horas, en nuestra sede, Entre R\u00edos 450, a los efectos de informar en detalle sobre el fallo de la Corte Suprema de Justicia que conden\u00f3 al gobierno provincial y dio la raz\u00f3n definitivamente a nuestro gremio en la controversia sobre el \u00e1mbito de representaci\u00f3n de los trabajadores provinciales.<\/em><\/p>\n<p><a href=\"http:\/\/www.atecordoba.org\/wp-content\/uploads\/2014\/09\/fallo-corte-suprema_-encabezado-e1410806866148.png\"><img loading=\"lazy\" decoding=\"async\" class=\"aligncenter size-full wp-image-4479\" src=\"http:\/\/www.atecordoba.org\/wp-content\/uploads\/2014\/09\/fallo-corte-suprema_-encabezado-e1410806866148.png\" alt=\"fallo corte suprema_ encabezado\" width=\"600\" height=\"304\" \/><\/a><\/p>\n<p>De esta forma, el m\u00e1ximo tribunal confirm\u00f3 todas las instancias anteriores de la justicia, reconociendo el derecho de los trabajadores a ser representados por ATE. Esta capacidad de nuestro gremio debe ejercerse en conformidad con los derechos sindicales establecidos por ley 23551 para los gremios con personer\u00eda gremial.<\/p>\n<p>Esto es, con tutela sindical de nuestros delegados y la capacidad para elegir representantes en todo el \u00e1mbito provincial, a participar de la negociaci\u00f3n colectiva y a la retenci\u00f3n de c\u00f3digo de descuento por cuota sindical.<\/p>\n<p>En esa l\u00ednea, la Corte Suprema orden\u00f3 a la Provincia abonar la deuda por la falta de retenci\u00f3n de la cuota sindical de nuestros afiliados, desde 2006 a la fecha, en una actitud de abierta arbitrariedad que tom\u00f3 la gesti\u00f3n de Jos\u00e9 Manuel De la Sota para socavar la capacidad financiera de ATE y as\u00ed cercenar nuestra actividad sindical.<\/p>\n<p>El fallo del 26 de agosto pasado puso punto final a toda disputa judicial. Invitamos a los medios de comunicaci\u00f3n a participar de la ronda de prensa donde la secretaria General de ATE C\u00f3rdoba, Mar\u00eda Teresa Romero, dar\u00e1 detalles de la sentencia y anticipar\u00e1 los pasos a seguir.<\/p>\n<p style=\"text-align: right;\">Daniel Pawluchuzk<\/p>\n<p style=\"text-align: right;\">Secretario de prensa<\/p>\n<p style=\"text-align: right;\">ATE C\u00f3rdoba<\/p>\n","protected":false},"excerpt":{"rendered":"<p>Convocatoria informativa La Asociaci\u00f3n Trabajadores del Estado, Consejo Directivo Provincial (CDP) C\u00f3rdoba, convoca a los medios de comunicaci\u00f3n para ma\u00f1ana 16 de septiembre, a las 10.30 horas, en nuestra sede, Entre R\u00edos 450, a los efectos de informar en detalle sobre el fallo de la Corte Suprema de Justicia que conden\u00f3 al gobierno provincial y [&hellip;]<\/p>\n","protected":false},"author":1,"featured_media":19220,"comment_status":"open","ping_status":"open","sticky":false,"template":"","format":"standard","meta":{"_exactmetrics_skip_tracking":false,"_exactmetrics_sitenote_active":false,"_exactmetrics_sitenote_note":"","_exactmetrics_sitenote_category":0,"jnews-multi-image_gallery":[],"jnews_single_post":[],"jnews_primary_category":[],"jnews_social_meta":[],"jnews_review":[],"enable_review":"","type":"","name":"","summary":"","brand":"","sku":"","good":[],"bad":[],"score_override":"","override_value":"","rating":[],"price":[],"jnews_override_counter":[],"jnews_post_split":[],"footnotes":""},"categories":[53,8],"tags":[],"class_list":["post-4478","post","type-post","status-publish","format-standard","has-post-thumbnail","hentry","category-comunicados-de-prensa","category-provinciales"],"jetpack_featured_media_url":"https:\/\/atecordoba.org\/wp-content\/uploads\/2020\/05\/logo-nuevochico-e1561581322808.png","_links":{"self":[{"href":"https:\/\/atecordoba.org\/index.php?rest_route=\/wp\/v2\/posts\/4478","targetHints":{"allow":["GET"]}}],"collection":[{"href":"https:\/\/atecordoba.org\/index.php?rest_route=\/wp\/v2\/posts"}],"about":[{"href":"https:\/\/atecordoba.org\/index.php?rest_route=\/wp\/v2\/types\/post"}],"author":[{"embeddable":true,"href":"https:\/\/atecordoba.org\/index.php?rest_route=\/wp\/v2\/users\/1"}],"replies":[{"embeddable":true,"href":"https:\/\/atecordoba.org\/index.php?rest_route=%2Fwp%2Fv2%2Fcomments&post=4478"}],"version-history":[{"count":0,"href":"https:\/\/atecordoba.org\/index.php?rest_route=\/wp\/v2\/posts\/4478\/revisions"}],"wp:featuredmedia":[{"embeddable":true,"href":"https:\/\/atecordoba.org\/index.php?rest_route=\/wp\/v2\/media\/19220"}],"wp:attachment":[{"href":"https:\/\/atecordoba.org\/index.php?rest_route=%2Fwp%2Fv2%2Fmedia&parent=4478"}],"wp:term":[{"taxonomy":"category","embeddable":true,"href":"https:\/\/atecordoba.org\/index.php?rest_route=%2Fwp%2Fv2%2Fcategories&post=4478"},{"taxonomy":"post_tag","embeddable":true,"href":"https:\/\/atecordoba.org\/index.php?rest_route=%2Fwp%2Fv2%2Ftags&post=4478"}],"curies":[{"name":"wp","href":"https:\/\/api.w.org\/{rel}","templated":true}]}}