{"id":44777,"date":"2024-07-25T11:23:58","date_gmt":"2024-07-25T14:23:58","guid":{"rendered":"https:\/\/atecordoba.org\/?p=44777"},"modified":"2024-07-25T12:20:20","modified_gmt":"2024-07-25T15:20:20","slug":"salud-no-hay-cierre-de-las-caps-y-el-traslado-del-personal","status":"publish","type":"post","link":"https:\/\/atecordoba.org\/?p=44777","title":{"rendered":"Salud: No al cierre de los CAPS y el traslado del personal"},"content":{"rendered":"<p><img loading=\"lazy\" decoding=\"async\" class=\"wp-image-44779 size-full aligncenter\" src=\"https:\/\/atecordoba.org\/wp-content\/uploads\/2024\/07\/caps-2.jpg\" alt=\"\" width=\"800\" height=\"533\" srcset=\"https:\/\/atecordoba.org\/wp-content\/uploads\/2024\/07\/caps-2.jpg 800w, https:\/\/atecordoba.org\/wp-content\/uploads\/2024\/07\/caps-2-300x200.jpg 300w, https:\/\/atecordoba.org\/wp-content\/uploads\/2024\/07\/caps-2-768x512.jpg 768w, https:\/\/atecordoba.org\/wp-content\/uploads\/2024\/07\/caps-2-750x500.jpg 750w\" sizes=\"auto, (max-width: 800px) 100vw, 800px\" \/><\/p>\n<p>Ante el traslado del personal de las CAPS (Centros de Atenci\u00f3n Primaria de la Salud) dependientes del Ministerio de Salud de la provincia, ATE hace p\u00fablico el rechazo a la medida oficial, que significa un destrato a las y los trabajadores ya que se trata de una medida autoritaria, que impone un cambio de destino y el abandono de territorios donde hace dos d\u00e9cadas est\u00e1n atendiendo la demanda sanitaria de las comunidades.<\/p>\n<p>Al mismo tiempo, los CAPS quedan sin personal de atenci\u00f3n, en una pol\u00edtica en sinton\u00eda con medidas de ajuste y el recorte presupuestario.<\/p>\n<p>Conforme las versiones que echaron a correr los funcionarios del \u00e1rea en el transcurso de los pr\u00f3ximos 60-90 d\u00edas, las y los trabajadores deber\u00e1n elegir algunos de los hospitales provinciales ubicados en C\u00f3rdoba Capital, en tanto las y los profesionales de trabajo social y psicolog\u00eda pasar\u00edan a depender de la Direcci\u00f3n de Salud Mental. La resoluci\u00f3n trasladar\u00eda la infraestructura de las CAPS a la Municipalidad.<\/p>\n<p>Este embate verticalista\u00a0 y autoritario a la salud p\u00fablica expresa el recorte presupuestario, el desmantelamiento y vaciamiento sanitario, al mismo tiempo que recarga el segundo nivel de atenci\u00f3n.<\/p>\n<p>Esta medida, sumada al recorte en salud mental no hace m\u00e1s que profundizar un proyecto de devaluaci\u00f3n de la clase trabajadora y de la salud p\u00fablica.<\/p>\n","protected":false},"excerpt":{"rendered":"<p>Ante el traslado del personal de las CAPS (Centros de Atenci\u00f3n Primaria de la Salud) dependientes del Ministerio de Salud de la provincia, ATE hace p\u00fablico el rechazo a la medida oficial, que significa un destrato a las y los trabajadores ya que se trata de una medida autoritaria, que impone un cambio de destino [&hellip;]<\/p>\n","protected":false},"author":7,"featured_media":44779,"comment_status":"open","ping_status":"open","sticky":false,"template":"","format":"standard","meta":{"_exactmetrics_skip_tracking":false,"_exactmetrics_sitenote_active":false,"_exactmetrics_sitenote_note":"","_exactmetrics_sitenote_category":0,"jnews-multi-image_gallery":[],"jnews_single_post":{"source_name":"","source_url":"","via_name":"","via_url":"","override_template":"0","override":[{"template":"1","single_blog_custom":"","parallax":"1","fullscreen":"1","layout":"no-sidebar-narrow","sidebar":"default-sidebar","second_sidebar":"default-sidebar","sticky_sidebar":"1","share_position":"bottom","share_float_style":"share-monocrhome","show_share_counter":"1","show_view_counter":"1","show_featured":"0","show_post_meta":"1","show_post_author":"0","show_post_author_image":"1","show_post_date":"1","post_date_format":"default","post_date_format_custom":"Y\/m\/d","show_post_category":"1","show_post_reading_time":"0","post_reading_time_wpm":"300","show_zoom_button":"0","zoom_button_out_step":"2","zoom_button_in_step":"3","show_post_tag":"1","show_prev_next_post":"0","show_popup_post":"0","number_popup_post":"1","show_author_box":"0","show_post_related":"1","show_inline_post_related":"0"}],"override_image_size":"0","image_override":[{"single_post_thumbnail_size":"crop-500","single_post_gallery_size":"crop-500"}],"trending_post":"0","trending_post_position":"meta","trending_post_label":"Trending","sponsored_post":"0","sponsored_post_label":"Sponsored by","sponsored_post_name":"","sponsored_post_url":"","sponsored_post_logo_enable":"0","sponsored_post_logo":"","sponsored_post_desc":"","disable_ad":"0"},"jnews_primary_category":{"id":"","hide":""},"jnews_social_meta":{"fb_title":"","fb_description":"","fb_image":"","twitter_title":"","twitter_description":"","twitter_image":""},"jnews_review":[],"enable_review":"0","type":"percentage","name":"","summary":"","brand":"","sku":"","good":[{"good_text":""}],"bad":[{"bad_text":""}],"score_override":"0","override_value":"","rating":[{"rating_text":"","rating_number":"10"}],"price":[{"shop":"","price":"","link":"","icon":""}],"jnews_override_counter":{"override_view_counter":"0","view_counter_number":"0","override_share_counter":"0","share_counter_number":"0","override_like_counter":"0","like_counter_number":"0","override_dislike_counter":"0","dislike_counter_number":"0"},"jnews_post_split":{"enable_post_split":"0","post_split":[{"template":"1","tag":"h2","numbering":"asc","mode":"normal","first":"0","enable_toc":"0","toc_type":"normal"}]},"footnotes":""},"categories":[8],"tags":[],"class_list":["post-44777","post","type-post","status-publish","format-standard","has-post-thumbnail","hentry","category-provinciales"],"jetpack_featured_media_url":"https:\/\/atecordoba.org\/wp-content\/uploads\/2024\/07\/caps-2.jpg","_links":{"self":[{"href":"https:\/\/atecordoba.org\/index.php?rest_route=\/wp\/v2\/posts\/44777","targetHints":{"allow":["GET"]}}],"collection":[{"href":"https:\/\/atecordoba.org\/index.php?rest_route=\/wp\/v2\/posts"}],"about":[{"href":"https:\/\/atecordoba.org\/index.php?rest_route=\/wp\/v2\/types\/post"}],"author":[{"embeddable":true,"href":"https:\/\/atecordoba.org\/index.php?rest_route=\/wp\/v2\/users\/7"}],"replies":[{"embeddable":true,"href":"https:\/\/atecordoba.org\/index.php?rest_route=%2Fwp%2Fv2%2Fcomments&post=44777"}],"version-history":[{"count":5,"href":"https:\/\/atecordoba.org\/index.php?rest_route=\/wp\/v2\/posts\/44777\/revisions"}],"predecessor-version":[{"id":44787,"href":"https:\/\/atecordoba.org\/index.php?rest_route=\/wp\/v2\/posts\/44777\/revisions\/44787"}],"wp:featuredmedia":[{"embeddable":true,"href":"https:\/\/atecordoba.org\/index.php?rest_route=\/wp\/v2\/media\/44779"}],"wp:attachment":[{"href":"https:\/\/atecordoba.org\/index.php?rest_route=%2Fwp%2Fv2%2Fmedia&parent=44777"}],"wp:term":[{"taxonomy":"category","embeddable":true,"href":"https:\/\/atecordoba.org\/index.php?rest_route=%2Fwp%2Fv2%2Fcategories&post=44777"},{"taxonomy":"post_tag","embeddable":true,"href":"https:\/\/atecordoba.org\/index.php?rest_route=%2Fwp%2Fv2%2Ftags&post=44777"}],"curies":[{"name":"wp","href":"https:\/\/api.w.org\/{rel}","templated":true}]}}