{"id":44767,"date":"2024-07-24T15:46:41","date_gmt":"2024-07-24T18:46:41","guid":{"rendered":"https:\/\/atecordoba.org\/?p=44767"},"modified":"2024-07-24T15:47:43","modified_gmt":"2024-07-24T18:47:43","slug":"aguiar-recibio-a-la-junta-interna-de-la-fabrica-militar-villa-maria","status":"publish","type":"post","link":"https:\/\/atecordoba.org\/?p=44767","title":{"rendered":"Aguiar recibi\u00f3 a la Junta Interna de la F\u00e1brica Militar Villa Mar\u00eda"},"content":{"rendered":"<p><img loading=\"lazy\" decoding=\"async\" class=\"aligncenter wp-image-44768 size-jnews-750x375\" src=\"https:\/\/atecordoba.org\/wp-content\/uploads\/2024\/07\/452706142_402911112773696_2608861341695885987_n-750x375.jpg\" alt=\"\" width=\"750\" height=\"375\" srcset=\"https:\/\/atecordoba.org\/wp-content\/uploads\/2024\/07\/452706142_402911112773696_2608861341695885987_n-750x375.jpg 750w, https:\/\/atecordoba.org\/wp-content\/uploads\/2024\/07\/452706142_402911112773696_2608861341695885987_n-360x180.jpg 360w\" sizes=\"auto, (max-width: 750px) 100vw, 750px\" \/><\/p>\n<p>El Secretario General de ATE Nacional, Rodolfo Aguiar, recibi\u00f3 ayer en la Ciudad Aut\u00f3noma de Buenos Aires a la Junta Interna de ATE en F\u00e1brica Militar Villa Mar\u00eda.<\/p>\n<p>\u201cEsta instancia institucional, sumamente necesaria, nos permiti\u00f3 brindar al Secretario General del sindicato un panorama de la situaci\u00f3n actual de la F\u00e1brica Militar, los desaf\u00edos y propuestas que la Junta Interna tiene y el avance en una mesa con la Legislatura Provincial a los fines de defender nuestra F\u00e1brica Militar. Gracias al Consejo Directivo Nacional de ATE, al Consejo Directivo Provincial y a Rody Aguiar por tan c\u00e1lido encuentro\u201d, expresaron desde la Junta Interna.<\/p>\n<p>Estuvieron presentes en la entrevista con Aguiar, el Secretario General de la Junta Interna de la F\u00e1brica de P\u00f3lvora y Explosivos de Villa Mar\u00eda, Jonathan Cruce\u00f1o; el Secretario Adjunto, Juan Fern\u00e1ndez; y el Secretario Gremial, Lucas Gorosito<\/p>\n","protected":false},"excerpt":{"rendered":"<p>El Secretario General de ATE Nacional, Rodolfo Aguiar, recibi\u00f3 ayer en la Ciudad Aut\u00f3noma de Buenos Aires a la Junta Interna de ATE en F\u00e1brica Militar Villa Mar\u00eda. \u201cEsta instancia institucional, sumamente necesaria, nos permiti\u00f3 brindar al Secretario General del sindicato un panorama de la situaci\u00f3n actual de la F\u00e1brica Militar, los desaf\u00edos y propuestas [&hellip;]<\/p>\n","protected":false},"author":7,"featured_media":44768,"comment_status":"open","ping_status":"open","sticky":false,"template":"","format":"standard","meta":{"_exactmetrics_skip_tracking":false,"_exactmetrics_sitenote_active":false,"_exactmetrics_sitenote_note":"","_exactmetrics_sitenote_category":0,"jnews-multi-image_gallery":[],"jnews_single_post":{"source_name":"","source_url":"","via_name":"","via_url":"","override_template":"0","override":[{"template":"1","single_blog_custom":"","parallax":"1","fullscreen":"1","layout":"no-sidebar-narrow","sidebar":"default-sidebar","second_sidebar":"default-sidebar","sticky_sidebar":"1","share_position":"bottom","share_float_style":"share-monocrhome","show_share_counter":"1","show_view_counter":"1","show_featured":"0","show_post_meta":"1","show_post_author":"0","show_post_author_image":"1","show_post_date":"1","post_date_format":"default","post_date_format_custom":"Y\/m\/d","show_post_category":"1","show_post_reading_time":"0","post_reading_time_wpm":"300","show_zoom_button":"0","zoom_button_out_step":"2","zoom_button_in_step":"3","show_post_tag":"1","show_prev_next_post":"0","show_popup_post":"0","number_popup_post":"1","show_author_box":"0","show_post_related":"1","show_inline_post_related":"0"}],"override_image_size":"0","image_override":[{"single_post_thumbnail_size":"crop-500","single_post_gallery_size":"crop-500"}],"trending_post":"0","trending_post_position":"meta","trending_post_label":"Trending","sponsored_post":"0","sponsored_post_label":"Sponsored by","sponsored_post_name":"","sponsored_post_url":"","sponsored_post_logo_enable":"0","sponsored_post_logo":"","sponsored_post_desc":"","disable_ad":"0"},"jnews_primary_category":{"id":"","hide":""},"jnews_social_meta":{"fb_title":"","fb_description":"","fb_image":"","twitter_title":"","twitter_description":"","twitter_image":""},"jnews_review":[],"enable_review":"0","type":"percentage","name":"","summary":"","brand":"","sku":"","good":[{"good_text":""}],"bad":[{"bad_text":""}],"score_override":"0","override_value":"","rating":[{"rating_text":"","rating_number":"10"}],"price":[{"shop":"","price":"","link":"","icon":""}],"jnews_override_counter":{"override_view_counter":"0","view_counter_number":"0","override_share_counter":"0","share_counter_number":"0","override_like_counter":"0","like_counter_number":"0","override_dislike_counter":"0","dislike_counter_number":"0"},"jnews_post_split":{"enable_post_split":"0","post_split":[{"template":"1","tag":"h2","numbering":"asc","mode":"normal","first":"0","enable_toc":"0","toc_type":"normal"}]},"footnotes":""},"categories":[18],"tags":[434,703,35],"class_list":["post-44767","post","type-post","status-publish","format-standard","has-post-thumbnail","hentry","category-nacionales","tag-fabricaciones-militares","tag-ffmm","tag-villa-maria-2"],"jetpack_featured_media_url":"https:\/\/atecordoba.org\/wp-content\/uploads\/2024\/07\/452706142_402911112773696_2608861341695885987_n.jpg","_links":{"self":[{"href":"https:\/\/atecordoba.org\/index.php?rest_route=\/wp\/v2\/posts\/44767","targetHints":{"allow":["GET"]}}],"collection":[{"href":"https:\/\/atecordoba.org\/index.php?rest_route=\/wp\/v2\/posts"}],"about":[{"href":"https:\/\/atecordoba.org\/index.php?rest_route=\/wp\/v2\/types\/post"}],"author":[{"embeddable":true,"href":"https:\/\/atecordoba.org\/index.php?rest_route=\/wp\/v2\/users\/7"}],"replies":[{"embeddable":true,"href":"https:\/\/atecordoba.org\/index.php?rest_route=%2Fwp%2Fv2%2Fcomments&post=44767"}],"version-history":[{"count":1,"href":"https:\/\/atecordoba.org\/index.php?rest_route=\/wp\/v2\/posts\/44767\/revisions"}],"predecessor-version":[{"id":44769,"href":"https:\/\/atecordoba.org\/index.php?rest_route=\/wp\/v2\/posts\/44767\/revisions\/44769"}],"wp:featuredmedia":[{"embeddable":true,"href":"https:\/\/atecordoba.org\/index.php?rest_route=\/wp\/v2\/media\/44768"}],"wp:attachment":[{"href":"https:\/\/atecordoba.org\/index.php?rest_route=%2Fwp%2Fv2%2Fmedia&parent=44767"}],"wp:term":[{"taxonomy":"category","embeddable":true,"href":"https:\/\/atecordoba.org\/index.php?rest_route=%2Fwp%2Fv2%2Fcategories&post=44767"},{"taxonomy":"post_tag","embeddable":true,"href":"https:\/\/atecordoba.org\/index.php?rest_route=%2Fwp%2Fv2%2Ftags&post=44767"}],"curies":[{"name":"wp","href":"https:\/\/api.w.org\/{rel}","templated":true}]}}