{"id":44749,"date":"2024-07-24T11:28:43","date_gmt":"2024-07-24T14:28:43","guid":{"rendered":"https:\/\/atecordoba.org\/?p=44749"},"modified":"2024-07-24T12:43:52","modified_gmt":"2024-07-24T15:43:52","slug":"venezuela-fuentes-y-giuliani-seran-observadores-en-las-elecciones-presidenciales","status":"publish","type":"post","link":"https:\/\/atecordoba.org\/?p=44749","title":{"rendered":"Venezuela: Fuentes y Giuliani ser\u00e1n observadores en las elecciones presidenciales"},"content":{"rendered":"<figure id=\"attachment_44750\" aria-describedby=\"caption-attachment-44750\" style=\"width: 353px\" class=\"wp-caption aligncenter\"><img loading=\"lazy\" decoding=\"async\" class=\"wp-image-44750 size-full\" src=\"https:\/\/atecordoba.org\/wp-content\/uploads\/2024\/07\/fuentes-federico.jpg\" alt=\"\" width=\"353\" height=\"437\" srcset=\"https:\/\/atecordoba.org\/wp-content\/uploads\/2024\/07\/fuentes-federico.jpg 353w, https:\/\/atecordoba.org\/wp-content\/uploads\/2024\/07\/fuentes-federico-242x300.jpg 242w\" sizes=\"auto, (max-width: 353px) 100vw, 353px\" \/><figcaption id=\"caption-attachment-44750\" class=\"wp-caption-text\">Julio Fuentes y Federico Giuliani. (archivo)<\/figcaption><\/figure>\n<p>El Secretario General de ATE y la CTA Aut\u00f3noma C\u00f3rdoba, Federico Giuliani, junto al Presidente de la Confederaci\u00f3n Latinoamericana y del Caribe de Trabajadores Estatales (CLATE), Julio Fuentes, forman parte del contingente de 300 dirigentes pol\u00edticos, sociales, sindicales y de organizaciones de derechos humanos de todo el mundo que participar\u00e1n como observadores en las elecciones presidenciales del pr\u00f3ximo domingo 28 de julio en Venezuela, donde los principales candidatos son Nicol\u00e1s Maduro, actual Presidente y Edmundo Gonz\u00e1lez Urrutia, postulante de la Plataforma Unitaria Democr\u00e1tica (PUD).<\/p>\n<p>Giuliani y Fuentes intervienen en distintas actividades que se han organizado durante toda la semana como lo es el caso del Encuentro para una Alternativa Social Mundial, un evento organizado por la Alianza Bolivariana para los Pueblos de Nuestra Am\u00e9rica-Tratado de Comercio de los Pueblos (ALBA-TCP) y el Instituto Sim\u00f3n Bol\u00edvar (ISB) que se inici\u00f3 el martes y finalizar\u00e1 este mi\u00e9rcoles.<\/p>\n<p><strong>Alianza de la Patria Grande<\/strong><\/p>\n<p>El Secretario Ejecutivo del ALBA-TCP, Jorge Arreaza, \u00a0fue el encargado de inaugurar II Encuentro para una Alternativa Social Mundial: De Bol\u00edvar a Ch\u00e1vez.<\/p>\n<p>Agradeci\u00f3 al Presidente Nicol\u00e1s Maduro \u201ccreador de la necesidad de este gran acuerdo llamado Alternativa Social Mundial que amerita mucho debate. Para que podamos ir por el mundo exigiendo y construyendo justicia en lo econ\u00f3mico en lo social en lo pol\u00edtico, para que podamos garantizar los derechos sociales\u201d.<\/p>\n<p>La sesi\u00f3n titulada \u201cComunicaci\u00f3n y Resistencia: El papel de los medios de comunicaci\u00f3n en la geopol\u00edtica actual\u201d, sirvi\u00f3 para que varios periodistas expusieran sus versiones sobre la realidad comunicacional y su entorno, presentando sus reflexiones y propuestas.<\/p>\n<p>La primera en participar en el panel de expertos, en el cual tambi\u00e9n se encontraba el comunicador cubano Dari\u00f3n Roque, la periodista brasile\u00f1a Vivian Fern\u00e1ndes, entre otros, fue la presidenta de la multiplataforma teleSUR, Patricia Villegas.\u00a0Tambi\u00e9n participaron William Castillo, Viceministro para Asuntos Antibloqueos de Venezuela y Alan McLeod, investigador y redactor de Mint Press.<\/p>\n<p>La sesi\u00f3n de debate vespertino de esta primera jornada del II Encuentro para una Alternativa Social Mundial: De Bol\u00edvar a Ch\u00e1vez, analiz\u00f3 el papel que juega la autodeterminaci\u00f3n de los pueblos en el actual momento hist\u00f3rico.<\/p>\n<p>En ese sentido, se compartieron cuatro experiencias y perspectivas actuales sobre el tema, para comprender c\u00f3mo enmarcar esas luchas dentro de una nueva propuesta en la alternativa social mundial.<\/p>\n<p>&nbsp;<\/p>\n","protected":false},"excerpt":{"rendered":"<p>El Secretario General de ATE y la CTA Aut\u00f3noma C\u00f3rdoba, Federico Giuliani, junto al Presidente de la Confederaci\u00f3n Latinoamericana y del Caribe de Trabajadores Estatales (CLATE), Julio Fuentes, forman parte del contingente de 300 dirigentes pol\u00edticos, sociales, sindicales y de organizaciones de derechos humanos de todo el mundo que participar\u00e1n como observadores en las elecciones [&hellip;]<\/p>\n","protected":false},"author":7,"featured_media":44764,"comment_status":"open","ping_status":"open","sticky":false,"template":"","format":"standard","meta":{"_exactmetrics_skip_tracking":false,"_exactmetrics_sitenote_active":false,"_exactmetrics_sitenote_note":"","_exactmetrics_sitenote_category":0,"jnews-multi-image_gallery":[],"jnews_single_post":{"source_name":"","source_url":"","via_name":"","via_url":"","override_template":"0","override":[{"template":"1","single_blog_custom":"","parallax":"1","fullscreen":"1","layout":"no-sidebar-narrow","sidebar":"default-sidebar","second_sidebar":"default-sidebar","sticky_sidebar":"1","share_position":"bottom","share_float_style":"share-monocrhome","show_share_counter":"1","show_view_counter":"1","show_featured":"0","show_post_meta":"1","show_post_author":"0","show_post_author_image":"1","show_post_date":"1","post_date_format":"default","post_date_format_custom":"Y\/m\/d","show_post_category":"1","show_post_reading_time":"0","post_reading_time_wpm":"300","show_zoom_button":"0","zoom_button_out_step":"2","zoom_button_in_step":"3","show_post_tag":"1","show_prev_next_post":"0","show_popup_post":"0","number_popup_post":"1","show_author_box":"0","show_post_related":"1","show_inline_post_related":"0"}],"override_image_size":"0","image_override":[{"single_post_thumbnail_size":"crop-500","single_post_gallery_size":"crop-500"}],"trending_post":"0","trending_post_position":"meta","trending_post_label":"Trending","sponsored_post":"0","sponsored_post_label":"Sponsored by","sponsored_post_name":"","sponsored_post_url":"","sponsored_post_logo_enable":"0","sponsored_post_logo":"","sponsored_post_desc":"","disable_ad":"0"},"jnews_primary_category":{"id":"","hide":""},"jnews_social_meta":{"fb_title":"","fb_description":"","fb_image":"","twitter_title":"","twitter_description":"","twitter_image":""},"jnews_review":[],"enable_review":"0","type":"percentage","name":"","summary":"","brand":"","sku":"","good":[{"good_text":""}],"bad":[{"bad_text":""}],"score_override":"0","override_value":"","rating":[{"rating_text":"","rating_number":"10"}],"price":[{"shop":"","price":"","link":"","icon":""}],"jnews_override_counter":{"override_view_counter":"0","view_counter_number":"0","override_share_counter":"0","share_counter_number":"0","override_like_counter":"0","like_counter_number":"0","override_dislike_counter":"0","dislike_counter_number":"0"},"jnews_post_split":{"enable_post_split":"0","post_split":[{"template":"1","tag":"h2","numbering":"asc","mode":"normal","first":"0","enable_toc":"0","toc_type":"normal"}]},"footnotes":""},"categories":[108],"tags":[],"class_list":["post-44749","post","type-post","status-publish","format-standard","has-post-thumbnail","hentry","category-internacional"],"jetpack_featured_media_url":"https:\/\/atecordoba.org\/wp-content\/uploads\/2024\/07\/fuentes-federico-1.jpg","_links":{"self":[{"href":"https:\/\/atecordoba.org\/index.php?rest_route=\/wp\/v2\/posts\/44749","targetHints":{"allow":["GET"]}}],"collection":[{"href":"https:\/\/atecordoba.org\/index.php?rest_route=\/wp\/v2\/posts"}],"about":[{"href":"https:\/\/atecordoba.org\/index.php?rest_route=\/wp\/v2\/types\/post"}],"author":[{"embeddable":true,"href":"https:\/\/atecordoba.org\/index.php?rest_route=\/wp\/v2\/users\/7"}],"replies":[{"embeddable":true,"href":"https:\/\/atecordoba.org\/index.php?rest_route=%2Fwp%2Fv2%2Fcomments&post=44749"}],"version-history":[{"count":1,"href":"https:\/\/atecordoba.org\/index.php?rest_route=\/wp\/v2\/posts\/44749\/revisions"}],"predecessor-version":[{"id":44751,"href":"https:\/\/atecordoba.org\/index.php?rest_route=\/wp\/v2\/posts\/44749\/revisions\/44751"}],"wp:featuredmedia":[{"embeddable":true,"href":"https:\/\/atecordoba.org\/index.php?rest_route=\/wp\/v2\/media\/44764"}],"wp:attachment":[{"href":"https:\/\/atecordoba.org\/index.php?rest_route=%2Fwp%2Fv2%2Fmedia&parent=44749"}],"wp:term":[{"taxonomy":"category","embeddable":true,"href":"https:\/\/atecordoba.org\/index.php?rest_route=%2Fwp%2Fv2%2Fcategories&post=44749"},{"taxonomy":"post_tag","embeddable":true,"href":"https:\/\/atecordoba.org\/index.php?rest_route=%2Fwp%2Fv2%2Ftags&post=44749"}],"curies":[{"name":"wp","href":"https:\/\/api.w.org\/{rel}","templated":true}]}}