{"id":44741,"date":"2024-07-24T09:44:32","date_gmt":"2024-07-24T12:44:32","guid":{"rendered":"https:\/\/atecordoba.org\/?p=44741"},"modified":"2024-07-24T09:44:32","modified_gmt":"2024-07-24T12:44:32","slug":"conicet-jornada-nacional-de-lucha-contra-los-despidos-y-el-vaciamiento","status":"publish","type":"post","link":"https:\/\/atecordoba.org\/?p=44741","title":{"rendered":"CONICET: Jornada Nacional de Lucha contra los despidos y el vaciamiento"},"content":{"rendered":"<p>&nbsp;<\/p>\n<figure id=\"attachment_44742\" aria-describedby=\"caption-attachment-44742\" style=\"width: 600px\" class=\"wp-caption aligncenter\"><img loading=\"lazy\" decoding=\"async\" class=\"wp-image-44742\" src=\"https:\/\/atecordoba.org\/wp-content\/uploads\/2024\/07\/ASAMBLEA-CONICET-1024x664.jpg\" alt=\"\" width=\"600\" height=\"389\" srcset=\"https:\/\/atecordoba.org\/wp-content\/uploads\/2024\/07\/ASAMBLEA-CONICET-1024x664.jpg 1024w, https:\/\/atecordoba.org\/wp-content\/uploads\/2024\/07\/ASAMBLEA-CONICET-300x195.jpg 300w, https:\/\/atecordoba.org\/wp-content\/uploads\/2024\/07\/ASAMBLEA-CONICET-768x498.jpg 768w, https:\/\/atecordoba.org\/wp-content\/uploads\/2024\/07\/ASAMBLEA-CONICET-750x486.jpg 750w, https:\/\/atecordoba.org\/wp-content\/uploads\/2024\/07\/ASAMBLEA-CONICET-1140x739.jpg 1140w, https:\/\/atecordoba.org\/wp-content\/uploads\/2024\/07\/ASAMBLEA-CONICET.jpg 1280w\" sizes=\"auto, (max-width: 600px) 100vw, 600px\" \/><figcaption id=\"caption-attachment-44742\" class=\"wp-caption-text\">Trabajadoras y trabajadores de CONICET durante la pandemia. (archivo)<\/figcaption><\/figure>\n<p>El Plenario Nacional de Delegades de ATE CONICET resolvi\u00f3 convocar una jornada de lucha el pr\u00f3ximo mi\u00e9rcoles 31 de julio.<\/p>\n<p>La medida de fuerza se da en el marco de marco de un brutal vaciamiento que lleva adelante el Gobierno de Javier Milei, por lo que <a href=\"https:\/\/atecordoba.org\/?p=44718\">ATE viene reclamando<\/a> mayor presupuesto y terminar con los despidos, la p\u00e9rdida de ingresos de las y los trabajadores, extrema precarizaci\u00f3n laboral y por mayor presupuesto para el sector. A esto se suman reclamos propios del sector, como la continuidad de las pr\u00f3rrogas de becas posdoctorales cohorte 2021-2024, ampliaci\u00f3n de los cupos de las becas doctorales y posdoctorales de la convocatoria 2023, restituci\u00f3n de los programas de becas posdoctorales extraordinarias y de estad\u00edas cortas, efectivizaci\u00f3n inmediata de las altas pendientes en CIC y CPA, urgente resoluci\u00f3n y efectivizaci\u00f3n de las promociones CPA pendientes, y dem\u00e1s puntos de conflicto.<\/p>\n<p>Entre otras calamidades, el gobierno libertario se propone vaciar el CONICET, reduciendo las becas, ajustando presupuesto y menospreciando en general al complejo cient\u00edfico-t\u00e9cnico nacional.<\/p>\n<p>En C\u00f3rdoba la concentraci\u00f3n se realizar\u00e1 a las 10:00 en las escalinatas de la Facultad de Ciencias Extractas F\u00edsicas y Naturales de la UNC, Av. V\u00e9lez S\u00e1rsfield y Duarte Quir\u00f3s.<\/p>\n<p><img loading=\"lazy\" decoding=\"async\" class=\"aligncenter wp-image-44743 \" src=\"https:\/\/atecordoba.org\/wp-content\/uploads\/2024\/07\/flyer-paro-conicet-31-7-1024x1024.jpg\" alt=\"\" width=\"601\" height=\"601\" srcset=\"https:\/\/atecordoba.org\/wp-content\/uploads\/2024\/07\/flyer-paro-conicet-31-7-1024x1024.jpg 1024w, https:\/\/atecordoba.org\/wp-content\/uploads\/2024\/07\/flyer-paro-conicet-31-7-300x300.jpg 300w, https:\/\/atecordoba.org\/wp-content\/uploads\/2024\/07\/flyer-paro-conicet-31-7-150x150.jpg 150w, https:\/\/atecordoba.org\/wp-content\/uploads\/2024\/07\/flyer-paro-conicet-31-7-768x768.jpg 768w, https:\/\/atecordoba.org\/wp-content\/uploads\/2024\/07\/flyer-paro-conicet-31-7-560x560.jpg 560w, https:\/\/atecordoba.org\/wp-content\/uploads\/2024\/07\/flyer-paro-conicet-31-7-75x75.jpg 75w, https:\/\/atecordoba.org\/wp-content\/uploads\/2024\/07\/flyer-paro-conicet-31-7-350x350.jpg 350w, https:\/\/atecordoba.org\/wp-content\/uploads\/2024\/07\/flyer-paro-conicet-31-7-750x750.jpg 750w, https:\/\/atecordoba.org\/wp-content\/uploads\/2024\/07\/flyer-paro-conicet-31-7.jpg 1080w\" sizes=\"auto, (max-width: 601px) 100vw, 601px\" \/><\/p>\n","protected":false},"excerpt":{"rendered":"<p>&nbsp; El Plenario Nacional de Delegades de ATE CONICET resolvi\u00f3 convocar una jornada de lucha el pr\u00f3ximo mi\u00e9rcoles 31 de julio. La medida de fuerza se da en el marco de marco de un brutal vaciamiento que lleva adelante el Gobierno de Javier Milei, por lo que ATE viene reclamando mayor presupuesto y terminar con [&hellip;]<\/p>\n","protected":false},"author":7,"featured_media":44744,"comment_status":"open","ping_status":"open","sticky":false,"template":"","format":"standard","meta":{"_exactmetrics_skip_tracking":false,"_exactmetrics_sitenote_active":false,"_exactmetrics_sitenote_note":"","_exactmetrics_sitenote_category":0,"jnews-multi-image_gallery":[],"jnews_single_post":{"source_name":"","source_url":"","via_name":"","via_url":"","override_template":"0","override":[{"template":"1","single_blog_custom":"","parallax":"1","fullscreen":"1","layout":"no-sidebar-narrow","sidebar":"default-sidebar","second_sidebar":"default-sidebar","sticky_sidebar":"1","share_position":"bottom","share_float_style":"share-monocrhome","show_share_counter":"1","show_view_counter":"1","show_featured":"0","show_post_meta":"1","show_post_author":"0","show_post_author_image":"1","show_post_date":"1","post_date_format":"default","post_date_format_custom":"Y\/m\/d","show_post_category":"1","show_post_reading_time":"0","post_reading_time_wpm":"300","show_zoom_button":"0","zoom_button_out_step":"2","zoom_button_in_step":"3","show_post_tag":"1","show_prev_next_post":"0","show_popup_post":"0","number_popup_post":"1","show_author_box":"0","show_post_related":"1","show_inline_post_related":"0"}],"override_image_size":"0","image_override":[{"single_post_thumbnail_size":"crop-500","single_post_gallery_size":"crop-500"}],"trending_post":"0","trending_post_position":"meta","trending_post_label":"Trending","sponsored_post":"0","sponsored_post_label":"Sponsored by","sponsored_post_name":"","sponsored_post_url":"","sponsored_post_logo_enable":"0","sponsored_post_logo":"","sponsored_post_desc":"","disable_ad":"0"},"jnews_primary_category":{"id":"","hide":""},"jnews_social_meta":{"fb_title":"","fb_description":"","fb_image":"","twitter_title":"","twitter_description":"","twitter_image":""},"jnews_review":[],"enable_review":"0","type":"percentage","name":"","summary":"","brand":"","sku":"","good":[{"good_text":""}],"bad":[{"bad_text":""}],"score_override":"0","override_value":"","rating":[{"rating_text":"","rating_number":"10"}],"price":[{"shop":"","price":"","link":"","icon":""}],"jnews_override_counter":{"override_view_counter":"0","view_counter_number":"0","override_share_counter":"0","share_counter_number":"0","override_like_counter":"0","like_counter_number":"0","override_dislike_counter":"0","dislike_counter_number":"0"},"jnews_post_split":{"enable_post_split":"0","post_split":[{"template":"1","tag":"h2","numbering":"asc","mode":"normal","first":"0","enable_toc":"0","toc_type":"normal"}]},"footnotes":""},"categories":[18],"tags":[417,26,1312,1082,61,1307,1308],"class_list":["post-44741","post","type-post","status-publish","format-standard","has-post-thumbnail","hentry","category-nacionales","tag-ajuste","tag-ate","tag-c","tag-ciencia-y-tecnica","tag-conicet","tag-estatales","tag-milei"],"jetpack_featured_media_url":"https:\/\/atecordoba.org\/wp-content\/uploads\/2024\/07\/flyer-paro-conicet-31-7-1-e1721824710435.jpg","_links":{"self":[{"href":"https:\/\/atecordoba.org\/index.php?rest_route=\/wp\/v2\/posts\/44741","targetHints":{"allow":["GET"]}}],"collection":[{"href":"https:\/\/atecordoba.org\/index.php?rest_route=\/wp\/v2\/posts"}],"about":[{"href":"https:\/\/atecordoba.org\/index.php?rest_route=\/wp\/v2\/types\/post"}],"author":[{"embeddable":true,"href":"https:\/\/atecordoba.org\/index.php?rest_route=\/wp\/v2\/users\/7"}],"replies":[{"embeddable":true,"href":"https:\/\/atecordoba.org\/index.php?rest_route=%2Fwp%2Fv2%2Fcomments&post=44741"}],"version-history":[{"count":1,"href":"https:\/\/atecordoba.org\/index.php?rest_route=\/wp\/v2\/posts\/44741\/revisions"}],"predecessor-version":[{"id":44745,"href":"https:\/\/atecordoba.org\/index.php?rest_route=\/wp\/v2\/posts\/44741\/revisions\/44745"}],"wp:featuredmedia":[{"embeddable":true,"href":"https:\/\/atecordoba.org\/index.php?rest_route=\/wp\/v2\/media\/44744"}],"wp:attachment":[{"href":"https:\/\/atecordoba.org\/index.php?rest_route=%2Fwp%2Fv2%2Fmedia&parent=44741"}],"wp:term":[{"taxonomy":"category","embeddable":true,"href":"https:\/\/atecordoba.org\/index.php?rest_route=%2Fwp%2Fv2%2Fcategories&post=44741"},{"taxonomy":"post_tag","embeddable":true,"href":"https:\/\/atecordoba.org\/index.php?rest_route=%2Fwp%2Fv2%2Ftags&post=44741"}],"curies":[{"name":"wp","href":"https:\/\/api.w.org\/{rel}","templated":true}]}}