{"id":44732,"date":"2024-07-23T11:14:58","date_gmt":"2024-07-23T14:14:58","guid":{"rendered":"https:\/\/atecordoba.org\/?p=44732"},"modified":"2024-07-23T11:14:58","modified_gmt":"2024-07-23T14:14:58","slug":"la-criminalizacion-de-la-protesta-ambiental-en-cordoba","status":"publish","type":"post","link":"https:\/\/atecordoba.org\/?p=44732","title":{"rendered":"La criminalizaci\u00f3n de la protesta ambiental en C\u00f3rdoba"},"content":{"rendered":"<div dir=\"auto\"><img loading=\"lazy\" decoding=\"async\" class=\"wp-image-44733  aligncenter\" src=\"https:\/\/atecordoba.org\/wp-content\/uploads\/2024\/07\/288646918_5519050861459959_5129163091292744895_n-1536x1140-1-1024x760.jpg\" alt=\"\" width=\"603\" height=\"448\" \/><\/div>\n<div dir=\"auto\">En medio de la creciente preocupaci\u00f3n por la criminalizaci\u00f3n de la protesta ambiental en C\u00f3rdoba, el Secretario General de la CTA Aut\u00f3noma Traslasierra, con asiento en la ciudad de Villa Dolores, Hugo \u201cP\u00e1jaro\u201d Galaburri,\u00a0 expres\u00f3 su postura sobre el pol\u00e9mico proceso judicial que enfrentan seis defensores del ambiente.<\/div>\n<div dir=\"auto\"><\/div>\n<div dir=\"auto\">Marco D\u2019Angelo, un destacado miembro de la grupalidad \u2018Pan y Caramelo\u2019, ha revelado la alarmante situaci\u00f3n que se vive en Punilla. \u2018Pan y Caramelo\u2019 es un colectivo formado por defensores de los territorios y de todas sus formas de vida, provenientes de diversas localidades de la provincia de C\u00f3rdoba. Estos activistas han denunciado en\u00e9rgicamente la destrucci\u00f3n y las irregularidades asociadas con la construcci\u00f3n de la Autov\u00eda de Punilla, proyecto vinculado a la Iniciativa para la Integraci\u00f3n de la Infraestructura Regional Suramericana (IIRSA) y el Consejo Suramericano de Infraestructura y Planeamiento (COSIPLAN).<\/div>\n<div dir=\"auto\"><\/div>\n<div dir=\"auto\">El 28 de mayo, el Poder Judicial de C\u00f3rdoba elev\u00f3 a juicio a seis defensores ambientales, quienes desempe\u00f1an roles como trabajadores de la salud, campesinos, docentes, artesanos y periodistas. La audiencia de apelaci\u00f3n est\u00e1 programada para el lunes 29 de julio de 2024, a las 12:30, en el Tribunal de Villa Dolores. Seg\u00fan \u2018Pan y Caramelo\u2019, este proceso judicial est\u00e1 plagado de irregularidades y es un claro ejemplo de criminalizaci\u00f3n de la defensa de los derechos en C\u00f3rdoba, en violaci\u00f3n de la Constituci\u00f3n Nacional y los acuerdos internacionales de derechos humanos.<\/div>\n<div dir=\"auto\"><\/div>\n<div dir=\"auto\">El Secretario General de la CTA-A Traslasierra ha resaltado que esta persecuci\u00f3n judicial busca sentar un precedente para silenciar a cualquier persona u organizaci\u00f3n que denuncie violaciones a los derechos ambientales.<\/div>\n<div dir=\"auto\"><\/div>\n<div dir=\"auto\">En Punilla, ya hay 18 personas imputadas por defender el ambiente, adem\u00e1s de numerosos casos de amenazas, persecuciones, desalojos ilegales, allanamientos, detenciones arbitrarias, violencia institucional y de g\u00e9nero por parte de las fuerzas policiales y judiciales. Un ejemplo tr\u00e1gico de esta violencia institucional es el asesinato de Jonathan Romo en un calabozo de la Comisar\u00eda de La Falda.<\/div>\n<div dir=\"auto\"><\/div>\n<div dir=\"auto\">Galaburri responsabiliza al Poder Judicial y a los gobiernos municipales, Provincial y Nacional por el conflicto social resultante de la falta de escucha y respuestas adecuadas al principio precautorio. En C\u00f3rdoba y en toda Argentina, aumenta el n\u00famero de personas judicializadas por defender los derechos ambientales.<\/div>\n<div dir=\"auto\"><\/div>\n<div dir=\"auto\">Ante esta situaci\u00f3n, la grupalidad \u2018Pan y Caramelo\u2019 ha convocado a organizaciones, asambleas, sindicatos, movimientos sociales, espacios culturales, comunidades ind\u00edgenas, medios de comunicaci\u00f3n y a todos los defensores de derechos a unirse en la construcci\u00f3n de un plan de acciones para visibilizar y denunciar el ataque contra los seis vecinos inocentes de Punilla.<\/div>\n<div dir=\"auto\"><\/div>\n<div dir=\"auto\">Estas declaraciones de Galaburri fueron difundidas a trav\u00e9s de los canales de TV de la Cooperativa Cemdo, Canal 9 y Canal 4 En la Noticia, as\u00ed como en Radio Verdad de Villa Dolores, ampliando el llamado a la solidaridad y la acci\u00f3n colectiva en defensa de los derechos ambientales y humanos en C\u00f3rdoba.<\/div>\n","protected":false},"excerpt":{"rendered":"<p>En medio de la creciente preocupaci\u00f3n por la criminalizaci\u00f3n de la protesta ambiental en C\u00f3rdoba, el Secretario General de la CTA Aut\u00f3noma Traslasierra, con asiento en la ciudad de Villa Dolores, Hugo \u201cP\u00e1jaro\u201d Galaburri,\u00a0 expres\u00f3 su postura sobre el pol\u00e9mico proceso judicial que enfrentan seis defensores del ambiente. Marco D\u2019Angelo, un destacado miembro de la [&hellip;]<\/p>\n","protected":false},"author":7,"featured_media":44733,"comment_status":"open","ping_status":"open","sticky":false,"template":"","format":"standard","meta":{"_exactmetrics_skip_tracking":false,"_exactmetrics_sitenote_active":false,"_exactmetrics_sitenote_note":"","_exactmetrics_sitenote_category":0,"jnews-multi-image_gallery":[],"jnews_single_post":{"source_name":"","source_url":"","via_name":"","via_url":"","override_template":"0","override":[{"template":"1","single_blog_custom":"","parallax":"1","fullscreen":"1","layout":"no-sidebar-narrow","sidebar":"default-sidebar","second_sidebar":"default-sidebar","sticky_sidebar":"1","share_position":"bottom","share_float_style":"share-monocrhome","show_share_counter":"1","show_view_counter":"1","show_featured":"0","show_post_meta":"1","show_post_author":"0","show_post_author_image":"1","show_post_date":"1","post_date_format":"default","post_date_format_custom":"Y\/m\/d","show_post_category":"1","show_post_reading_time":"0","post_reading_time_wpm":"300","show_zoom_button":"0","zoom_button_out_step":"2","zoom_button_in_step":"3","show_post_tag":"1","show_prev_next_post":"0","show_popup_post":"0","number_popup_post":"1","show_author_box":"0","show_post_related":"1","show_inline_post_related":"0"}],"override_image_size":"0","image_override":[{"single_post_thumbnail_size":"crop-500","single_post_gallery_size":"crop-500"}],"trending_post":"0","trending_post_position":"meta","trending_post_label":"Trending","sponsored_post":"0","sponsored_post_label":"Sponsored by","sponsored_post_name":"","sponsored_post_url":"","sponsored_post_logo_enable":"0","sponsored_post_logo":"","sponsored_post_desc":"","disable_ad":"0"},"jnews_primary_category":{"id":"","hide":""},"jnews_social_meta":{"fb_title":"","fb_description":"","fb_image":"","twitter_title":"","twitter_description":"","twitter_image":""},"jnews_review":[],"enable_review":"0","type":"percentage","name":"","summary":"","brand":"","sku":"","good":[{"good_text":""}],"bad":[{"bad_text":""}],"score_override":"0","override_value":"","rating":[{"rating_text":"","rating_number":"10"}],"price":[{"shop":"","price":"","link":"","icon":""}],"jnews_override_counter":{"override_view_counter":"0","view_counter_number":"0","override_share_counter":"0","share_counter_number":"0","override_like_counter":"0","like_counter_number":"0","override_dislike_counter":"0","dislike_counter_number":"0"},"jnews_post_split":{"enable_post_split":"0","post_split":[{"template":"1","tag":"h2","numbering":"asc","mode":"normal","first":"0","enable_toc":"0","toc_type":"normal"}]},"footnotes":""},"categories":[92],"tags":[],"class_list":["post-44732","post","type-post","status-publish","format-standard","has-post-thumbnail","hentry","category-cta"],"jetpack_featured_media_url":"https:\/\/atecordoba.org\/wp-content\/uploads\/2024\/07\/288646918_5519050861459959_5129163091292744895_n-1536x1140-1-e1721744078698.jpg","_links":{"self":[{"href":"https:\/\/atecordoba.org\/index.php?rest_route=\/wp\/v2\/posts\/44732","targetHints":{"allow":["GET"]}}],"collection":[{"href":"https:\/\/atecordoba.org\/index.php?rest_route=\/wp\/v2\/posts"}],"about":[{"href":"https:\/\/atecordoba.org\/index.php?rest_route=\/wp\/v2\/types\/post"}],"author":[{"embeddable":true,"href":"https:\/\/atecordoba.org\/index.php?rest_route=\/wp\/v2\/users\/7"}],"replies":[{"embeddable":true,"href":"https:\/\/atecordoba.org\/index.php?rest_route=%2Fwp%2Fv2%2Fcomments&post=44732"}],"version-history":[{"count":1,"href":"https:\/\/atecordoba.org\/index.php?rest_route=\/wp\/v2\/posts\/44732\/revisions"}],"predecessor-version":[{"id":44734,"href":"https:\/\/atecordoba.org\/index.php?rest_route=\/wp\/v2\/posts\/44732\/revisions\/44734"}],"wp:featuredmedia":[{"embeddable":true,"href":"https:\/\/atecordoba.org\/index.php?rest_route=\/wp\/v2\/media\/44733"}],"wp:attachment":[{"href":"https:\/\/atecordoba.org\/index.php?rest_route=%2Fwp%2Fv2%2Fmedia&parent=44732"}],"wp:term":[{"taxonomy":"category","embeddable":true,"href":"https:\/\/atecordoba.org\/index.php?rest_route=%2Fwp%2Fv2%2Fcategories&post=44732"},{"taxonomy":"post_tag","embeddable":true,"href":"https:\/\/atecordoba.org\/index.php?rest_route=%2Fwp%2Fv2%2Ftags&post=44732"}],"curies":[{"name":"wp","href":"https:\/\/api.w.org\/{rel}","templated":true}]}}