{"id":44727,"date":"2024-07-23T10:37:24","date_gmt":"2024-07-23T13:37:24","guid":{"rendered":"https:\/\/atecordoba.org\/?p=44727"},"modified":"2024-07-23T10:38:35","modified_gmt":"2024-07-23T13:38:35","slug":"ate-rechaza-por-insuficiente-la-oferta-de-aumento-en-paritaria-reclama-su-inclusion-en-la-negociacion-y-convoca-a-movilizar-con-la-uepc-capital","status":"publish","type":"post","link":"https:\/\/atecordoba.org\/?p=44727","title":{"rendered":"ATE se solidariza con las y los docentes en lucha por sus salarios y convoca a movilizar con la UEPC Capital"},"content":{"rendered":"<figure id=\"attachment_44728\" aria-describedby=\"caption-attachment-44728\" style=\"width: 610px\" class=\"wp-caption aligncenter\"><img loading=\"lazy\" decoding=\"async\" class=\"wp-image-44728 \" src=\"https:\/\/atecordoba.org\/wp-content\/uploads\/2024\/07\/Fede_buko.png\" alt=\"\" width=\"610\" height=\"532\" \/><figcaption id=\"caption-attachment-44728\" class=\"wp-caption-text\">El secretario General de ATE C\u00f3rdoba, Federico Giuliani, junto a su par de la UEPC Capital, Franco Boczkowski.<\/figcaption><\/figure>\n<p>Frente a la conciliaci\u00f3n obligatoria ordenada por la Secretaria de Trabajo de la Provincia en la paritaria con el gremio docente UEPC -tras rechazar la asamblea de esa organizaci\u00f3n la oferta oficial por insuficiente-, ATE reclamada una recomposici\u00f3n acorde a los costos de vida de las familias, denuncia que el Gobierno de Llaryora act\u00faa como juez y parte en este conflicto, de manera absolutamente desleal, y se solidariza con las y los compa\u00f1eros en lucha.<\/p>\n<p>La conciliaci\u00f3n obligatoria solo busca retrasar una respuesta que las y los trabajadores docentes exigen de manera inmediata para poder cubrir los gastos mensuales, frente a la brutal ca\u00edda de nuestros ingresos.<\/p>\n<p>Los provinciales nos enfrentamos a un gobierno que acompa\u00f1a y convalida el brutal ajuste nacional que impone Javier Milei, retracci\u00f3n que supone una acelerada ca\u00edda de los ingresos populares, mientras endeuda la Argentina con una rapidez y dimensi\u00f3n nunca vista.<\/p>\n<p>En ese marco, el modelo cordob\u00e9s de gesti\u00f3n del Estado consiste en haberes por debajo de la l\u00ednea de la pobreza y p\u00e9simas condiciones de trabajo. Esto es as\u00ed al punto que como \u201cgran oferta\u201d, Llaryora propuso un salario base docente de 560 mil pesos, cuando la canasta familiar del INDEC est\u00e1 fijada en 873.169 pesos. Esa base apenas supera la l\u00ednea de la indigencia de 393.319 pesos.<\/p>\n<p>A las magras ofertas salariales, que expresan el inter\u00e9s del Gobierno por la educaci\u00f3n de nuestros hijos e hijas, se suma la falta absoluta de vocaci\u00f3n democr\u00e1tica de Llaryora, al igual que sus antecesores, por desarrollar paritarias donde estemos representados el conjunto de las organizaciones sindicales con \u00e1mbito de actuaci\u00f3n en la Provincia. En tal sentido, ATE exige su pronta incorporaci\u00f3n a la mesa de negociaci\u00f3n para que nuestros afiliados tengan votos y votos, como ordena la legislaci\u00f3n vigente.<\/p>\n<p>Por todo ello, y en solidaridad con las y los docentes en lucha, ATE convoca a movilizar junto a la UEPC Capital, esta tarde a partir de las 18 horas. Concentramos en la sede del gremio docente, Maip\u00fa 30.<\/p>\n","protected":false},"excerpt":{"rendered":"<p>Frente a la conciliaci\u00f3n obligatoria ordenada por la Secretaria de Trabajo de la Provincia en la paritaria con el gremio docente UEPC -tras rechazar la asamblea de esa organizaci\u00f3n la oferta oficial por insuficiente-, ATE reclamada una recomposici\u00f3n acorde a los costos de vida de las familias, denuncia que el Gobierno de Llaryora act\u00faa como [&hellip;]<\/p>\n","protected":false},"author":7,"featured_media":44728,"comment_status":"open","ping_status":"open","sticky":false,"template":"","format":"standard","meta":{"_exactmetrics_skip_tracking":false,"_exactmetrics_sitenote_active":false,"_exactmetrics_sitenote_note":"","_exactmetrics_sitenote_category":0,"jnews-multi-image_gallery":[],"jnews_single_post":{"source_name":"","source_url":"","via_name":"","via_url":"","override_template":"0","override":[{"template":"1","single_blog_custom":"","parallax":"1","fullscreen":"1","layout":"no-sidebar-narrow","sidebar":"default-sidebar","second_sidebar":"default-sidebar","sticky_sidebar":"1","share_position":"bottom","share_float_style":"share-monocrhome","show_share_counter":"1","show_view_counter":"1","show_featured":"0","show_post_meta":"1","show_post_author":"0","show_post_author_image":"1","show_post_date":"1","post_date_format":"default","post_date_format_custom":"Y\/m\/d","show_post_category":"1","show_post_reading_time":"0","post_reading_time_wpm":"300","show_zoom_button":"0","zoom_button_out_step":"2","zoom_button_in_step":"3","show_post_tag":"1","show_prev_next_post":"0","show_popup_post":"0","number_popup_post":"1","show_author_box":"0","show_post_related":"1","show_inline_post_related":"0"}],"override_image_size":"0","image_override":[{"single_post_thumbnail_size":"crop-500","single_post_gallery_size":"crop-500"}],"trending_post":"0","trending_post_position":"meta","trending_post_label":"Trending","sponsored_post":"0","sponsored_post_label":"Sponsored by","sponsored_post_name":"","sponsored_post_url":"","sponsored_post_logo_enable":"0","sponsored_post_logo":"","sponsored_post_desc":"","disable_ad":"0"},"jnews_primary_category":{"id":"","hide":""},"jnews_social_meta":{"fb_title":"","fb_description":"","fb_image":"","twitter_title":"","twitter_description":"","twitter_image":""},"jnews_review":[],"enable_review":"0","type":"percentage","name":"","summary":"","brand":"","sku":"","good":[{"good_text":""}],"bad":[{"bad_text":""}],"score_override":"0","override_value":"","rating":[{"rating_text":"","rating_number":"10"}],"price":[{"shop":"","price":"","link":"","icon":""}],"jnews_override_counter":{"override_view_counter":"0","view_counter_number":"0","override_share_counter":"0","share_counter_number":"0","override_like_counter":"0","like_counter_number":"0","override_dislike_counter":"0","dislike_counter_number":"0"},"jnews_post_split":{"enable_post_split":"0","post_split":[{"template":"1","tag":"h2","numbering":"asc","mode":"normal","first":"0","enable_toc":"0","toc_type":"normal"}]},"footnotes":""},"categories":[8],"tags":[],"class_list":["post-44727","post","type-post","status-publish","format-standard","has-post-thumbnail","hentry","category-provinciales"],"jetpack_featured_media_url":"https:\/\/atecordoba.org\/wp-content\/uploads\/2024\/07\/Fede_buko-e1721741476578.png","_links":{"self":[{"href":"https:\/\/atecordoba.org\/index.php?rest_route=\/wp\/v2\/posts\/44727","targetHints":{"allow":["GET"]}}],"collection":[{"href":"https:\/\/atecordoba.org\/index.php?rest_route=\/wp\/v2\/posts"}],"about":[{"href":"https:\/\/atecordoba.org\/index.php?rest_route=\/wp\/v2\/types\/post"}],"author":[{"embeddable":true,"href":"https:\/\/atecordoba.org\/index.php?rest_route=\/wp\/v2\/users\/7"}],"replies":[{"embeddable":true,"href":"https:\/\/atecordoba.org\/index.php?rest_route=%2Fwp%2Fv2%2Fcomments&post=44727"}],"version-history":[{"count":2,"href":"https:\/\/atecordoba.org\/index.php?rest_route=\/wp\/v2\/posts\/44727\/revisions"}],"predecessor-version":[{"id":44730,"href":"https:\/\/atecordoba.org\/index.php?rest_route=\/wp\/v2\/posts\/44727\/revisions\/44730"}],"wp:featuredmedia":[{"embeddable":true,"href":"https:\/\/atecordoba.org\/index.php?rest_route=\/wp\/v2\/media\/44728"}],"wp:attachment":[{"href":"https:\/\/atecordoba.org\/index.php?rest_route=%2Fwp%2Fv2%2Fmedia&parent=44727"}],"wp:term":[{"taxonomy":"category","embeddable":true,"href":"https:\/\/atecordoba.org\/index.php?rest_route=%2Fwp%2Fv2%2Fcategories&post=44727"},{"taxonomy":"post_tag","embeddable":true,"href":"https:\/\/atecordoba.org\/index.php?rest_route=%2Fwp%2Fv2%2Ftags&post=44727"}],"curies":[{"name":"wp","href":"https:\/\/api.w.org\/{rel}","templated":true}]}}