{"id":4472,"date":"2014-09-11T16:53:09","date_gmt":"2014-09-11T19:53:09","guid":{"rendered":"http:\/\/www.atecordoba.org\/?p=4472"},"modified":"2014-09-11T16:53:09","modified_gmt":"2014-09-11T19:53:09","slug":"rio-tercero-sumo-firmas-a-la-campana-nacional-por-el-82-movil","status":"publish","type":"post","link":"https:\/\/atecordoba.org\/?p=4472","title":{"rendered":"R\u00edo Tercero sum\u00f3 firmas a la campa\u00f1a nacional por el 82% m\u00f3vil"},"content":{"rendered":"<p><em>En el marco de la campa\u00f1a que ATE y CTA llevan adelante en todo el pa\u00eds para apoyar el proyecto de ley de reforma previsional que llevar\u00e1 el haber de los jubilados al 82% m\u00f3vil, compa\u00f1eros de la Seccional R\u00edo Tercero junto al Centro de Jubilados provincial recabaron firmas para apoyar la iniciativa legislativa del diputado V\u00edctor de Gennaro.<\/em><\/p>\n<p><a href=\"http:\/\/www.atecordoba.org\/wp-content\/uploads\/2014\/09\/100_3480-e1410464711378.jpg\"><img loading=\"lazy\" decoding=\"async\" class=\"aligncenter size-full wp-image-4473\" src=\"http:\/\/www.atecordoba.org\/wp-content\/uploads\/2014\/09\/100_3480-e1410464711378.jpg\" alt=\"100_3480\" width=\"600\" height=\"450\" \/><\/a><\/p>\n<p>En la oportunidad, el secretario General de la seccional R\u00edo Tercero, Cristian Colman, remarc\u00f3 la necesidad de dar impulso a la campa\u00f1a de apoyos ya que es indispensable contar con una norma que replant\u00e9 el actual sistema previsional donde 8 de cada 10 jubilados nacionales cobran el haber b\u00e1sico, que no alcanza el salario m\u00ednimo, vital y m\u00f3vil (SMVyM). &#8220;ATE y la CTA se ponen al frente de esta iniciativa pol\u00edtica para terminar con la injusticia que sufren<a href=\"http:\/\/www.atecordoba.org\/wp-content\/uploads\/2014\/09\/100_3481-e1410464757843.jpg\"><img loading=\"lazy\" decoding=\"async\" class=\"alignright wp-image-4474 \" src=\"http:\/\/www.atecordoba.org\/wp-content\/uploads\/2014\/09\/100_3481-e1410464757843.jpg\" alt=\"100_3481\" width=\"266\" height=\"199\" \/><\/a> nuestros jubilados&#8221;, remarc\u00f3 el dirigente.<\/p>\n<p>A su turno, la compa\u00f1era Carmen Neder, presidenta del Centro de Jubilados provincial, evalu\u00f3 como muy positiva la juntada de firmas pro la recepci\u00f3n que se obtiene de la sociedad en general. &#8220;La gente se acerca a firmar muy gustosa. Los riotercerences son solidarios y entienden que esto no es para hacerle mal a nadie sino por el bien de todos. La verdad que la campa\u00f1a est\u00e1 marchando con mucha aceptaci\u00f3n y esperamos que los diputados del Congreso Nacional sepan escuchar la voz de los que aportaron toda una vida y cobran salarios que no alcanzan para nada&#8221;, dijo Neder.<\/p>\n<p>Estuvieron presentes tambi\u00e9n el presidente del Centro de Jubilados de R\u00edo Tercero, \u00a0Omar\u00a0Gaviglio, junto a miembros de comisi\u00f3n directiva de la seccional bancaron la actividad, en un d\u00eda de mucho fr\u00edo, poniendo el hombro por la dignidad de los jubilados.<\/p>\n<p><a href=\"http:\/\/www.atecordoba.org\/wp-content\/uploads\/2014\/09\/100_3476-e1410464836246.jpg\"><img loading=\"lazy\" decoding=\"async\" class=\"aligncenter size-full wp-image-4475\" src=\"http:\/\/www.atecordoba.org\/wp-content\/uploads\/2014\/09\/100_3476-e1410464836246.jpg\" alt=\"100_3476\" width=\"600\" height=\"450\" \/><\/a><\/p>\n<p><a href=\"http:\/\/www.atecordoba.org\/wp-content\/uploads\/2014\/09\/100_3477-e1410464870722.jpg\"><img loading=\"lazy\" decoding=\"async\" class=\"aligncenter size-full wp-image-4476\" src=\"http:\/\/www.atecordoba.org\/wp-content\/uploads\/2014\/09\/100_3477-e1410464870722.jpg\" alt=\"100_3477\" width=\"600\" height=\"450\" \/><\/a><\/p>\n","protected":false},"excerpt":{"rendered":"<p>En el marco de la campa\u00f1a que ATE y CTA llevan adelante en todo el pa\u00eds para apoyar el proyecto de ley de reforma previsional que llevar\u00e1 el haber de los jubilados al 82% m\u00f3vil, compa\u00f1eros de la Seccional R\u00edo Tercero junto al Centro de Jubilados provincial recabaron firmas para apoyar la iniciativa legislativa del [&hellip;]<\/p>\n","protected":false},"author":1,"featured_media":19220,"comment_status":"open","ping_status":"open","sticky":false,"template":"","format":"standard","meta":{"_exactmetrics_skip_tracking":false,"_exactmetrics_sitenote_active":false,"_exactmetrics_sitenote_note":"","_exactmetrics_sitenote_category":0,"jnews-multi-image_gallery":[],"jnews_single_post":[],"jnews_primary_category":[],"jnews_social_meta":[],"jnews_review":[],"enable_review":"","type":"","name":"","summary":"","brand":"","sku":"","good":[],"bad":[],"score_override":"","override_value":"","rating":[],"price":[],"jnews_override_counter":[],"jnews_post_split":[],"footnotes":""},"categories":[22,18],"tags":[],"class_list":["post-4472","post","type-post","status-publish","format-standard","has-post-thumbnail","hentry","category-jubilados","category-nacionales"],"jetpack_featured_media_url":"https:\/\/atecordoba.org\/wp-content\/uploads\/2020\/05\/logo-nuevochico-e1561581322808.png","_links":{"self":[{"href":"https:\/\/atecordoba.org\/index.php?rest_route=\/wp\/v2\/posts\/4472","targetHints":{"allow":["GET"]}}],"collection":[{"href":"https:\/\/atecordoba.org\/index.php?rest_route=\/wp\/v2\/posts"}],"about":[{"href":"https:\/\/atecordoba.org\/index.php?rest_route=\/wp\/v2\/types\/post"}],"author":[{"embeddable":true,"href":"https:\/\/atecordoba.org\/index.php?rest_route=\/wp\/v2\/users\/1"}],"replies":[{"embeddable":true,"href":"https:\/\/atecordoba.org\/index.php?rest_route=%2Fwp%2Fv2%2Fcomments&post=4472"}],"version-history":[{"count":0,"href":"https:\/\/atecordoba.org\/index.php?rest_route=\/wp\/v2\/posts\/4472\/revisions"}],"wp:featuredmedia":[{"embeddable":true,"href":"https:\/\/atecordoba.org\/index.php?rest_route=\/wp\/v2\/media\/19220"}],"wp:attachment":[{"href":"https:\/\/atecordoba.org\/index.php?rest_route=%2Fwp%2Fv2%2Fmedia&parent=4472"}],"wp:term":[{"taxonomy":"category","embeddable":true,"href":"https:\/\/atecordoba.org\/index.php?rest_route=%2Fwp%2Fv2%2Fcategories&post=4472"},{"taxonomy":"post_tag","embeddable":true,"href":"https:\/\/atecordoba.org\/index.php?rest_route=%2Fwp%2Fv2%2Ftags&post=4472"}],"curies":[{"name":"wp","href":"https:\/\/api.w.org\/{rel}","templated":true}]}}