{"id":44718,"date":"2024-07-22T13:28:35","date_gmt":"2024-07-22T16:28:35","guid":{"rendered":"https:\/\/atecordoba.org\/?p=44718"},"modified":"2024-07-22T13:28:35","modified_gmt":"2024-07-22T16:28:35","slug":"conicet-plenario-nacional-reclamo-presupuesto-y-recomposicion-salarial-urgente","status":"publish","type":"post","link":"https:\/\/atecordoba.org\/?p=44718","title":{"rendered":"CONICET: Plenario Nacional reclam\u00f3 presupuesto y recomposici\u00f3n salarial urgente"},"content":{"rendered":"<p><img loading=\"lazy\" decoding=\"async\" class=\"wp-image-44719  aligncenter\" src=\"https:\/\/atecordoba.org\/wp-content\/uploads\/2024\/07\/ate-conicet-cba-750x375.jpg\" alt=\"\" width=\"602\" height=\"301\" \/><\/p>\n<p>Hoy se llev\u00f3 adelante el Plenario Nacional de ATE CONICET, donde se elabor\u00f3 el pliego de reivindicaciones gremiales de las y los trabajadores del organismo en le marco de la discusi\u00f3n paritaria que desarrolla el Estado nacional.<\/p>\n<p>El cuerpo de delegadas y delegados de CONICET C\u00f3rdoba particip\u00f3 activamente del encuentro, junto con el secretario de Organizaci\u00f3n del Consejo Directivo Provincial, Javier Bracamonte.<\/p>\n<div id='gallery_1' class='gallery galleryid-44718 gallery-columns-3 gallery-size-thumbnail'><figure class='gallery-item'>\n                <div class='gallery-icon landscape'>\n                    <a href='https:\/\/atecordoba.org\/wp-content\/uploads\/2024\/07\/plenario-conicet-zoom1.jpg'><img loading=\"lazy\" decoding=\"async\" width=\"150\" height=\"150\" src=\"\" class=\"attachment-thumbnail size-thumbnail lazyload\" alt=\"\" data-src=\"https:\/\/atecordoba.org\/wp-content\/uploads\/2024\/07\/plenario-conicet-zoom1-150x150.jpg\" data-sizes=\"auto\" data-srcset=\"https:\/\/atecordoba.org\/wp-content\/uploads\/2024\/07\/plenario-conicet-zoom1-150x150.jpg 150w, https:\/\/atecordoba.org\/wp-content\/uploads\/2024\/07\/plenario-conicet-zoom1-560x560.jpg 560w, https:\/\/atecordoba.org\/wp-content\/uploads\/2024\/07\/plenario-conicet-zoom1-75x75.jpg 75w, https:\/\/atecordoba.org\/wp-content\/uploads\/2024\/07\/plenario-conicet-zoom1-350x350.jpg 350w\" data-expand=\"700\" \/><\/a>\n                <\/div><\/figure><figure class='gallery-item'>\n                <div class='gallery-icon landscape'>\n                    <a href='https:\/\/atecordoba.org\/wp-content\/uploads\/2024\/07\/plenario-conicet-zoom2.jpg'><img loading=\"lazy\" decoding=\"async\" width=\"150\" height=\"150\" src=\"\" class=\"attachment-thumbnail size-thumbnail lazyload\" alt=\"\" data-src=\"https:\/\/atecordoba.org\/wp-content\/uploads\/2024\/07\/plenario-conicet-zoom2-150x150.jpg\" data-sizes=\"auto\" data-srcset=\"https:\/\/atecordoba.org\/wp-content\/uploads\/2024\/07\/plenario-conicet-zoom2-150x150.jpg 150w, https:\/\/atecordoba.org\/wp-content\/uploads\/2024\/07\/plenario-conicet-zoom2-560x560.jpg 560w, https:\/\/atecordoba.org\/wp-content\/uploads\/2024\/07\/plenario-conicet-zoom2-75x75.jpg 75w, https:\/\/atecordoba.org\/wp-content\/uploads\/2024\/07\/plenario-conicet-zoom2-350x350.jpg 350w\" data-expand=\"700\" \/><\/a>\n                <\/div><\/figure>\n                <br style='clear: both' \/>\n            <\/div>\n\n<p>Tras el debate se acord\u00f3 reclamar al gobierno de Javier Milei el pliego de demandas del \u00e1rea:<\/p>\n<p>-Continuidad de las pr\u00f3rrogas de becas posdoctorales cohorte 2021-2024<\/p>\n<p>-Ampliaci\u00f3n de los cupos de las becas doctorales y posdoctorales de la convocatoria 2023<\/p>\n<p>-Restituci\u00f3n de los programas de becas posdoctorales extraordinarias y de estad\u00edas cortas<\/p>\n<p>&#8211; Efectivizaci\u00f3n inmediata de las altas pendientes en CIC y CPA<\/p>\n<p>-Reincorporaci\u00f3n de todxs lxs despedidos. -Renovaci\u00f3n de todos los contratos art\u00edculo 9<\/p>\n<p>-Urgente resoluci\u00f3n y efectivizaci\u00f3n de las promociones CPA pendientes<\/p>\n<p>-Recomposici\u00f3n salarial urgente<\/p>\n<p>-No a la restituci\u00f3n del impuesto a las ganancias para la 4ta categor\u00eda<\/p>\n<p>-Basta de precarizaci\u00f3n laboral. Derechos laborales para becaries. -Pase a planta permanente<\/p>\n<p>-Ampliaci\u00f3n del presupuesto para ciencia y tecnolog\u00eda.<\/p>\n<p>-Restablecimiento de los mecanismos de financiamiento de la actividad\u00a0cient\u00edfica.<\/p>\n<p>Cabe mencionar el organismo cient\u00edfico-t\u00e9cnico estatal sufre un grav\u00edsimo ajuste que implica poner en riesgo la sostenibilidad de sus proyectos de investigaci\u00f3n ya que recortes presupuestarios y\u00a0 amenaza de despidos caracterizan a la gesti\u00f3n de turno.<\/p>\n","protected":false},"excerpt":{"rendered":"<p>Hoy se llev\u00f3 adelante el Plenario Nacional de ATE CONICET, donde se elabor\u00f3 el pliego de reivindicaciones gremiales de las y los trabajadores del organismo en le marco de la discusi\u00f3n paritaria que desarrolla el Estado nacional. El cuerpo de delegadas y delegados de CONICET C\u00f3rdoba particip\u00f3 activamente del encuentro, junto con el secretario de [&hellip;]<\/p>\n","protected":false},"author":7,"featured_media":44719,"comment_status":"open","ping_status":"open","sticky":false,"template":"","format":"standard","meta":{"_exactmetrics_skip_tracking":false,"_exactmetrics_sitenote_active":false,"_exactmetrics_sitenote_note":"","_exactmetrics_sitenote_category":0,"jnews-multi-image_gallery":[],"jnews_single_post":{"source_name":"","source_url":"","via_name":"","via_url":"","override_template":"0","override":[{"template":"1","single_blog_custom":"","parallax":"1","fullscreen":"1","layout":"no-sidebar-narrow","sidebar":"default-sidebar","second_sidebar":"default-sidebar","sticky_sidebar":"1","share_position":"bottom","share_float_style":"share-monocrhome","show_share_counter":"1","show_view_counter":"1","show_featured":"0","show_post_meta":"1","show_post_author":"0","show_post_author_image":"1","show_post_date":"1","post_date_format":"default","post_date_format_custom":"Y\/m\/d","show_post_category":"1","show_post_reading_time":"0","post_reading_time_wpm":"300","show_zoom_button":"0","zoom_button_out_step":"2","zoom_button_in_step":"3","show_post_tag":"1","show_prev_next_post":"0","show_popup_post":"0","number_popup_post":"1","show_author_box":"0","show_post_related":"1","show_inline_post_related":"0"}],"override_image_size":"0","image_override":[{"single_post_thumbnail_size":"crop-500","single_post_gallery_size":"crop-500"}],"trending_post":"0","trending_post_position":"meta","trending_post_label":"Trending","sponsored_post":"0","sponsored_post_label":"Sponsored by","sponsored_post_name":"","sponsored_post_url":"","sponsored_post_logo_enable":"0","sponsored_post_logo":"","sponsored_post_desc":"","disable_ad":"0"},"jnews_primary_category":{"id":"","hide":""},"jnews_social_meta":{"fb_title":"","fb_description":"","fb_image":"","twitter_title":"","twitter_description":"","twitter_image":""},"jnews_review":[],"enable_review":"0","type":"percentage","name":"","summary":"","brand":"","sku":"","good":[{"good_text":""}],"bad":[{"bad_text":""}],"score_override":"0","override_value":"","rating":[{"rating_text":"","rating_number":"10"}],"price":[{"shop":"","price":"","link":"","icon":""}],"jnews_override_counter":{"override_view_counter":"0","view_counter_number":"0","override_share_counter":"0","share_counter_number":"0","override_like_counter":"0","like_counter_number":"0","override_dislike_counter":"0","dislike_counter_number":"0"},"jnews_post_split":{"enable_post_split":"0","post_split":[{"template":"1","tag":"h2","numbering":"asc","mode":"normal","first":"0","enable_toc":"0","toc_type":"normal"}]},"footnotes":""},"categories":[18],"tags":[],"class_list":["post-44718","post","type-post","status-publish","format-standard","has-post-thumbnail","hentry","category-nacionales"],"jetpack_featured_media_url":"https:\/\/atecordoba.org\/wp-content\/uploads\/2024\/07\/ate-conicet-cba-e1721665706600.jpg","_links":{"self":[{"href":"https:\/\/atecordoba.org\/index.php?rest_route=\/wp\/v2\/posts\/44718","targetHints":{"allow":["GET"]}}],"collection":[{"href":"https:\/\/atecordoba.org\/index.php?rest_route=\/wp\/v2\/posts"}],"about":[{"href":"https:\/\/atecordoba.org\/index.php?rest_route=\/wp\/v2\/types\/post"}],"author":[{"embeddable":true,"href":"https:\/\/atecordoba.org\/index.php?rest_route=\/wp\/v2\/users\/7"}],"replies":[{"embeddable":true,"href":"https:\/\/atecordoba.org\/index.php?rest_route=%2Fwp%2Fv2%2Fcomments&post=44718"}],"version-history":[{"count":1,"href":"https:\/\/atecordoba.org\/index.php?rest_route=\/wp\/v2\/posts\/44718\/revisions"}],"predecessor-version":[{"id":44722,"href":"https:\/\/atecordoba.org\/index.php?rest_route=\/wp\/v2\/posts\/44718\/revisions\/44722"}],"wp:featuredmedia":[{"embeddable":true,"href":"https:\/\/atecordoba.org\/index.php?rest_route=\/wp\/v2\/media\/44719"}],"wp:attachment":[{"href":"https:\/\/atecordoba.org\/index.php?rest_route=%2Fwp%2Fv2%2Fmedia&parent=44718"}],"wp:term":[{"taxonomy":"category","embeddable":true,"href":"https:\/\/atecordoba.org\/index.php?rest_route=%2Fwp%2Fv2%2Fcategories&post=44718"},{"taxonomy":"post_tag","embeddable":true,"href":"https:\/\/atecordoba.org\/index.php?rest_route=%2Fwp%2Fv2%2Ftags&post=44718"}],"curies":[{"name":"wp","href":"https:\/\/api.w.org\/{rel}","templated":true}]}}