{"id":44714,"date":"2024-07-22T12:51:39","date_gmt":"2024-07-22T15:51:39","guid":{"rendered":"https:\/\/atecordoba.org\/?p=44714"},"modified":"2024-07-22T14:08:06","modified_gmt":"2024-07-22T17:08:06","slug":"ate-rechazo-el-35-en-julio-y-3-en-agosto-ofrecido-por-el-gobierno-y-declaro-asamblea-permanente-contra-el-ajustazo","status":"publish","type":"post","link":"https:\/\/atecordoba.org\/?p=44714","title":{"rendered":"ATE rechaz\u00f3 el 3,5% en julio y 3% en agosto ofrecido por el Gobierno y declar\u00f3 asamblea permanente contra el ajustazo"},"content":{"rendered":"<p><img loading=\"lazy\" decoding=\"async\" class=\"wp-image-44715 size-jnews-750x375 aligncenter\" src=\"https:\/\/atecordoba.org\/wp-content\/uploads\/2024\/07\/WhatsApp-Image-2023-11-06-at-18.19.18-750x375.jpeg\" alt=\"\" width=\"750\" height=\"375\" \/><\/p>\n<p>La Asociaci\u00f3n Trabajadores del Estado rechaz\u00f3 por insuficiente el ofrecimiento del Gobierno para la Administraci\u00f3n P\u00fablica Nacional, siendo de 3,5% para julio y 3% para agosto. \u201cEsta propuesta es inaceptable. Un recorte de esta magnitud en los ingresos del sector p\u00fablico no encuentra precedentes en las \u00faltimas d\u00e9cadas. Es un ajustazo\u201d, asegur\u00f3 Rodolfo Aguiar, Secretario General de ATE Nacional.<\/p>\n<p>\u201cLos ofrecimientos ni siquiera se condicen con los niveles oficiales de inflaci\u00f3n. Est\u00e1 claro que enfrentamos un plan deliberado para destruir los salarios y las condiciones de vida de todos los empleados p\u00fablicos. El Presidente y todo su gabinete desde hace meses est\u00e1n viviendo con la nuestra, con la de los estatales\u201d, indic\u00f3 el dirigente.<\/p>\n<p>Adem\u00e1s, el Gobierno que encabeza el presidente Javier Milei ofreci\u00f3 un bono de $60.000 por \u00fanica vez correspondiente a junio, mes en el que deliberadamente no se otorg\u00f3 ning\u00fan aumento por parte del Ejecutivo. \u201cUn bono por \u00fanica vez que ni siquiera alcanza para la factura de luz. Es rid\u00edculo\u201d, dispar\u00f3 Aguiar. Seg\u00fan el informe de la Junta Interna de ATE en INDEC, una familia tipo necesita $1.362.029 para no ser pobre, cifra muy superior al ingreso promedio de los estatales.<\/p>\n<p>En esa l\u00ednea, el secretario General de ATE C\u00f3rdoba, Federico Giuliani, sentenci\u00f3 que &#8220;nos est\u00e1n condenando a vivir bajo la l\u00ednea de pobreza y en algunos casos por debajo de los l\u00edmites de la indigencia. Claramente, el camino es la lucha para revertir esta realidad de los estatales nacionales, con despidos y con estos salarios que nos excluyen en los m\u00e1rgenes de la sociedad&#8221;.<\/p>\n<p><strong>Disciplinamiento<\/strong><\/p>\n<p>\u201cNo hay dudas acerca de que el Gobierno ha decido usar la paritaria nacional como disciplinamiento para gobernadores e intendentes. Las negociaciones nacionales siempre fueron una gu\u00eda para las discusiones que se dan luego en las administraciones provinciales y locales\u201d, evalu\u00f3 el Secretario General de ATE.<\/p>\n<p>Los aumentos, aceptados por el otro gremio signatario del Convenio Colectivo de Trabajo 214\/06, forman parte de la discusi\u00f3n salarial 2024-2025 que comenz\u00f3 en junio de este a\u00f1o. En lo que va de la gesti\u00f3n de Javier Milei, la p\u00e9rdida del poder adquisitivo en el sector p\u00fablico ya supera el 26%.<\/p>\n<p>\u201cEl Gobierno reduce la dotaci\u00f3n de personal en el Estado no s\u00f3lo mediante cesant\u00edas ilegales cada tres meses, sino pagando salarios de hambre. En los \u00faltimos meses, una gran cantidad de trabajadores profesionales, con experiencia y formados han decidido dejar la administraci\u00f3n para prestar servicios en el sector privado e incluso irse del pa\u00eds. Es el empleo p\u00fablico el que m\u00e1s sigue aportando a ese super\u00e1vit falso que se propagandiza desde el Ejecutivo.\u201d, indic\u00f3 Rodolfo Aguiar.<\/p>\n<p><strong>Estado de asamblea<\/strong><\/p>\n<p>En este marco, el dirigente adelant\u00f3: \u201cSe equivoca el Gobierno si cree que sembrando terror con los despidos nosotros vamos a resignar la defensa de nuestros salarios. Declaramos el estado de asamblea y tenemos que pensar en llevar adelante medidas de acci\u00f3n directa. Vamos a convocar las instancias org\u00e1nicas del sindicato para retomar r\u00e1pidamente nuestro plan de acci\u00f3n gremial.<\/p>\n<p>\u201cNo hay dirigente gremial que pueda haber sido votado para poder avalar con su firma una ofrecimiento de esta naturaleza, porcentajes que ni siquiera son la mitad de la evoluci\u00f3n real que tuvieron los precios en el trimestre\u201d, concluy\u00f3 Rodolfo Aguiar.<\/p>\n<p>La comitiva de ATE que se reuni\u00f3 en la Secretar\u00eda de Trabajo, con direcci\u00f3n en Avenida Callao 114, CABA, estuvo encabezada por la Secretaria Adjunta, Mercedes Cabezas, junto a Hugo Bell\u00f3n y Luciano Fern\u00e1ndez.<\/p>\n<p>En este marco, Mercedes Cabezas se\u00f1al\u00f3: &#8220;Esta paritaria una vez m\u00e1s demuestra la voluntad del Estado empleador de seguir denigrando a los trabajadores y a las trabajadoras estatales. Hemos rechazado esta oferta por entenderla no solamente insuficiente en t\u00e9rminos de bolsillo, sino tambi\u00e9n como una falta de respeto. Est\u00e1n intentando avanzar con el desguace del Estado Nacional&#8221;.<\/p>\n","protected":false},"excerpt":{"rendered":"<p>La Asociaci\u00f3n Trabajadores del Estado rechaz\u00f3 por insuficiente el ofrecimiento del Gobierno para la Administraci\u00f3n P\u00fablica Nacional, siendo de 3,5% para julio y 3% para agosto. \u201cEsta propuesta es inaceptable. Un recorte de esta magnitud en los ingresos del sector p\u00fablico no encuentra precedentes en las \u00faltimas d\u00e9cadas. Es un ajustazo\u201d, asegur\u00f3 Rodolfo Aguiar, Secretario [&hellip;]<\/p>\n","protected":false},"author":7,"featured_media":44715,"comment_status":"open","ping_status":"open","sticky":false,"template":"","format":"standard","meta":{"_exactmetrics_skip_tracking":false,"_exactmetrics_sitenote_active":false,"_exactmetrics_sitenote_note":"","_exactmetrics_sitenote_category":0,"jnews-multi-image_gallery":[],"jnews_single_post":{"source_name":"","source_url":"","via_name":"","via_url":"","override_template":"0","override":[{"template":"1","single_blog_custom":"","parallax":"1","fullscreen":"1","layout":"no-sidebar-narrow","sidebar":"default-sidebar","second_sidebar":"default-sidebar","sticky_sidebar":"1","share_position":"bottom","share_float_style":"share-monocrhome","show_share_counter":"1","show_view_counter":"1","show_featured":"0","show_post_meta":"1","show_post_author":"0","show_post_author_image":"1","show_post_date":"1","post_date_format":"default","post_date_format_custom":"Y\/m\/d","show_post_category":"1","show_post_reading_time":"0","post_reading_time_wpm":"300","show_zoom_button":"0","zoom_button_out_step":"2","zoom_button_in_step":"3","show_post_tag":"1","show_prev_next_post":"0","show_popup_post":"0","number_popup_post":"1","show_author_box":"0","show_post_related":"1","show_inline_post_related":"0"}],"override_image_size":"0","image_override":[{"single_post_thumbnail_size":"crop-500","single_post_gallery_size":"crop-500"}],"trending_post":"0","trending_post_position":"meta","trending_post_label":"Trending","sponsored_post":"0","sponsored_post_label":"Sponsored by","sponsored_post_name":"","sponsored_post_url":"","sponsored_post_logo_enable":"0","sponsored_post_logo":"","sponsored_post_desc":"","disable_ad":"0"},"jnews_primary_category":{"id":"","hide":""},"jnews_social_meta":{"fb_title":"","fb_description":"","fb_image":"","twitter_title":"","twitter_description":"","twitter_image":""},"jnews_review":[],"enable_review":"0","type":"percentage","name":"","summary":"","brand":"","sku":"","good":[{"good_text":""}],"bad":[{"bad_text":""}],"score_override":"0","override_value":"","rating":[{"rating_text":"","rating_number":"10"}],"price":[{"shop":"","price":"","link":"","icon":""}],"jnews_override_counter":{"override_view_counter":"0","view_counter_number":"0","override_share_counter":"0","share_counter_number":"0","override_like_counter":"0","like_counter_number":"0","override_dislike_counter":"0","dislike_counter_number":"0"},"jnews_post_split":{"enable_post_split":"0","post_split":[{"template":"1","tag":"h2","numbering":"asc","mode":"normal","first":"0","enable_toc":"0","toc_type":"normal"}]},"footnotes":""},"categories":[18],"tags":[45,26,339],"class_list":["post-44714","post","type-post","status-publish","format-standard","has-post-thumbnail","hentry","category-nacionales","tag-asamblea","tag-ate","tag-paritaria-nacional"],"jetpack_featured_media_url":"https:\/\/atecordoba.org\/wp-content\/uploads\/2024\/07\/WhatsApp-Image-2023-11-06-at-18.19.18-e1721663484566.jpeg","_links":{"self":[{"href":"https:\/\/atecordoba.org\/index.php?rest_route=\/wp\/v2\/posts\/44714","targetHints":{"allow":["GET"]}}],"collection":[{"href":"https:\/\/atecordoba.org\/index.php?rest_route=\/wp\/v2\/posts"}],"about":[{"href":"https:\/\/atecordoba.org\/index.php?rest_route=\/wp\/v2\/types\/post"}],"author":[{"embeddable":true,"href":"https:\/\/atecordoba.org\/index.php?rest_route=\/wp\/v2\/users\/7"}],"replies":[{"embeddable":true,"href":"https:\/\/atecordoba.org\/index.php?rest_route=%2Fwp%2Fv2%2Fcomments&post=44714"}],"version-history":[{"count":3,"href":"https:\/\/atecordoba.org\/index.php?rest_route=\/wp\/v2\/posts\/44714\/revisions"}],"predecessor-version":[{"id":44724,"href":"https:\/\/atecordoba.org\/index.php?rest_route=\/wp\/v2\/posts\/44714\/revisions\/44724"}],"wp:featuredmedia":[{"embeddable":true,"href":"https:\/\/atecordoba.org\/index.php?rest_route=\/wp\/v2\/media\/44715"}],"wp:attachment":[{"href":"https:\/\/atecordoba.org\/index.php?rest_route=%2Fwp%2Fv2%2Fmedia&parent=44714"}],"wp:term":[{"taxonomy":"category","embeddable":true,"href":"https:\/\/atecordoba.org\/index.php?rest_route=%2Fwp%2Fv2%2Fcategories&post=44714"},{"taxonomy":"post_tag","embeddable":true,"href":"https:\/\/atecordoba.org\/index.php?rest_route=%2Fwp%2Fv2%2Ftags&post=44714"}],"curies":[{"name":"wp","href":"https:\/\/api.w.org\/{rel}","templated":true}]}}