{"id":44697,"date":"2024-07-19T15:21:40","date_gmt":"2024-07-19T18:21:40","guid":{"rendered":"https:\/\/atecordoba.org\/?p=44697"},"modified":"2024-07-24T10:05:43","modified_gmt":"2024-07-24T13:05:43","slug":"feminicidio-de-catalina-gutierrez-y-retiro-del-estado-en-politicas-de-generos","status":"publish","type":"post","link":"https:\/\/atecordoba.org\/?p=44697","title":{"rendered":"Feminicidio de Catalina Guti\u00e9rrez y retiro del Estado en pol\u00edticas de g\u00e9neros"},"content":{"rendered":"<p><img loading=\"lazy\" decoding=\"async\" class=\"aligncenter wp-image-44706 \" src=\"https:\/\/atecordoba.org\/wp-content\/uploads\/2024\/07\/WhatsApp-Image-2024-07-19-at-4.06.31-PM-1-768x1024.jpeg\" alt=\"\" width=\"600\" height=\"800\" srcset=\"https:\/\/atecordoba.org\/wp-content\/uploads\/2024\/07\/WhatsApp-Image-2024-07-19-at-4.06.31-PM-1-768x1024.jpeg 768w, https:\/\/atecordoba.org\/wp-content\/uploads\/2024\/07\/WhatsApp-Image-2024-07-19-at-4.06.31-PM-1-225x300.jpeg 225w, https:\/\/atecordoba.org\/wp-content\/uploads\/2024\/07\/WhatsApp-Image-2024-07-19-at-4.06.31-PM-1-1152x1536.jpeg 1152w, https:\/\/atecordoba.org\/wp-content\/uploads\/2024\/07\/WhatsApp-Image-2024-07-19-at-4.06.31-PM-1-1536x2048.jpeg 1536w, https:\/\/atecordoba.org\/wp-content\/uploads\/2024\/07\/WhatsApp-Image-2024-07-19-at-4.06.31-PM-1-750x1000.jpeg 750w, https:\/\/atecordoba.org\/wp-content\/uploads\/2024\/07\/WhatsApp-Image-2024-07-19-at-4.06.31-PM-1-1140x1520.jpeg 1140w, https:\/\/atecordoba.org\/wp-content\/uploads\/2024\/07\/WhatsApp-Image-2024-07-19-at-4.06.31-PM-1-scaled.jpeg 1920w\" sizes=\"auto, (max-width: 600px) 100vw, 600px\" \/>Desde ATE C\u00f3rdoba repudiamos el feminicidio de Catalina Guti\u00e9rrez, ocurrido en C\u00f3rdoba esta semana, otro caso m\u00e1s de violencia contra las mujeres de los que diariamente se suceden en nuestro pa\u00eds.<\/p>\n<p>El colectivo NiunaMenos denunci\u00f3 que a Catalina la mat\u00f3 su compa\u00f1ero de la facultad a quien conoc\u00eda y con quien compart\u00eda estudio y amistad.<\/p>\n<p>&#8220;En un pa\u00eds donde abundan los discursos de odio y son reivindicados por el Gobierno nacional, no queremos seguir sumando v\u00edctimas. Reclamamos formaci\u00f3n y pol\u00edticas p\u00fablicas con perspectivas de g\u00e9nero y denunciamos el desmantelamiento de organismos del Estado destinados a la prevenci\u00f3n y lucha contra la violencia de g\u00e9nero&#8221;, se\u00f1al\u00f3 Niunamenos en un comunicado.<\/p>\n<p>Desde ATE hacemos nuestras sus palabras: no son enfermos, ni son locos, son hijos sanos del patriarcado. &#8220;Los feminicidas no son personas alejadas, en la mayor\u00eda de los casos se encuentran en nuestro c\u00edrculo cercano&#8221;.<\/p>\n<p>No hay #NiUnaMenos sin un Estado presente y una sociedad que entienda a la violencia de g\u00e9nero como una realidad concreta, social y estructural.<\/p>\n<p>El caso, que incluye una seguidilla de feminicidios que no se detuvo este 2024, se ubica en l\u00ednea a lo ocurrido en la materia en 2023, cuando se registraron 272 femicidios directos, seg\u00fan un nuevo informe de la Oficina de la Mujer de la Corte Suprema de Justicia de la Naci\u00f3n. El n\u00famero de v\u00edctimas directas represent\u00f3 un 11% de aumento respecto de 2022.<\/p>\n<p>A esto se suma el lamentable desmantelamiento de las pol\u00edticas p\u00fablicas erigidas durante la \u00faltima d\u00e9cadas y la pr\u00e1ctica supresi\u00f3n de los organismos del Estado dispuestos para aplicar esa pol\u00edticas.<\/p>\n<p>As\u00ed lo denunci\u00f3 ATE hace dos semanas, cunado realiz\u00f3 <a href=\"https:\/\/ate.org.ar\/240704-genero-despidos-jornada-de-lucha\/\">una jornada de lucha<\/a> frente al ex Ministerio de Mujeres, G\u00e9neros y Diversidad en la Capital Federal.<\/p>\n<p>Vale mencionar que en 2024 el gasto en las pol\u00edticas p\u00fablicas destinadas a reducir la desigualdad de g\u00e9nero fue, en lo que va del a\u00f1o, un 33% m\u00e1s bajo que el 2023. Se trata de un ajuste mayor que el que sufri\u00f3 el presupuesto nacional total, que fue del 24%.<\/p>\n<p>&#8220;Este cuadro general tiene a la provincia de C\u00f3rdoba como uno de los ejemplos cabales. Desde diciembre a esta parte hay una clara avanzada sobre los organismos que garantizan pol\u00edticas p\u00fablicas para las mujeres, diversidades y sectores m\u00e1s vulnerables: INADI, ANDIS, Ministerio de la Mujer, Centro de Referencia del ex Ministerio de Desarrollo Social, SENNAF, Centros de Acceso a la Justicia (CAJ), dependientes del Ministerio de Justicia de Naci\u00f3n, o PAMI est\u00e1n siendo arrasados por los despidos, donde la inmensa mayor\u00eda son mujeres trabajadoras, madres de familia y, en muchos casos tambi\u00e9n, sost\u00e9n del hogar&#8221;, consign\u00f3 recientemente<a href=\"https:\/\/atecordoba.org\/?p=44037\"> un informe<\/a> de la Secretaria de G\u00e9nero del Consejo Directivo Provincial.<\/p>\n<p>Cabe destacar que el Gobierno de C\u00f3rdoba tambi\u00e9n viene adoptando medidas de ajuste, en sinton\u00eda a las que impone en el sector la gesti\u00f3n libertaria, con el vaciamiento de organismos como la SENAF, donde recientemente acabo de despedir siete profesionales que ya hab\u00eda despedido en diciembre y reincorporado en enero, dando cuenta del manoseo al que se ven sometidas estas compa\u00f1eras, todas sost\u00e9n de hogar.<\/p>\n<p><em><strong>Programas desaparecidos en materia de g\u00e9neros y diversidades<\/strong><\/em><\/p>\n<p>L\u00ednea Nacional 144 y centros de asistencia para v\u00edctimas de violencia de g\u00e9nero.<\/p>\n<p>Ley Brisa: apoyo econ\u00f3mico para hijos de v\u00edctimas de femicidio.<\/p>\n<p>Ley Micaela: capacitaci\u00f3n obligatoria en g\u00e9nero y violencia para funcionarios p\u00fablicos.<\/p>\n<p>Educaci\u00f3n Sexual Integral (ESI) en todas las escuelas.<\/p>\n<p>Plan ENIA: prevenci\u00f3n del embarazo adolescente.<\/p>\n<p>Programas \u201cAcompa\u00f1ar\u201d y \u201cAcercar Derechos\u201d para v\u00edctimas de violencia de g\u00e9nero.<\/p>\n<p>Programas \u201cEmprender Mujeres\u201d y \u201cProducir con Equidad\u201d para fomentar la autonom\u00eda econ\u00f3mica.<\/p>\n<p>Programas \u201cIgualar\u201d y \u201cSembrar Igualdad\u201d para reducir brechas de g\u00e9nero en el trabajo y la producci\u00f3n.<\/p>\n<p>Equidad en el Deporte: inclusi\u00f3n de la perspectiva de g\u00e9nero en instituciones deportivas.<\/p>\n<p>Equidad en la Ciencia: promover la igualdad de g\u00e9nero en investigaci\u00f3n y ciencia.<\/p>\n<p>De esta manera no s\u00f3lo se despide trabajadores estatales que garantizan derechos, sino que se perjudica a poblaci\u00f3n vulnerable y en riesgo, incumpliendo normativa nacional y tratados internacionales.<\/p>\n","protected":false},"excerpt":{"rendered":"<p>Desde ATE C\u00f3rdoba repudiamos el feminicidio de Catalina Guti\u00e9rrez, ocurrido en C\u00f3rdoba esta semana, otro caso m\u00e1s de violencia contra las mujeres de los que diariamente se suceden en nuestro pa\u00eds. El colectivo NiunaMenos denunci\u00f3 que a Catalina la mat\u00f3 su compa\u00f1ero de la facultad a quien conoc\u00eda y con quien compart\u00eda estudio y amistad. [&hellip;]<\/p>\n","protected":false},"author":7,"featured_media":44704,"comment_status":"open","ping_status":"open","sticky":false,"template":"","format":"standard","meta":{"_exactmetrics_skip_tracking":false,"_exactmetrics_sitenote_active":false,"_exactmetrics_sitenote_note":"","_exactmetrics_sitenote_category":0,"jnews-multi-image_gallery":[],"jnews_single_post":{"source_name":"","source_url":"","via_name":"","via_url":"","override_template":"0","override":[{"template":"1","single_blog_custom":"","parallax":"1","fullscreen":"1","layout":"no-sidebar-narrow","sidebar":"default-sidebar","second_sidebar":"default-sidebar","sticky_sidebar":"1","share_position":"bottom","share_float_style":"share-monocrhome","show_share_counter":"1","show_view_counter":"1","show_featured":"0","show_post_meta":"1","show_post_author":"0","show_post_author_image":"1","show_post_date":"1","post_date_format":"default","post_date_format_custom":"Y\/m\/d","show_post_category":"1","show_post_reading_time":"0","post_reading_time_wpm":"300","show_zoom_button":"0","zoom_button_out_step":"2","zoom_button_in_step":"3","show_post_tag":"1","show_prev_next_post":"0","show_popup_post":"0","number_popup_post":"1","show_author_box":"0","show_post_related":"1","show_inline_post_related":"0"}],"override_image_size":"0","image_override":[{"single_post_thumbnail_size":"crop-500","single_post_gallery_size":"crop-500"}],"trending_post":"0","trending_post_position":"meta","trending_post_label":"Trending","sponsored_post":"0","sponsored_post_label":"Sponsored by","sponsored_post_name":"","sponsored_post_url":"","sponsored_post_logo_enable":"0","sponsored_post_logo":"","sponsored_post_desc":"","disable_ad":"0"},"jnews_primary_category":{"id":"","hide":""},"jnews_social_meta":{"fb_title":"","fb_description":"","fb_image":"","twitter_title":"","twitter_description":"","twitter_image":""},"jnews_review":[],"enable_review":"0","type":"percentage","name":"","summary":"","brand":"","sku":"","good":[{"good_text":""}],"bad":[{"bad_text":""}],"score_override":"0","override_value":"","rating":[{"rating_text":"","rating_number":"10"}],"price":[{"shop":"","price":"","link":"","icon":""}],"jnews_override_counter":{"override_view_counter":"0","view_counter_number":"0","override_share_counter":"0","share_counter_number":"0","override_like_counter":"0","like_counter_number":"0","override_dislike_counter":"0","dislike_counter_number":"0"},"jnews_post_split":{"enable_post_split":"0","post_split":[{"template":"1","tag":"h2","numbering":"asc","mode":"normal","first":"0","enable_toc":"0","toc_type":"normal"}]},"footnotes":""},"categories":[325],"tags":[],"class_list":["post-44697","post","type-post","status-publish","format-standard","has-post-thumbnail","hentry","category-generos-y-diversidades"],"jetpack_featured_media_url":"https:\/\/atecordoba.org\/wp-content\/uploads\/2024\/07\/WhatsApp-Image-2024-07-19-at-4.06.31-PM-scaled.jpeg","_links":{"self":[{"href":"https:\/\/atecordoba.org\/index.php?rest_route=\/wp\/v2\/posts\/44697","targetHints":{"allow":["GET"]}}],"collection":[{"href":"https:\/\/atecordoba.org\/index.php?rest_route=\/wp\/v2\/posts"}],"about":[{"href":"https:\/\/atecordoba.org\/index.php?rest_route=\/wp\/v2\/types\/post"}],"author":[{"embeddable":true,"href":"https:\/\/atecordoba.org\/index.php?rest_route=\/wp\/v2\/users\/7"}],"replies":[{"embeddable":true,"href":"https:\/\/atecordoba.org\/index.php?rest_route=%2Fwp%2Fv2%2Fcomments&post=44697"}],"version-history":[{"count":6,"href":"https:\/\/atecordoba.org\/index.php?rest_route=\/wp\/v2\/posts\/44697\/revisions"}],"predecessor-version":[{"id":44747,"href":"https:\/\/atecordoba.org\/index.php?rest_route=\/wp\/v2\/posts\/44697\/revisions\/44747"}],"wp:featuredmedia":[{"embeddable":true,"href":"https:\/\/atecordoba.org\/index.php?rest_route=\/wp\/v2\/media\/44704"}],"wp:attachment":[{"href":"https:\/\/atecordoba.org\/index.php?rest_route=%2Fwp%2Fv2%2Fmedia&parent=44697"}],"wp:term":[{"taxonomy":"category","embeddable":true,"href":"https:\/\/atecordoba.org\/index.php?rest_route=%2Fwp%2Fv2%2Fcategories&post=44697"},{"taxonomy":"post_tag","embeddable":true,"href":"https:\/\/atecordoba.org\/index.php?rest_route=%2Fwp%2Fv2%2Ftags&post=44697"}],"curies":[{"name":"wp","href":"https:\/\/api.w.org\/{rel}","templated":true}]}}