{"id":4469,"date":"2014-09-10T20:00:54","date_gmt":"2014-09-10T23:00:54","guid":{"rendered":"http:\/\/www.atecordoba.org\/?p=4469"},"modified":"2014-09-10T20:00:54","modified_gmt":"2014-09-10T23:00:54","slug":"conferencia-de-prensa-en-polo-sanitario-denuncia-del-estado-general-de-los-hospitales-provinciales","status":"publish","type":"post","link":"https:\/\/atecordoba.org\/?p=4469","title":{"rendered":"Conferencia de prensa en Polo Sanitario: denuncia del estado general de los hospitales provinciales"},"content":{"rendered":"<div style=\"color: #000000;\">\n<p><em>Conforme lo resuelto por el cuerpo de delegados\u00a0provinciales\u00a0de ATE y la Comisi\u00f3n Directiva, ma\u00f1ana jueves 11 de septiembre se realizar\u00e1 una conferencia de prensa para los medios de comunicaci\u00f3n de C\u00f3rdoba, a los efectos de denunciar el estado general de deterioro en que se encuentran los hospitales provinciales. <\/em><\/p>\n<p><a href=\"http:\/\/www.atecordoba.org\/wp-content\/uploads\/2014\/08\/IMG_6752.jpg\"><img loading=\"lazy\" decoding=\"async\" class=\"aligncenter  wp-image-4437\" src=\"http:\/\/www.atecordoba.org\/wp-content\/uploads\/2014\/08\/IMG_6752.jpg\" alt=\"IMG_6752\" width=\"580\" height=\"435\" \/><\/a><\/p>\n<p>En la oportunidad los delegados de cada uno de los sectores har\u00e1n p\u00fablico las falencias en el funcionamiento de los distintos establecimientos y los efectos que esto conlleva en la atenci\u00f3n a los ciudadanos.<\/p>\n<p>Asimismo, los trabajadores realizar\u00e1n una concentraci\u00f3n y una asamblea general para resolver los pasos a seguir en el marco del plan de lucha que actualmente se encuentra en estado de alerta y movilizaci\u00f3n. Vale se\u00f1alar en durante esta semana se llevaron a cabo asambleas en los distintos sectores para que los delegados vayan con mandato de los compa\u00f1eros a dicha asamblea general.<\/p>\n<p>La conferencia de prensa est\u00e1 convocada para las 10 horas, en el Polo Sanitario.<\/p>\n<p>Cabe recordar que ATE no firm\u00f3 acuerdo alguno con el gobierno provincial, ya que la pauta salarial para el corriente a\u00f1o se encuentra por debajo del indice inflacionario, tal como\u00a0avizor\u00e1bamos\u00a0ya en marzo pasado. En consecuencia reclamamos: reapertura de paritarias, fin de la precarizaci\u00f3n laboral y de las calificaciones y evaluaciones por fuera de la ley que regula a los sectores. En esa l\u00ednea, sostenemos la defensa de la salud p\u00fablica, gratuita y de calidad.<\/p>\n<\/div>\n<div style=\"color: #000000;\"><span style=\"font-size: large;\">\u00a0<\/span><\/div>\n<div style=\"color: #000000; text-align: right;\">Daniel Pawluchuzk<\/div>\n<div style=\"color: #000000; text-align: right;\">Secretario de Prensa<\/div>\n","protected":false},"excerpt":{"rendered":"<p>Conforme lo resuelto por el cuerpo de delegados\u00a0provinciales\u00a0de ATE y la Comisi\u00f3n Directiva, ma\u00f1ana jueves 11 de septiembre se realizar\u00e1 una conferencia de prensa para los medios de comunicaci\u00f3n de C\u00f3rdoba, a los efectos de denunciar el estado general de deterioro en que se encuentran los hospitales provinciales. En la oportunidad los delegados de cada [&hellip;]<\/p>\n","protected":false},"author":1,"featured_media":19220,"comment_status":"open","ping_status":"open","sticky":false,"template":"","format":"standard","meta":{"_exactmetrics_skip_tracking":false,"_exactmetrics_sitenote_active":false,"_exactmetrics_sitenote_note":"","_exactmetrics_sitenote_category":0,"jnews-multi-image_gallery":[],"jnews_single_post":[],"jnews_primary_category":[],"jnews_social_meta":[],"jnews_review":[],"enable_review":"","type":"","name":"","summary":"","brand":"","sku":"","good":[],"bad":[],"score_override":"","override_value":"","rating":[],"price":[],"jnews_override_counter":[],"jnews_post_split":[],"footnotes":""},"categories":[7,8],"tags":[],"class_list":["post-4469","post","type-post","status-publish","format-standard","has-post-thumbnail","hentry","category-hospitales","category-provinciales"],"jetpack_featured_media_url":"https:\/\/atecordoba.org\/wp-content\/uploads\/2020\/05\/logo-nuevochico-e1561581322808.png","_links":{"self":[{"href":"https:\/\/atecordoba.org\/index.php?rest_route=\/wp\/v2\/posts\/4469","targetHints":{"allow":["GET"]}}],"collection":[{"href":"https:\/\/atecordoba.org\/index.php?rest_route=\/wp\/v2\/posts"}],"about":[{"href":"https:\/\/atecordoba.org\/index.php?rest_route=\/wp\/v2\/types\/post"}],"author":[{"embeddable":true,"href":"https:\/\/atecordoba.org\/index.php?rest_route=\/wp\/v2\/users\/1"}],"replies":[{"embeddable":true,"href":"https:\/\/atecordoba.org\/index.php?rest_route=%2Fwp%2Fv2%2Fcomments&post=4469"}],"version-history":[{"count":0,"href":"https:\/\/atecordoba.org\/index.php?rest_route=\/wp\/v2\/posts\/4469\/revisions"}],"wp:featuredmedia":[{"embeddable":true,"href":"https:\/\/atecordoba.org\/index.php?rest_route=\/wp\/v2\/media\/19220"}],"wp:attachment":[{"href":"https:\/\/atecordoba.org\/index.php?rest_route=%2Fwp%2Fv2%2Fmedia&parent=4469"}],"wp:term":[{"taxonomy":"category","embeddable":true,"href":"https:\/\/atecordoba.org\/index.php?rest_route=%2Fwp%2Fv2%2Fcategories&post=4469"},{"taxonomy":"post_tag","embeddable":true,"href":"https:\/\/atecordoba.org\/index.php?rest_route=%2Fwp%2Fv2%2Ftags&post=4469"}],"curies":[{"name":"wp","href":"https:\/\/api.w.org\/{rel}","templated":true}]}}