{"id":44678,"date":"2024-07-19T13:34:04","date_gmt":"2024-07-19T16:34:04","guid":{"rendered":"https:\/\/atecordoba.org\/?p=44678"},"modified":"2024-08-15T12:39:39","modified_gmt":"2024-08-15T15:39:39","slug":"soberania-nacional-y-movimiento-obrero-organizado-hay-que-abrir-la-cancha","status":"publish","type":"post","link":"https:\/\/atecordoba.org\/?p=44678","title":{"rendered":"Soberan\u00eda Nacional y Movimiento Obrero Organizado: &#8220;construir una perspectiva nacional con la fuerza del pueblo organizado para no depender del imperio&#8221;"},"content":{"rendered":"<p>&nbsp;<\/p>\n<p><img loading=\"lazy\" decoding=\"async\" class=\"aligncenter wp-image-44681 size-jnews-750x375\" src=\"https:\/\/atecordoba.org\/wp-content\/uploads\/2024\/07\/IMG-20240719-WA0066-1-750x375.jpg\" alt=\"\" width=\"750\" height=\"375\" srcset=\"https:\/\/atecordoba.org\/wp-content\/uploads\/2024\/07\/IMG-20240719-WA0066-1-750x375.jpg 750w, https:\/\/atecordoba.org\/wp-content\/uploads\/2024\/07\/IMG-20240719-WA0066-1-360x180.jpg 360w, https:\/\/atecordoba.org\/wp-content\/uploads\/2024\/07\/IMG-20240719-WA0066-1-1140x570.jpg 1140w\" sizes=\"auto, (max-width: 750px) 100vw, 750px\" \/><\/p>\n<p>Ayer se realiz\u00f3 una charla-debate en la se de la CTAA Capital, en la ciudad de Buenos Aires, que abord\u00f3 con distintas perspectivas la vinculaci\u00f3n de la Soberan\u00eda Nacional y el Movimiento Obrero Organizado.<\/p>\n<p>Con la coordinaci\u00f3n del secretario General de la central en Capital Federal, y trabajador estatal, Pablo Spataro, fueron convocados los compa\u00f1eros Federico Giuliani, secretario General de ATE C\u00f3rdoba y la CTA Provincia de C\u00f3rdoba, el periodista Luis Molinari, y el historiador Guillermo Caviasca.<\/p>\n<p><img loading=\"lazy\" decoding=\"async\" class=\"wp-image-44682 size-jnews-750x375 aligncenter\" src=\"https:\/\/atecordoba.org\/wp-content\/uploads\/2024\/07\/IMG-20240719-WA0067-750x375.jpg\" alt=\"\" width=\"750\" height=\"375\" srcset=\"https:\/\/atecordoba.org\/wp-content\/uploads\/2024\/07\/IMG-20240719-WA0067-750x375.jpg 750w, https:\/\/atecordoba.org\/wp-content\/uploads\/2024\/07\/IMG-20240719-WA0067-360x180.jpg 360w, https:\/\/atecordoba.org\/wp-content\/uploads\/2024\/07\/IMG-20240719-WA0067-1140x570.jpg 1140w\" sizes=\"auto, (max-width: 750px) 100vw, 750px\" \/><\/p>\n<p>Giuliani hizo uso de la palabra para abordar como se est\u00e1 dando la pelea por la soberan\u00eda en al coyuntura del Gobierno de Javier Milei. Y agradeci\u00f3 la convocatoria para un dirigente del interior del pa\u00eds porque &#8220;facilita una mirada m\u00e1s integradora, territorial y federal&#8221; al abordaje del tema. Y sostuvo que &#8220;hay que abrir la cancha&#8221; a todos los sectores porque &#8220;nadie la tiene clara, hay que juntarse para ver que rumbo tomar&#8221;.<\/p>\n<p><strong>Finales de una etapa<\/strong><\/p>\n<p><img loading=\"lazy\" decoding=\"async\" class=\"wp-image-44683 alignleft\" src=\"https:\/\/atecordoba.org\/wp-content\/uploads\/2024\/07\/IMG-20240719-WA0062-771x1024.jpg\" alt=\"\" width=\"333\" height=\"442\" srcset=\"https:\/\/atecordoba.org\/wp-content\/uploads\/2024\/07\/IMG-20240719-WA0062-771x1024.jpg 771w, https:\/\/atecordoba.org\/wp-content\/uploads\/2024\/07\/IMG-20240719-WA0062-226x300.jpg 226w, https:\/\/atecordoba.org\/wp-content\/uploads\/2024\/07\/IMG-20240719-WA0062-768x1021.jpg 768w, https:\/\/atecordoba.org\/wp-content\/uploads\/2024\/07\/IMG-20240719-WA0062-1156x1536.jpg 1156w, https:\/\/atecordoba.org\/wp-content\/uploads\/2024\/07\/IMG-20240719-WA0062-750x997.jpg 750w, https:\/\/atecordoba.org\/wp-content\/uploads\/2024\/07\/IMG-20240719-WA0062-1140x1515.jpg 1140w, https:\/\/atecordoba.org\/wp-content\/uploads\/2024\/07\/IMG-20240719-WA0062.jpg 1204w\" sizes=\"auto, (max-width: 333px) 100vw, 333px\" \/>El dirigente remarc\u00f3 que &#8220;estamos en los finales de la etapa del mundo unipolar para pasar a otra que es multipolar, que se le planta al Imperio. Vivimos con la contradicci\u00f3n porque frente a ese escenario tenemos un presidente como Milei que quiere que Argentina sea el patio trasero de los EE.UU. e Israel&#8221;.<\/p>\n<p>En tal sentido, Giuliani dijo que hay que volver a discutir el concepto de Estado-naci\u00f3n. &#8220;La Naci\u00f3n tiene una perspectiva mucho mas grande que los l\u00edmites de nuestro propios pa\u00eds, es la Patria Grande Latinoamericana y del Caribe.\u00a0Con el paso de las fechas patrias del 25 de mayo y 9 de julio, pudo verse como sigue latente las contradicciones en la discusi\u00f3n &#8216;liberaci\u00f3n o dependencia&#8217;, &#8216;patria o colonia&#8217; e &#8216;imperio o naci\u00f3n&#8217;. Tenemos que dar esa batalla cultural&#8221;.<\/p>\n<p>En esa l\u00ednea, Giuliani afirm\u00f3 que &#8220;el concepto de soberan\u00eda es integral: alimentaria, energ\u00e9tica, comunicacional. Pero la m\u00e1s importante es la soberan\u00eda popular construida en una perspectiva nacional: la fuerza del pueblo organizado para no depender del imperio. Para nosotros esa lucha debe construir una correlaci\u00f3n de fuerzas que le dispute a nuestro enemigo la posibilidad de tener un pa\u00eds distinto, m\u00e1s all\u00e1 de los profetas del di\u00e1logo y el consenso. Sin enfrentamiento, revoluciones e insurrecci\u00f3n esto no se va a lograr. Esto debe darle un rol central a la clase trabajadora, en tanto es las \u00fanica que genera riqueza&#8221;.<\/p>\n<p><img loading=\"lazy\" decoding=\"async\" class=\"aligncenter wp-image-44684 size-jnews-750x375\" src=\"https:\/\/atecordoba.org\/wp-content\/uploads\/2024\/07\/IMG-20240719-WA0069-1-750x375.jpg\" alt=\"\" width=\"750\" height=\"375\" srcset=\"https:\/\/atecordoba.org\/wp-content\/uploads\/2024\/07\/IMG-20240719-WA0069-1-750x375.jpg 750w, https:\/\/atecordoba.org\/wp-content\/uploads\/2024\/07\/IMG-20240719-WA0069-1-360x180.jpg 360w\" sizes=\"auto, (max-width: 750px) 100vw, 750px\" \/><\/p>\n<p>Y se\u00f1al\u00f3 que &#8220;la clase es una sola: son las y los jubilados, las y los trabajadores privados, las y los estatales, las y los desocupados y precarizados del mercado en negro.\u00a0Para discutir la soberan\u00eda nacional hay que abrir la cancha porque con los estatales no nos alcanza. Hay que salir a dar la disputa y la batallas cultural en el sentido com\u00fan que todos somos parte de la clase trabajadora&#8221;.<\/p>\n<p><strong><img loading=\"lazy\" decoding=\"async\" class=\"alignright wp-image-44685 \" src=\"https:\/\/atecordoba.org\/wp-content\/uploads\/2024\/07\/IMG-20240719-WA0072-576x1024.jpg\" alt=\"\" width=\"275\" height=\"489\" srcset=\"https:\/\/atecordoba.org\/wp-content\/uploads\/2024\/07\/IMG-20240719-WA0072-576x1024.jpg 576w, https:\/\/atecordoba.org\/wp-content\/uploads\/2024\/07\/IMG-20240719-WA0072-169x300.jpg 169w, https:\/\/atecordoba.org\/wp-content\/uploads\/2024\/07\/IMG-20240719-WA0072-768x1365.jpg 768w, https:\/\/atecordoba.org\/wp-content\/uploads\/2024\/07\/IMG-20240719-WA0072-864x1536.jpg 864w, https:\/\/atecordoba.org\/wp-content\/uploads\/2024\/07\/IMG-20240719-WA0072-750x1333.jpg 750w, https:\/\/atecordoba.org\/wp-content\/uploads\/2024\/07\/IMG-20240719-WA0072.jpg 900w\" sizes=\"auto, (max-width: 275px) 100vw, 275px\" \/>Contexto<\/strong><\/p>\n<p>En otro ramo de su exposici\u00f3n, le secretario General dijo que &#8220;el contexto que tenemos es de una gran descomposici\u00f3n social y desintegraci\u00f3n nacional, no producto de los ocho meses de Javier Milei sino de los 40 a\u00f1os de una democracia de baja intensidad, colonial, con un modelo extractivista que nos llev\u00f3 como consecuencia a Javier Milei: un pueblo hastiado y descre\u00eddo de la pol\u00edtica que no le soluciona los problemas centrales a nuestro pueblo&#8221;.<\/p>\n<p>&#8220;\u00bfCu\u00e1les son?&#8221;, se pregunt\u00f3. &#8220;La vivienda, la salud, la educaci\u00f3n y el trabajo. Debemos entrarle a esa disputa cultural porque hoy vemos en los medios a los mismo tipos que nos dejaron a merced del fascismo que nos dicen c\u00f3mo debemos organizarnos para dar vuelta la tortilla. No podemos estar pensando en las listas de 2025 sino de como resolvemos el hambre hoy, c\u00f3mo le vamos a devolver el trabajo a los miles de estatales que quedaron desocupados con Milei. Hay una tibieza que da verg\u00fcenza en gran parte de los dirigentes sindicales y pol\u00edticos. Hasta Mirta Legrand los corre por izquierda todos los fines de semana&#8221;, lament\u00f3.<\/p>\n<p>Y declar\u00f3 que &#8220;ATE qued\u00f3 en la m\u00e1s extrema soledad en esta pelea porque la burocracia sindical ya arregl\u00f3. Se sentaron con el Gobierno a acordar la reforma laboral a cambio de las cajas de las obras sociales. No hay que delegar la pol\u00edtica en esos tipos. Las organizaciones libre del pueblo (OLP) son los espacios donde deberemos recuperar el debate del pa\u00eds que queremos. Tenemos la responsabilidad de estar ah\u00ed debati\u00e9ndolo&#8221;.<\/p>\n<p><em><strong>La exposici\u00f3n completa de Giuliani<\/strong><\/em><\/p>\n","protected":false},"excerpt":{"rendered":"<p>&nbsp; Ayer se realiz\u00f3 una charla-debate en la se de la CTAA Capital, en la ciudad de Buenos Aires, que abord\u00f3 con distintas perspectivas la vinculaci\u00f3n de la Soberan\u00eda Nacional y el Movimiento Obrero Organizado. Con la coordinaci\u00f3n del secretario General de la central en Capital Federal, y trabajador estatal, Pablo Spataro, fueron convocados los [&hellip;]<\/p>\n","protected":false},"author":7,"featured_media":44679,"comment_status":"open","ping_status":"open","sticky":false,"template":"","format":"standard","meta":{"_exactmetrics_skip_tracking":false,"_exactmetrics_sitenote_active":false,"_exactmetrics_sitenote_note":"","_exactmetrics_sitenote_category":0,"jnews-multi-image_gallery":[],"jnews_single_post":{"source_name":"","source_url":"","via_name":"","via_url":"","override_template":"0","override":[{"template":"1","single_blog_custom":"","parallax":"1","fullscreen":"1","layout":"no-sidebar-narrow","sidebar":"default-sidebar","second_sidebar":"default-sidebar","sticky_sidebar":"1","share_position":"bottom","share_float_style":"share-monocrhome","show_share_counter":"1","show_view_counter":"1","show_featured":"0","show_post_meta":"1","show_post_author":"0","show_post_author_image":"1","show_post_date":"1","post_date_format":"default","post_date_format_custom":"Y\/m\/d","show_post_category":"1","show_post_reading_time":"0","post_reading_time_wpm":"300","show_zoom_button":"0","zoom_button_out_step":"2","zoom_button_in_step":"3","show_post_tag":"1","show_prev_next_post":"0","show_popup_post":"0","number_popup_post":"1","show_author_box":"0","show_post_related":"1","show_inline_post_related":"0","post_calculate_word_method":"str_word_count"}],"override_image_size":"0","image_override":[{"single_post_thumbnail_size":"crop-500","single_post_gallery_size":"crop-500"}],"trending_post":"0","trending_post_position":"meta","trending_post_label":"Trending","sponsored_post":"0","sponsored_post_label":"Sponsored by","sponsored_post_name":"","sponsored_post_url":"","sponsored_post_logo_enable":"0","sponsored_post_logo":"","sponsored_post_desc":"","disable_ad":"0","format":"standard","subtitle":"El secretario General de ATE y la CTAA C\u00f3rdoba, Federico Giuliani, particip\u00f3 ayer del panel organizado por la CTAA Capital y reconoci\u00f3 la importancia que se abra el debate a los dirigentes del interior del pa\u00eds."},"jnews_primary_category":{"id":"","hide":""},"jnews_social_meta":{"fb_title":"","fb_description":"","fb_image":"","twitter_title":"","twitter_description":"","twitter_image":""},"jnews_review":[],"enable_review":"0","type":"percentage","name":"","summary":"","brand":"","sku":"","good":[{"good_text":""}],"bad":[{"bad_text":""}],"score_override":"0","override_value":"","rating":[{"rating_text":"","rating_number":"10"}],"price":[{"shop":"","price":"","link":"","icon":""}],"jnews_override_counter":{"override_view_counter":"0","view_counter_number":"0","override_share_counter":"0","share_counter_number":"0","override_like_counter":"0","like_counter_number":"0","override_dislike_counter":"0","dislike_counter_number":"0"},"jnews_post_split":{"enable_post_split":"0","post_split":[{"template":"1","tag":"h2","numbering":"asc","mode":"normal","first":"0","enable_toc":"0","toc_type":"normal"}]},"footnotes":""},"categories":[92],"tags":[],"class_list":["post-44678","post","type-post","status-publish","format-standard","has-post-thumbnail","hentry","category-cta"],"jetpack_featured_media_url":"https:\/\/atecordoba.org\/wp-content\/uploads\/2024\/07\/IMG-20240719-WA0069-e1721406833191.jpg","_links":{"self":[{"href":"https:\/\/atecordoba.org\/index.php?rest_route=\/wp\/v2\/posts\/44678","targetHints":{"allow":["GET"]}}],"collection":[{"href":"https:\/\/atecordoba.org\/index.php?rest_route=\/wp\/v2\/posts"}],"about":[{"href":"https:\/\/atecordoba.org\/index.php?rest_route=\/wp\/v2\/types\/post"}],"author":[{"embeddable":true,"href":"https:\/\/atecordoba.org\/index.php?rest_route=\/wp\/v2\/users\/7"}],"replies":[{"embeddable":true,"href":"https:\/\/atecordoba.org\/index.php?rest_route=%2Fwp%2Fv2%2Fcomments&post=44678"}],"version-history":[{"count":7,"href":"https:\/\/atecordoba.org\/index.php?rest_route=\/wp\/v2\/posts\/44678\/revisions"}],"predecessor-version":[{"id":45122,"href":"https:\/\/atecordoba.org\/index.php?rest_route=\/wp\/v2\/posts\/44678\/revisions\/45122"}],"wp:featuredmedia":[{"embeddable":true,"href":"https:\/\/atecordoba.org\/index.php?rest_route=\/wp\/v2\/media\/44679"}],"wp:attachment":[{"href":"https:\/\/atecordoba.org\/index.php?rest_route=%2Fwp%2Fv2%2Fmedia&parent=44678"}],"wp:term":[{"taxonomy":"category","embeddable":true,"href":"https:\/\/atecordoba.org\/index.php?rest_route=%2Fwp%2Fv2%2Fcategories&post=44678"},{"taxonomy":"post_tag","embeddable":true,"href":"https:\/\/atecordoba.org\/index.php?rest_route=%2Fwp%2Fv2%2Ftags&post=44678"}],"curies":[{"name":"wp","href":"https:\/\/api.w.org\/{rel}","templated":true}]}}