{"id":44659,"date":"2024-07-18T15:00:57","date_gmt":"2024-07-18T18:00:57","guid":{"rendered":"https:\/\/atecordoba.org\/?p=44659"},"modified":"2024-07-18T15:01:23","modified_gmt":"2024-07-18T18:01:23","slug":"trabajadores-y-soberania-nacional","status":"publish","type":"post","link":"https:\/\/atecordoba.org\/?p=44659","title":{"rendered":"Trabajadores y Soberan\u00eda Nacional"},"content":{"rendered":"<p><img loading=\"lazy\" decoding=\"async\" class=\" wp-image-44660 aligncenter\" src=\"https:\/\/atecordoba.org\/wp-content\/uploads\/2024\/07\/charla-soberania-300x300.jpg\" alt=\"\" width=\"360\" height=\"360\" srcset=\"https:\/\/atecordoba.org\/wp-content\/uploads\/2024\/07\/charla-soberania-300x300.jpg 300w, https:\/\/atecordoba.org\/wp-content\/uploads\/2024\/07\/charla-soberania-150x150.jpg 150w, https:\/\/atecordoba.org\/wp-content\/uploads\/2024\/07\/charla-soberania-560x560.jpg 560w, https:\/\/atecordoba.org\/wp-content\/uploads\/2024\/07\/charla-soberania-75x75.jpg 75w, https:\/\/atecordoba.org\/wp-content\/uploads\/2024\/07\/charla-soberania-350x350.jpg 350w, https:\/\/atecordoba.org\/wp-content\/uploads\/2024\/07\/charla-soberania.jpg 680w\" sizes=\"auto, (max-width: 360px) 100vw, 360px\" \/>La charla-debate tendr\u00e1 lugar este jueves 18 de julio a las 18 horas en el Centro Cultural Pepa Noia, en la calle Brasil 444 de la Ciudad aut\u00f3noma de Buenos Aires.<\/p>\n<p>La actividad es organizada por la Secretar\u00eda de Acci\u00f3n Pol\u00edtica y Soberan\u00eda de ATE Cultura y la Secretar\u00eda General de la CTA Capital y oficiar\u00e1 de moderador Pablo Spataro, Secretario General.<\/p>\n<div dir=\"auto\">\u201cLes invitamos participar de este Conversatorio en el que abordaremos el rol de los trabajadores en la lucha por la Soberan\u00eda en la etapa actual. La intenci\u00f3n es reflexionar y compartir experiencias para pensar qu\u00e9 tipo de Estado queremos y qu\u00e9 desarrollo estrat\u00e9gico nos planteamos para tener un pa\u00eds soberano. Contaremos con la participaci\u00f3n especial de nuestro compa\u00f1ero Federico Giuliani, perseguido judicialmente por el Gobierno Provincial, con injustas causas abiertas por la movilizaci\u00f3n protagonizada por ATE y la CTA-A el pasado 25 de mayo en C\u00f3rdoba\u201d, reza la convocatoria.<\/div>\n<p>&nbsp;<\/p>\n","protected":false},"excerpt":{"rendered":"<p>La charla-debate tendr\u00e1 lugar este jueves 18 de julio a las 18 horas en el Centro Cultural Pepa Noia, en la calle Brasil 444 de la Ciudad aut\u00f3noma de Buenos Aires. La actividad es organizada por la Secretar\u00eda de Acci\u00f3n Pol\u00edtica y Soberan\u00eda de ATE Cultura y la Secretar\u00eda General de la CTA Capital y [&hellip;]<\/p>\n","protected":false},"author":7,"featured_media":44660,"comment_status":"open","ping_status":"open","sticky":false,"template":"","format":"standard","meta":{"_exactmetrics_skip_tracking":false,"_exactmetrics_sitenote_active":false,"_exactmetrics_sitenote_note":"","_exactmetrics_sitenote_category":0,"jnews-multi-image_gallery":[],"jnews_single_post":{"source_name":"","source_url":"","via_name":"","via_url":"","override_template":"0","override":[{"template":"1","single_blog_custom":"","parallax":"1","fullscreen":"1","layout":"no-sidebar-narrow","sidebar":"default-sidebar","second_sidebar":"default-sidebar","sticky_sidebar":"1","share_position":"bottom","share_float_style":"share-monocrhome","show_share_counter":"1","show_view_counter":"1","show_featured":"0","show_post_meta":"1","show_post_author":"0","show_post_author_image":"1","show_post_date":"1","post_date_format":"default","post_date_format_custom":"Y\/m\/d","show_post_category":"1","show_post_reading_time":"0","post_reading_time_wpm":"300","show_zoom_button":"0","zoom_button_out_step":"2","zoom_button_in_step":"3","show_post_tag":"1","show_prev_next_post":"0","show_popup_post":"0","number_popup_post":"1","show_author_box":"0","show_post_related":"1","show_inline_post_related":"0"}],"override_image_size":"0","image_override":[{"single_post_thumbnail_size":"crop-500","single_post_gallery_size":"crop-500"}],"trending_post":"0","trending_post_position":"meta","trending_post_label":"Trending","sponsored_post":"0","sponsored_post_label":"Sponsored by","sponsored_post_name":"","sponsored_post_url":"","sponsored_post_logo_enable":"0","sponsored_post_logo":"","sponsored_post_desc":"","disable_ad":"0"},"jnews_primary_category":{"id":"","hide":""},"jnews_social_meta":{"fb_title":"","fb_description":"","fb_image":"","twitter_title":"","twitter_description":"","twitter_image":""},"jnews_review":[],"enable_review":"0","type":"percentage","name":"","summary":"","brand":"","sku":"","good":[{"good_text":""}],"bad":[{"bad_text":""}],"score_override":"0","override_value":"","rating":[{"rating_text":"","rating_number":"10"}],"price":[{"shop":"","price":"","link":"","icon":""}],"jnews_override_counter":{"override_view_counter":"0","view_counter_number":"0","override_share_counter":"0","share_counter_number":"0","override_like_counter":"0","like_counter_number":"0","override_dislike_counter":"0","dislike_counter_number":"0"},"jnews_post_split":{"enable_post_split":"0","post_split":[{"template":"1","tag":"h2","numbering":"asc","mode":"normal","first":"0","enable_toc":"0","toc_type":"normal"}]},"footnotes":""},"categories":[10],"tags":[],"class_list":["post-44659","post","type-post","status-publish","format-standard","has-post-thumbnail","hentry","category-accion-politica"],"jetpack_featured_media_url":"https:\/\/atecordoba.org\/wp-content\/uploads\/2024\/07\/charla-soberania.jpg","_links":{"self":[{"href":"https:\/\/atecordoba.org\/index.php?rest_route=\/wp\/v2\/posts\/44659","targetHints":{"allow":["GET"]}}],"collection":[{"href":"https:\/\/atecordoba.org\/index.php?rest_route=\/wp\/v2\/posts"}],"about":[{"href":"https:\/\/atecordoba.org\/index.php?rest_route=\/wp\/v2\/types\/post"}],"author":[{"embeddable":true,"href":"https:\/\/atecordoba.org\/index.php?rest_route=\/wp\/v2\/users\/7"}],"replies":[{"embeddable":true,"href":"https:\/\/atecordoba.org\/index.php?rest_route=%2Fwp%2Fv2%2Fcomments&post=44659"}],"version-history":[{"count":1,"href":"https:\/\/atecordoba.org\/index.php?rest_route=\/wp\/v2\/posts\/44659\/revisions"}],"predecessor-version":[{"id":44661,"href":"https:\/\/atecordoba.org\/index.php?rest_route=\/wp\/v2\/posts\/44659\/revisions\/44661"}],"wp:featuredmedia":[{"embeddable":true,"href":"https:\/\/atecordoba.org\/index.php?rest_route=\/wp\/v2\/media\/44660"}],"wp:attachment":[{"href":"https:\/\/atecordoba.org\/index.php?rest_route=%2Fwp%2Fv2%2Fmedia&parent=44659"}],"wp:term":[{"taxonomy":"category","embeddable":true,"href":"https:\/\/atecordoba.org\/index.php?rest_route=%2Fwp%2Fv2%2Fcategories&post=44659"},{"taxonomy":"post_tag","embeddable":true,"href":"https:\/\/atecordoba.org\/index.php?rest_route=%2Fwp%2Fv2%2Ftags&post=44659"}],"curies":[{"name":"wp","href":"https:\/\/api.w.org\/{rel}","templated":true}]}}