{"id":4463,"date":"2014-09-10T15:25:45","date_gmt":"2014-09-10T18:25:45","guid":{"rendered":"http:\/\/www.atecordoba.org\/?p=4463"},"modified":"2014-09-10T15:25:45","modified_gmt":"2014-09-10T18:25:45","slug":"la-seccional-rio-tercero-festejo-el-dia-del-nino","status":"publish","type":"post","link":"https:\/\/atecordoba.org\/?p=4463","title":{"rendered":"La seccional R\u00edo Tercero festej\u00f3 el D\u00eda del Ni\u00f1o"},"content":{"rendered":"<p><em>Ni\u00f1os de todas las edades participaron del agasajo que se realiz\u00f3 en el local de ATE. Cinco peque\u00f1os se llevaron las bicicletas que se sortearon en la ocasi\u00f3n. &#8220;Fue un \u00e9xito&#8221;, festej\u00f3 el secretario General Cristian Colman. Las fotos. <\/em><\/p>\n<p>&nbsp;<\/p>\n<p><a href=\"http:\/\/www.atecordoba.org\/wp-content\/uploads\/2014\/09\/ni\u00f1o-2.jpg\"><img loading=\"lazy\" decoding=\"async\" class=\"aligncenter  wp-image-4467\" src=\"http:\/\/www.atecordoba.org\/wp-content\/uploads\/2014\/09\/ni\u00f1o-2.jpg\" alt=\"ni\u00f1o 2\" width=\"498\" height=\"280\" \/><\/a><\/p>\n<p>&nbsp;<\/p>\n<p><a href=\"http:\/\/www.atecordoba.org\/wp-content\/uploads\/2014\/09\/ni\u00f1o-1.jpg\"><img loading=\"lazy\" decoding=\"async\" class=\"aligncenter  wp-image-4466\" src=\"http:\/\/www.atecordoba.org\/wp-content\/uploads\/2014\/09\/ni\u00f1o-1.jpg\" alt=\"ni\u00f1o 1\" width=\"496\" height=\"279\" \/><\/a><\/p>\n<p>&nbsp;<\/p>\n<p><a href=\"http:\/\/www.atecordoba.org\/wp-content\/uploads\/2014\/09\/ni\u00f1o3.jpg\"><img loading=\"lazy\" decoding=\"async\" class=\"aligncenter  wp-image-4465\" src=\"http:\/\/www.atecordoba.org\/wp-content\/uploads\/2014\/09\/ni\u00f1o3.jpg\" alt=\"ni\u00f1o3\" width=\"497\" height=\"280\" \/><\/a><\/p>\n<p>&nbsp;<\/p>\n<p><a href=\"http:\/\/www.atecordoba.org\/wp-content\/uploads\/2014\/09\/ni\u00f1o-4.jpg\"><img loading=\"lazy\" decoding=\"async\" class=\"aligncenter  wp-image-4464\" src=\"http:\/\/www.atecordoba.org\/wp-content\/uploads\/2014\/09\/ni\u00f1o-4.jpg\" alt=\"ni\u00f1o 4\" width=\"497\" height=\"280\" \/><\/a><\/p>\n","protected":false},"excerpt":{"rendered":"<p>Ni\u00f1os de todas las edades participaron del agasajo que se realiz\u00f3 en el local de ATE. Cinco peque\u00f1os se llevaron las bicicletas que se sortearon en la ocasi\u00f3n. &#8220;Fue un \u00e9xito&#8221;, festej\u00f3 el secretario General Cristian Colman. Las fotos. &nbsp; &nbsp; &nbsp; &nbsp;<\/p>\n","protected":false},"author":1,"featured_media":19220,"comment_status":"open","ping_status":"open","sticky":false,"template":"","format":"standard","meta":{"_exactmetrics_skip_tracking":false,"_exactmetrics_sitenote_active":false,"_exactmetrics_sitenote_note":"","_exactmetrics_sitenote_category":0,"jnews-multi-image_gallery":[],"jnews_single_post":[],"jnews_primary_category":[],"jnews_social_meta":[],"jnews_review":[],"enable_review":"","type":"","name":"","summary":"","brand":"","sku":"","good":[],"bad":[],"score_override":"","override_value":"","rating":[],"price":[],"jnews_override_counter":[],"jnews_post_split":[],"footnotes":""},"categories":[13,34],"tags":[],"class_list":["post-4463","post","type-post","status-publish","format-standard","has-post-thumbnail","hentry","category-rio-tercero","category-seccionales"],"jetpack_featured_media_url":"https:\/\/atecordoba.org\/wp-content\/uploads\/2020\/05\/logo-nuevochico-e1561581322808.png","_links":{"self":[{"href":"https:\/\/atecordoba.org\/index.php?rest_route=\/wp\/v2\/posts\/4463","targetHints":{"allow":["GET"]}}],"collection":[{"href":"https:\/\/atecordoba.org\/index.php?rest_route=\/wp\/v2\/posts"}],"about":[{"href":"https:\/\/atecordoba.org\/index.php?rest_route=\/wp\/v2\/types\/post"}],"author":[{"embeddable":true,"href":"https:\/\/atecordoba.org\/index.php?rest_route=\/wp\/v2\/users\/1"}],"replies":[{"embeddable":true,"href":"https:\/\/atecordoba.org\/index.php?rest_route=%2Fwp%2Fv2%2Fcomments&post=4463"}],"version-history":[{"count":0,"href":"https:\/\/atecordoba.org\/index.php?rest_route=\/wp\/v2\/posts\/4463\/revisions"}],"wp:featuredmedia":[{"embeddable":true,"href":"https:\/\/atecordoba.org\/index.php?rest_route=\/wp\/v2\/media\/19220"}],"wp:attachment":[{"href":"https:\/\/atecordoba.org\/index.php?rest_route=%2Fwp%2Fv2%2Fmedia&parent=4463"}],"wp:term":[{"taxonomy":"category","embeddable":true,"href":"https:\/\/atecordoba.org\/index.php?rest_route=%2Fwp%2Fv2%2Fcategories&post=4463"},{"taxonomy":"post_tag","embeddable":true,"href":"https:\/\/atecordoba.org\/index.php?rest_route=%2Fwp%2Fv2%2Ftags&post=4463"}],"curies":[{"name":"wp","href":"https:\/\/api.w.org\/{rel}","templated":true}]}}