{"id":44578,"date":"2024-07-12T15:23:06","date_gmt":"2024-07-12T18:23:06","guid":{"rendered":"https:\/\/atecordoba.org\/?p=44578"},"modified":"2024-07-12T15:34:39","modified_gmt":"2024-07-12T18:34:39","slug":"plenario-de-delegados-provinciales-definiendo-acciones-conjuntas-para-la-defensa-de-nuestros-derechos","status":"publish","type":"post","link":"https:\/\/atecordoba.org\/?p=44578","title":{"rendered":"Plenario de Delegados Provinciales: Definiendo Acciones Conjuntas para la Defensa de Nuestros Derechos"},"content":{"rendered":"\n<p>En una jornada de compromiso y planificaci\u00f3n estrat\u00e9gica, el d\u00eda de hoy, 12 de julio, se llev\u00f3 a cabo un plenario de delegados provinciales en la sede del consejo directivo provincial de nuestro sindicato, ubicado en Entre R\u00edos 450. El encuentro cont\u00f3 con la participaci\u00f3n de aproximadamente 35 delegadas y delegados, quienes debatieron y acordaron importantes medidas para la defensa de los derechos de las y los trabajadores. La reuni\u00f3n fue coordinada por la secretaria adjunta Gabriela Alcoba, el secretario gremial Jorge Chalup, el secretario de organizaci\u00f3n Javier Bracamonte, el secretario del interior Diego Ch\u00e1vez.<\/p>\n\n\n<div class=\"wp-block-image\">\n<figure class=\"alignright size-large is-resized\"><img loading=\"lazy\" decoding=\"async\" width=\"1024\" height=\"578\" src=\"https:\/\/atecordoba.org\/wp-content\/uploads\/2024\/07\/WhatsApp-Image-2024-07-12-at-11.39.25-AM-1024x578.jpeg\" alt=\"\" class=\"wp-image-44582\" style=\"width:487px;height:auto\" srcset=\"https:\/\/atecordoba.org\/wp-content\/uploads\/2024\/07\/WhatsApp-Image-2024-07-12-at-11.39.25-AM-1024x578.jpeg 1024w, https:\/\/atecordoba.org\/wp-content\/uploads\/2024\/07\/WhatsApp-Image-2024-07-12-at-11.39.25-AM-300x169.jpeg 300w, https:\/\/atecordoba.org\/wp-content\/uploads\/2024\/07\/WhatsApp-Image-2024-07-12-at-11.39.25-AM-768x434.jpeg 768w, https:\/\/atecordoba.org\/wp-content\/uploads\/2024\/07\/WhatsApp-Image-2024-07-12-at-11.39.25-AM-1536x867.jpeg 1536w, https:\/\/atecordoba.org\/wp-content\/uploads\/2024\/07\/WhatsApp-Image-2024-07-12-at-11.39.25-AM-2048x1156.jpeg 2048w, https:\/\/atecordoba.org\/wp-content\/uploads\/2024\/07\/WhatsApp-Image-2024-07-12-at-11.39.25-AM-750x423.jpeg 750w, https:\/\/atecordoba.org\/wp-content\/uploads\/2024\/07\/WhatsApp-Image-2024-07-12-at-11.39.25-AM-1140x644.jpeg 1140w\" sizes=\"auto, (max-width: 1024px) 100vw, 1024px\" \/><\/figure>\n<\/div>\n\n\n<figure class=\"wp-block-image size-large is-resized\"><img loading=\"lazy\" decoding=\"async\" width=\"1024\" height=\"578\" src=\"https:\/\/atecordoba.org\/wp-content\/uploads\/2024\/07\/WhatsApp-Image-2024-07-12-at-11.39.24-AM-1024x578.jpeg\" alt=\"\" class=\"wp-image-44579\" style=\"width:498px;height:auto\" srcset=\"https:\/\/atecordoba.org\/wp-content\/uploads\/2024\/07\/WhatsApp-Image-2024-07-12-at-11.39.24-AM-1024x578.jpeg 1024w, https:\/\/atecordoba.org\/wp-content\/uploads\/2024\/07\/WhatsApp-Image-2024-07-12-at-11.39.24-AM-300x169.jpeg 300w, https:\/\/atecordoba.org\/wp-content\/uploads\/2024\/07\/WhatsApp-Image-2024-07-12-at-11.39.24-AM-768x434.jpeg 768w, https:\/\/atecordoba.org\/wp-content\/uploads\/2024\/07\/WhatsApp-Image-2024-07-12-at-11.39.24-AM-1536x867.jpeg 1536w, https:\/\/atecordoba.org\/wp-content\/uploads\/2024\/07\/WhatsApp-Image-2024-07-12-at-11.39.24-AM-2048x1156.jpeg 2048w, https:\/\/atecordoba.org\/wp-content\/uploads\/2024\/07\/WhatsApp-Image-2024-07-12-at-11.39.24-AM-750x423.jpeg 750w, https:\/\/atecordoba.org\/wp-content\/uploads\/2024\/07\/WhatsApp-Image-2024-07-12-at-11.39.24-AM-1140x644.jpeg 1140w\" sizes=\"auto, (max-width: 1024px) 100vw, 1024px\" \/><\/figure>\n\n\n\n<h3 class=\"wp-block-heading\">Principales Resoluciones del Plenario<\/h3>\n\n\n<div class=\"wp-block-image\">\n<figure class=\"alignright size-large is-resized\"><img loading=\"lazy\" decoding=\"async\" width=\"1024\" height=\"578\" src=\"https:\/\/atecordoba.org\/wp-content\/uploads\/2024\/07\/WhatsApp-Image-2024-07-12-at-1.46.42-PM-1024x578.jpeg\" alt=\"\" class=\"wp-image-44581\" style=\"width:230px;height:auto\" srcset=\"https:\/\/atecordoba.org\/wp-content\/uploads\/2024\/07\/WhatsApp-Image-2024-07-12-at-1.46.42-PM-1024x578.jpeg 1024w, https:\/\/atecordoba.org\/wp-content\/uploads\/2024\/07\/WhatsApp-Image-2024-07-12-at-1.46.42-PM-300x169.jpeg 300w, https:\/\/atecordoba.org\/wp-content\/uploads\/2024\/07\/WhatsApp-Image-2024-07-12-at-1.46.42-PM-768x433.jpeg 768w, https:\/\/atecordoba.org\/wp-content\/uploads\/2024\/07\/WhatsApp-Image-2024-07-12-at-1.46.42-PM-1536x867.jpeg 1536w, https:\/\/atecordoba.org\/wp-content\/uploads\/2024\/07\/WhatsApp-Image-2024-07-12-at-1.46.42-PM-750x423.jpeg 750w, https:\/\/atecordoba.org\/wp-content\/uploads\/2024\/07\/WhatsApp-Image-2024-07-12-at-1.46.42-PM-1140x643.jpeg 1140w, https:\/\/atecordoba.org\/wp-content\/uploads\/2024\/07\/WhatsApp-Image-2024-07-12-at-1.46.42-PM.jpeg 1600w\" sizes=\"auto, (max-width: 1024px) 100vw, 1024px\" \/><\/figure>\n<\/div>\n\n\n<h4 class=\"wp-block-heading\">Acompa\u00f1amiento a la Jornada de Lucha del 23 de Julio<\/h4>\n\n\n\n<p>Una de las resoluciones m\u00e1s destacadas del plenario fue el compromiso de nuestro sindicato de acompa\u00f1ar la jornada de lucha con movilizaci\u00f3n convocada por el sindicato de UEPC Capital, prevista para el 23 de julio. Esta movilizaci\u00f3n busca visibilizar nuestras demandas y fortalecer la lucha en un contexto de crecientes desaf\u00edos para la clase trabajadora.<\/p>\n\n\n<div class=\"wp-block-image\">\n<figure class=\"alignleft size-large is-resized\"><img loading=\"lazy\" decoding=\"async\" width=\"1024\" height=\"701\" src=\"https:\/\/atecordoba.org\/wp-content\/uploads\/2024\/07\/WhatsApp-Image-2024-07-12-at-1.46.42-PM-3-1024x701.jpeg\" alt=\"\" class=\"wp-image-44584\" style=\"width:408px;height:auto\" srcset=\"https:\/\/atecordoba.org\/wp-content\/uploads\/2024\/07\/WhatsApp-Image-2024-07-12-at-1.46.42-PM-3-1024x701.jpeg 1024w, https:\/\/atecordoba.org\/wp-content\/uploads\/2024\/07\/WhatsApp-Image-2024-07-12-at-1.46.42-PM-3-300x205.jpeg 300w, https:\/\/atecordoba.org\/wp-content\/uploads\/2024\/07\/WhatsApp-Image-2024-07-12-at-1.46.42-PM-3-768x526.jpeg 768w, https:\/\/atecordoba.org\/wp-content\/uploads\/2024\/07\/WhatsApp-Image-2024-07-12-at-1.46.42-PM-3-750x513.jpeg 750w, https:\/\/atecordoba.org\/wp-content\/uploads\/2024\/07\/WhatsApp-Image-2024-07-12-at-1.46.42-PM-3-1140x780.jpeg 1140w, https:\/\/atecordoba.org\/wp-content\/uploads\/2024\/07\/WhatsApp-Image-2024-07-12-at-1.46.42-PM-3.jpeg 1319w\" sizes=\"auto, (max-width: 1024px) 100vw, 1024px\" \/><\/figure>\n<\/div>\n\n\n<h4 class=\"wp-block-heading\">Asamblea por Sector<\/h4>\n\n\n\n<p>Se decidi\u00f3 llevar a cabo asambleas por sector en toda la provincia. Estas asambleas tienen como objetivo discutir las problem\u00e1ticas espec\u00edficas de cada sector, fomentar la participaci\u00f3n activa de las y los afiliados y delinear estrategias de lucha conjunta. La participaci\u00f3n y el compromiso de todas las y los trabajadores son fundamentales para alcanzar nuestros objetivos.<\/p>\n\n\n\n<h4 class=\"wp-block-heading\">Campa\u00f1a de Afiliaci\u00f3n Provincial<\/h4>\n\n\n\n<p>El plenario tambi\u00e9n acord\u00f3 lanzar una campa\u00f1a de afiliaci\u00f3n a nivel provincial. Esta iniciativa busca fortalecer nuestra organizaci\u00f3n, ampliar nuestra base de afiliados y afiliadas y asegurar una representaci\u00f3n m\u00e1s s\u00f3lida y efectiva en todos los rincones de la provincia. La unidad y la afiliaci\u00f3n son pilares esenciales para la defensa de nuestros derechos laborales.<\/p>\n\n\n\n<h4 class=\"wp-block-heading\">Junta de Firmas por la APROSS<\/h4>\n\n\n\n<p>Durante el encuentro, se propuso realizar una junta de firmas con el objetivo de poner en valor la APROSS como una verdadera obra social y no meramente como una aseguradora. Esta acci\u00f3n busca garantizar que la APROSS cumpla con su rol de brindar una cobertura integral y de calidad a todos los afiliados y afiliadas, priorizando la salud y el bienestar de las y los trabajadores y sus familias.<\/p>\n\n\n<div class=\"wp-block-image\">\n<figure class=\"alignleft size-large is-resized\"><img loading=\"lazy\" decoding=\"async\" width=\"803\" height=\"1024\" src=\"https:\/\/atecordoba.org\/wp-content\/uploads\/2024\/07\/WhatsApp-Image-2024-07-12-at-1.46.42-PM-1-803x1024.jpeg\" alt=\"\" class=\"wp-image-44586\" style=\"width:107px;height:auto\" srcset=\"https:\/\/atecordoba.org\/wp-content\/uploads\/2024\/07\/WhatsApp-Image-2024-07-12-at-1.46.42-PM-1-803x1024.jpeg 803w, https:\/\/atecordoba.org\/wp-content\/uploads\/2024\/07\/WhatsApp-Image-2024-07-12-at-1.46.42-PM-1-235x300.jpeg 235w, https:\/\/atecordoba.org\/wp-content\/uploads\/2024\/07\/WhatsApp-Image-2024-07-12-at-1.46.42-PM-1-768x979.jpeg 768w, https:\/\/atecordoba.org\/wp-content\/uploads\/2024\/07\/WhatsApp-Image-2024-07-12-at-1.46.42-PM-1-750x957.jpeg 750w, https:\/\/atecordoba.org\/wp-content\/uploads\/2024\/07\/WhatsApp-Image-2024-07-12-at-1.46.42-PM-1.jpeg 1133w\" sizes=\"auto, (max-width: 803px) 100vw, 803px\" \/><\/figure>\n<\/div>\n\n\n<h3 class=\"wp-block-heading\">Solidaridad con Marcela Martin<\/h3>\n\n\n\n<p>En el marco del plenario, se expres\u00f3 la solidaridad con Marcela Martin, delegada del hospital de Punilla, quien ha sido injustamente imputada tras varias jornadas de lucha ambientalista en su localidad. Nuestro sindicato repudia en\u00e9rgicamente cualquier intento de criminalizaci\u00f3n de la protesta social y reafirma su apoyo incondicional a Marcela Martin y a todos los compa\u00f1eros que luchan en defensa del medio ambiente y los derechos humanos.<\/p>\n\n\n\n<h3 class=\"wp-block-heading\">Pr\u00f3ximo Plenario<\/h3>\n\n\n\n<p>Para continuar con el trabajo conjunto y la planificaci\u00f3n de futuras acciones, se decidi\u00f3 realizar un nuevo plenario a fines de agosto. Este pr\u00f3ximo encuentro ser\u00e1 una oportunidad para evaluar los avances, ajustar estrategias y seguir fortaleciendo la unidad y la movilizaci\u00f3n de las y los trabajadores.<\/p>\n\n\n\n<h3 class=\"wp-block-heading\">Compromiso y Lucha<\/h3>\n\n\n<div class=\"wp-block-image\">\n<figure class=\"alignright size-large is-resized\"><img loading=\"lazy\" decoding=\"async\" width=\"1024\" height=\"867\" src=\"https:\/\/atecordoba.org\/wp-content\/uploads\/2024\/07\/WhatsApp-Image-2024-07-12-at-1.46.42-PM-2-2-1024x867.jpeg\" alt=\"\" class=\"wp-image-44587\" style=\"width:328px;height:auto\" srcset=\"https:\/\/atecordoba.org\/wp-content\/uploads\/2024\/07\/WhatsApp-Image-2024-07-12-at-1.46.42-PM-2-2-1024x867.jpeg 1024w, https:\/\/atecordoba.org\/wp-content\/uploads\/2024\/07\/WhatsApp-Image-2024-07-12-at-1.46.42-PM-2-2-300x254.jpeg 300w, https:\/\/atecordoba.org\/wp-content\/uploads\/2024\/07\/WhatsApp-Image-2024-07-12-at-1.46.42-PM-2-2-768x651.jpeg 768w, https:\/\/atecordoba.org\/wp-content\/uploads\/2024\/07\/WhatsApp-Image-2024-07-12-at-1.46.42-PM-2-2-750x635.jpeg 750w, https:\/\/atecordoba.org\/wp-content\/uploads\/2024\/07\/WhatsApp-Image-2024-07-12-at-1.46.42-PM-2-2.jpeg 1066w\" sizes=\"auto, (max-width: 1024px) 100vw, 1024px\" \/><\/figure>\n<\/div>\n\n\n<p>El plenario de delegados provinciales reafirm\u00f3 el compromiso de nuestro sindicato en la defensa de los derechos laborales y sociales de todos los trabajadores. En un contexto de pol\u00edticas de ajuste y precarizaci\u00f3n, la unidad y la movilizaci\u00f3n se erigen como nuestras principales herramientas de resistencia.<\/p>\n\n\n\n<p>Seguiremos trabajando incansablemente para fortalecer nuestra organizaci\u00f3n, promover la participaci\u00f3n activa de todas las y los afiliados y construir un frente com\u00fan en defensa de nuestros derechos. La lucha contin\u00faa y juntos, avanzaremos hacia un futuro m\u00e1s justo y digno para todos los trabajadores.<\/p>\n\n\n\n<p>Nuestro sindicato hace un llamado a todos los compa\u00f1eros y compa\u00f1eras a participar activamente en las pr\u00f3ximas acciones y a mantenerse informados a trav\u00e9s de nuestros canales oficiales. La unidad es nuestra fortaleza y juntos, lograremos vencer cualquier obst\u00e1culo en defensa de nuestros derechos y conquistas.<\/p>\n","protected":false},"excerpt":{"rendered":"<p>En una jornada de compromiso y planificaci\u00f3n estrat\u00e9gica, el d\u00eda de hoy, 12 de julio, se llev\u00f3 a cabo un plenario de delegados provinciales en la sede del consejo directivo provincial de nuestro sindicato, ubicado en Entre R\u00edos 450. El encuentro cont\u00f3 con la participaci\u00f3n de aproximadamente 35 delegadas y delegados, quienes debatieron y acordaron [&hellip;]<\/p>\n","protected":false},"author":3,"featured_media":44579,"comment_status":"open","ping_status":"open","sticky":false,"template":"","format":"standard","meta":{"_exactmetrics_skip_tracking":false,"_exactmetrics_sitenote_active":false,"_exactmetrics_sitenote_note":"","_exactmetrics_sitenote_category":0,"jnews-multi-image_gallery":[],"jnews_single_post":{"subtitle":"","format":"standard","video":"","gallery":"","source_name":"","source_url":"","via_name":"","via_url":"","override_template":"0","override":[{"template":"1","single_blog_custom":"","parallax":"1","fullscreen":"1","layout":"no-sidebar-narrow","sidebar":"default-sidebar","second_sidebar":"default-sidebar","sticky_sidebar":"1","share_position":"bottom","share_float_style":"share-monocrhome","show_share_counter":"1","show_view_counter":"1","show_featured":"0","show_post_meta":"1","show_post_author":"0","show_post_author_image":"1","show_post_date":"1","post_date_format":"default","post_date_format_custom":"Y\/m\/d","show_post_category":"1","show_post_reading_time":"0","post_reading_time_wpm":"300","show_zoom_button":"0","zoom_button_out_step":"2","zoom_button_in_step":"3","show_post_tag":"1","show_prev_next_post":"0","show_popup_post":"0","number_popup_post":"1","show_author_box":"0","show_post_related":"1","show_inline_post_related":"0"}],"override_image_size":"0","image_override":[{"single_post_thumbnail_size":"crop-500","single_post_gallery_size":"crop-500"}],"trending_post":"0","trending_post_position":"meta","trending_post_label":"Trending","sponsored_post":"0","sponsored_post_label":"Sponsored by","sponsored_post_name":"","sponsored_post_url":"","sponsored_post_logo_enable":"0","sponsored_post_logo":"","sponsored_post_desc":"","disable_ad":"0"},"jnews_primary_category":{"id":"","hide":""},"jnews_social_meta":{"fb_title":"","fb_description":"","fb_image":"","twitter_title":"","twitter_description":"","twitter_image":""},"jnews_review":[],"enable_review":"0","type":"percentage","name":"","summary":"","brand":"","sku":"","good":[{"good_text":""}],"bad":[{"bad_text":""}],"score_override":"0","override_value":"","rating":[{"rating_text":"","rating_number":"10"}],"price":[{"shop":"","price":"","link":"","icon":""}],"jnews_override_counter":{"override_view_counter":"0","view_counter_number":"0","override_share_counter":"0","share_counter_number":"0","override_like_counter":"0","like_counter_number":"0","override_dislike_counter":"0","dislike_counter_number":"0"},"jnews_post_split":{"enable_post_split":"0","post_split":[{"template":"1","tag":"h2","numbering":"asc","mode":"normal","first":"0","enable_toc":"0","toc_type":"normal"}]},"footnotes":""},"categories":[8],"tags":[],"class_list":["post-44578","post","type-post","status-publish","format-standard","has-post-thumbnail","hentry","category-provinciales"],"jetpack_featured_media_url":"https:\/\/atecordoba.org\/wp-content\/uploads\/2024\/07\/WhatsApp-Image-2024-07-12-at-11.39.24-AM-scaled.jpeg","_links":{"self":[{"href":"https:\/\/atecordoba.org\/index.php?rest_route=\/wp\/v2\/posts\/44578","targetHints":{"allow":["GET"]}}],"collection":[{"href":"https:\/\/atecordoba.org\/index.php?rest_route=\/wp\/v2\/posts"}],"about":[{"href":"https:\/\/atecordoba.org\/index.php?rest_route=\/wp\/v2\/types\/post"}],"author":[{"embeddable":true,"href":"https:\/\/atecordoba.org\/index.php?rest_route=\/wp\/v2\/users\/3"}],"replies":[{"embeddable":true,"href":"https:\/\/atecordoba.org\/index.php?rest_route=%2Fwp%2Fv2%2Fcomments&post=44578"}],"version-history":[{"count":3,"href":"https:\/\/atecordoba.org\/index.php?rest_route=\/wp\/v2\/posts\/44578\/revisions"}],"predecessor-version":[{"id":44591,"href":"https:\/\/atecordoba.org\/index.php?rest_route=\/wp\/v2\/posts\/44578\/revisions\/44591"}],"wp:featuredmedia":[{"embeddable":true,"href":"https:\/\/atecordoba.org\/index.php?rest_route=\/wp\/v2\/media\/44579"}],"wp:attachment":[{"href":"https:\/\/atecordoba.org\/index.php?rest_route=%2Fwp%2Fv2%2Fmedia&parent=44578"}],"wp:term":[{"taxonomy":"category","embeddable":true,"href":"https:\/\/atecordoba.org\/index.php?rest_route=%2Fwp%2Fv2%2Fcategories&post=44578"},{"taxonomy":"post_tag","embeddable":true,"href":"https:\/\/atecordoba.org\/index.php?rest_route=%2Fwp%2Fv2%2Ftags&post=44578"}],"curies":[{"name":"wp","href":"https:\/\/api.w.org\/{rel}","templated":true}]}}