{"id":44568,"date":"2024-07-12T12:47:37","date_gmt":"2024-07-12T15:47:37","guid":{"rendered":"https:\/\/atecordoba.org\/?p=44568"},"modified":"2024-07-12T12:53:22","modified_gmt":"2024-07-12T15:53:22","slug":"audiencia-publica-en-el-congreso-nuestro-sindicato-al-frente-de-la-lucha-contra-los-despidos","status":"publish","type":"post","link":"https:\/\/atecordoba.org\/?p=44568","title":{"rendered":"Audiencia P\u00fablica en el Congreso: Nuestro Sindicato al Frente de la Lucha contra los Despidos"},"content":{"rendered":"\n<p>En una reciente audiencia p\u00fablica convocada por los bloques de Uni\u00f3n por la Patria (UxP), el Frente de Izquierda (FIT) y el Partido Socialista (PS) en la C\u00e1mara de Diputados, se alzaron numerosas voces en protesta contra los despidos masivos que viene llevando adelante el gobierno de Javier Milei. La sesi\u00f3n, celebrada en el Anexo A del Congreso, cont\u00f3 con la presencia de trabajadores despedidos y representantes gremiales, <strong>incluyendo a nuestro secretario gremial, Jorge Chalup, en representaci\u00f3n de nuestro sindicato.<\/strong><\/p>\n\n\n\n<figure class=\"wp-block-image size-full\"><img loading=\"lazy\" decoding=\"async\" width=\"750\" height=\"500\" src=\"https:\/\/atecordoba.org\/wp-content\/uploads\/2024\/07\/tapa-750x500-1.jpg\" alt=\"\" class=\"wp-image-44571\" srcset=\"https:\/\/atecordoba.org\/wp-content\/uploads\/2024\/07\/tapa-750x500-1.jpg 750w, https:\/\/atecordoba.org\/wp-content\/uploads\/2024\/07\/tapa-750x500-1-300x200.jpg 300w\" sizes=\"auto, (max-width: 750px) 100vw, 750px\" \/><\/figure>\n\n\n\n<h3 class=\"wp-block-heading\">La Voz de los Trabajadores<\/h3>\n\n\n<div class=\"wp-block-image\">\n<figure class=\"alignleft size-full is-resized\"><img loading=\"lazy\" decoding=\"async\" width=\"938\" height=\"527\" src=\"https:\/\/atecordoba.org\/wp-content\/uploads\/2024\/07\/despedidos-diputados.jpg\" alt=\"\" class=\"wp-image-44572\" style=\"width:311px;height:auto\" srcset=\"https:\/\/atecordoba.org\/wp-content\/uploads\/2024\/07\/despedidos-diputados.jpg 938w, https:\/\/atecordoba.org\/wp-content\/uploads\/2024\/07\/despedidos-diputados-300x169.jpg 300w, https:\/\/atecordoba.org\/wp-content\/uploads\/2024\/07\/despedidos-diputados-768x431.jpg 768w, https:\/\/atecordoba.org\/wp-content\/uploads\/2024\/07\/despedidos-diputados-750x421.jpg 750w\" sizes=\"auto, (max-width: 938px) 100vw, 938px\" \/><\/figure>\n<\/div>\n\n\n<p>La audiencia fue inaugurada por los diputados Sergio Palazzo (UxP) y Alejandro Vilca (FIT), quienes destacaron los impactos devastadores de las pol\u00edticas del gobierno actual. Alejandro Vilca expres\u00f3 con firmeza: &#8220;Entendemos que los despidos son parte del plan de gobierno que lleva Javier Milei. Desde que asumi\u00f3, medidas inflacionarias y la p\u00e9rdida del poder adquisitivo de los trabajadores est\u00e1n llevando a la clase trabajadora a m\u00e1s del 50% de pobreza y al crecimiento de la desocupaci\u00f3n&#8221;.<\/p>\n\n\n\n<p>Por su parte, Agustina Panissa, secretaria adjunta de ATE Capital, subray\u00f3 la p\u00e9rdida incalculable que representan los despidos en el Estado Nacional, destacando que los trabajadores despedidos poseen saberes imprescindibles para el pa\u00eds. Carlos Ortega, secretario general del sindicato de trabajadores de la ANSES, denunci\u00f3 1300 despidos en su sector, resaltando el impacto negativo en la administraci\u00f3n de la seguridad social.<\/p>\n\n\n\n<p>Adolfo Gonz\u00e1lez Dardik, representante de la SENAF, tambi\u00e9n se pronunci\u00f3, denunciando la desvinculaci\u00f3n de 343 trabajadores esenciales para garantizar los derechos de ni\u00f1os y adolescentes. Los testimonios de los trabajadores despedidos de diversos sectores, tanto p\u00fablicos como privados, expusieron la cruda realidad de la &#8220;sangr\u00eda de despidos&#8221; que afecta a miles de familias.<\/p>\n\n\n\n<h3 class=\"wp-block-heading\">La Respuesta Sindical<\/h3>\n\n\n<div class=\"wp-block-image\">\n<figure class=\"alignleft size-large is-resized\"><img loading=\"lazy\" decoding=\"async\" width=\"648\" height=\"1024\" src=\"https:\/\/atecordoba.org\/wp-content\/uploads\/2024\/07\/WhatsApp-Image-2024-07-12-at-12.21.41-AM-1-648x1024.jpeg\" alt=\"\" class=\"wp-image-44570\" style=\"width:135px;height:auto\" srcset=\"https:\/\/atecordoba.org\/wp-content\/uploads\/2024\/07\/WhatsApp-Image-2024-07-12-at-12.21.41-AM-1-648x1024.jpeg 648w, https:\/\/atecordoba.org\/wp-content\/uploads\/2024\/07\/WhatsApp-Image-2024-07-12-at-12.21.41-AM-1-190x300.jpeg 190w, https:\/\/atecordoba.org\/wp-content\/uploads\/2024\/07\/WhatsApp-Image-2024-07-12-at-12.21.41-AM-1-768x1213.jpeg 768w, https:\/\/atecordoba.org\/wp-content\/uploads\/2024\/07\/WhatsApp-Image-2024-07-12-at-12.21.41-AM-1-972x1536.jpeg 972w, https:\/\/atecordoba.org\/wp-content\/uploads\/2024\/07\/WhatsApp-Image-2024-07-12-at-12.21.41-AM-1-750x1185.jpeg 750w, https:\/\/atecordoba.org\/wp-content\/uploads\/2024\/07\/WhatsApp-Image-2024-07-12-at-12.21.41-AM-1.jpeg 1013w\" sizes=\"auto, (max-width: 648px) 100vw, 648px\" \/><\/figure>\n<\/div>\n\n\n<p>Nuestro secretario gremial, <strong>Jorge Chalup<\/strong>, particip\u00f3 activamente en la audiencia, subrayando la gravedad de la situaci\u00f3n. En di\u00e1logo con la prensa de ATE C\u00f3rdoba, Chalup mencion\u00f3: <strong>&#8220;Habl\u00e9 sobre los 148 despidos a nivel nacional que tuvimos en la primera tanda el 30 de marzo y mencion\u00e9 los distintos lugares donde ocurrieron: Agencia Nacional de Discapacidad, Ministerio de Trabajo, Centros de Referencia, Secretar\u00eda de Ni\u00f1ez Adolescencia y Familia, ENACOM, Agricultura Familiar, ANSES, Biblioteca Nacional, entre otros. Despu\u00e9s mencion\u00e9 los 9 despidos que tuvimos ahora el 30 de junio (Desarrollo Social, Ministerio de la Mujer, INTI) m\u00e1s los 40 retiros voluntarios en la f\u00e1brica militar de R\u00edo Tercero y 64 en Villa Mar\u00eda&#8221;<\/strong>.<\/p>\n\n\n\n<p>Chalup tambi\u00e9n expres\u00f3 solidaridad con los compa\u00f1eros detenidos por manifestarse contra la Ley Bases, entendiendo que la justicia persigue a quienes se oponen a las medidas gubernamentales.<strong> &#8220;La justicia tambi\u00e9n se encuentra persiguiendo a nuestro secretario general Federico Giuliani por manifestarse contra las medidas de los gobiernos provincial y nacional&#8221;<\/strong>, afirm\u00f3.<\/p>\n\n\n\n<h3 class=\"wp-block-heading\">Unidad y Lucha<\/h3>\n\n\n\n<p>La audiencia concluy\u00f3 con un llamado a la unidad y la movilizaci\u00f3n. Hugo Yasky, diputado nacional y secretario general de la CTA-T, destac\u00f3: \u201cEs un deber que ten\u00edamos los diputados de abrir este espacio, de poder visibilizar lo que los grandes medios ocultan. Necesitamos la unidad para juntar la causa de los que hoy sufren los despidos con los que no tienen el salario digno que merecen\u201d.<\/p>\n\n\n\n<p>Nuestro sindicato reitera su compromiso en la lucha contra las injusticias laborales y la defensa de los derechos de todos los trabajadores. Nos mantendremos firmes y unidos para enfrentar las pol\u00edticas que atentan contra la dignidad y el bienestar de la clase trabajadora. En este contexto, la participaci\u00f3n activa en la Comisi\u00f3n de Legislaci\u00f3n del Trabajo, encabezada por nuestro secretario gremial Jorge Chalup, es fundamental para visibilizar y combatir estas injusticias.<\/p>\n\n\n<div class=\"wp-block-image\">\n<figure class=\"alignleft size-full is-resized\"><img loading=\"lazy\" decoding=\"async\" width=\"655\" height=\"368\" src=\"https:\/\/atecordoba.org\/wp-content\/uploads\/2024\/07\/congreso-sesion-diputados-senadores.webp\" alt=\"\" class=\"wp-image-44573\" style=\"width:335px;height:auto\" srcset=\"https:\/\/atecordoba.org\/wp-content\/uploads\/2024\/07\/congreso-sesion-diputados-senadores.webp 655w, https:\/\/atecordoba.org\/wp-content\/uploads\/2024\/07\/congreso-sesion-diputados-senadores-300x169.webp 300w\" sizes=\"auto, (max-width: 655px) 100vw, 655px\" \/><\/figure>\n<\/div>\n\n\n<h3 class=\"wp-block-heading\">Conclusi\u00f3n<\/h3>\n\n\n\n<p>En este momento cr\u00edtico, hacemos un llamado a todos los trabajadores y trabajadoras a mantenerse unidos y movilizados. La lucha por la reincorporaci\u00f3n de los despedidos y la defensa de nuestros derechos es una tarea colectiva que requiere del esfuerzo y la solidaridad de todos. Seguiremos alzando nuestra voz y demandando justicia, con la firme convicci\u00f3n de que juntos, lograremos revertir estas pol\u00edticas de ajuste y precarizaci\u00f3n laboral.<\/p>\n\n\n\n<p><em><strong>Nuestro sindicato permanece atento y activo, dispuesto a luchar por los derechos de todos los trabajadores y trabajadoras. La unidad es nuestra fuerza, y con ella, enfrentaremos cualquier obst\u00e1culo en defensa de la dignidad laboral.<\/strong><\/em><\/p>\n","protected":false},"excerpt":{"rendered":"<p>En una reciente audiencia p\u00fablica convocada por los bloques de Uni\u00f3n por la Patria (UxP), el Frente de Izquierda (FIT) y el Partido Socialista (PS) en la C\u00e1mara de Diputados, se alzaron numerosas voces en protesta contra los despidos masivos que viene llevando adelante el gobierno de Javier Milei. La sesi\u00f3n, celebrada en el Anexo [&hellip;]<\/p>\n","protected":false},"author":3,"featured_media":44571,"comment_status":"open","ping_status":"open","sticky":false,"template":"","format":"standard","meta":{"_exactmetrics_skip_tracking":false,"_exactmetrics_sitenote_active":false,"_exactmetrics_sitenote_note":"","_exactmetrics_sitenote_category":0,"jnews-multi-image_gallery":[],"jnews_single_post":{"subtitle":"","format":"standard","video":"","gallery":"","source_name":"","source_url":"","via_name":"","via_url":"","override_template":"0","override":[{"template":"1","single_blog_custom":"","parallax":"1","fullscreen":"1","layout":"no-sidebar-narrow","sidebar":"default-sidebar","second_sidebar":"default-sidebar","sticky_sidebar":"1","share_position":"bottom","share_float_style":"share-monocrhome","show_share_counter":"1","show_view_counter":"1","show_featured":"0","show_post_meta":"1","show_post_author":"0","show_post_author_image":"1","show_post_date":"1","post_date_format":"default","post_date_format_custom":"Y\/m\/d","show_post_category":"1","show_post_reading_time":"0","post_reading_time_wpm":"300","show_zoom_button":"0","zoom_button_out_step":"2","zoom_button_in_step":"3","show_post_tag":"1","show_prev_next_post":"0","show_popup_post":"0","number_popup_post":"1","show_author_box":"0","show_post_related":"1","show_inline_post_related":"0"}],"override_image_size":"0","image_override":[{"single_post_thumbnail_size":"crop-500","single_post_gallery_size":"crop-500"}],"trending_post":"0","trending_post_position":"meta","trending_post_label":"Trending","sponsored_post":"0","sponsored_post_label":"Sponsored by","sponsored_post_name":"","sponsored_post_url":"","sponsored_post_logo_enable":"0","sponsored_post_logo":"","sponsored_post_desc":"","disable_ad":"0"},"jnews_primary_category":{"id":"","hide":""},"jnews_social_meta":{"fb_title":"","fb_description":"","fb_image":"","twitter_title":"","twitter_description":"","twitter_image":""},"jnews_review":[],"enable_review":"0","type":"percentage","name":"","summary":"","brand":"","sku":"","good":[{"good_text":""}],"bad":[{"bad_text":""}],"score_override":"0","override_value":"","rating":[{"rating_text":"","rating_number":"10"}],"price":[{"shop":"","price":"","link":"","icon":""}],"jnews_override_counter":{"override_view_counter":"0","view_counter_number":"0","override_share_counter":"0","share_counter_number":"0","override_like_counter":"0","like_counter_number":"0","override_dislike_counter":"0","dislike_counter_number":"0"},"jnews_post_split":{"enable_post_split":"0","post_split":[{"template":"1","tag":"h2","numbering":"asc","mode":"normal","first":"0","enable_toc":"0","toc_type":"normal"}]},"footnotes":""},"categories":[10],"tags":[],"class_list":["post-44568","post","type-post","status-publish","format-standard","has-post-thumbnail","hentry","category-accion-politica"],"jetpack_featured_media_url":"https:\/\/atecordoba.org\/wp-content\/uploads\/2024\/07\/tapa-750x500-1.jpg","_links":{"self":[{"href":"https:\/\/atecordoba.org\/index.php?rest_route=\/wp\/v2\/posts\/44568","targetHints":{"allow":["GET"]}}],"collection":[{"href":"https:\/\/atecordoba.org\/index.php?rest_route=\/wp\/v2\/posts"}],"about":[{"href":"https:\/\/atecordoba.org\/index.php?rest_route=\/wp\/v2\/types\/post"}],"author":[{"embeddable":true,"href":"https:\/\/atecordoba.org\/index.php?rest_route=\/wp\/v2\/users\/3"}],"replies":[{"embeddable":true,"href":"https:\/\/atecordoba.org\/index.php?rest_route=%2Fwp%2Fv2%2Fcomments&post=44568"}],"version-history":[{"count":2,"href":"https:\/\/atecordoba.org\/index.php?rest_route=\/wp\/v2\/posts\/44568\/revisions"}],"predecessor-version":[{"id":44576,"href":"https:\/\/atecordoba.org\/index.php?rest_route=\/wp\/v2\/posts\/44568\/revisions\/44576"}],"wp:featuredmedia":[{"embeddable":true,"href":"https:\/\/atecordoba.org\/index.php?rest_route=\/wp\/v2\/media\/44571"}],"wp:attachment":[{"href":"https:\/\/atecordoba.org\/index.php?rest_route=%2Fwp%2Fv2%2Fmedia&parent=44568"}],"wp:term":[{"taxonomy":"category","embeddable":true,"href":"https:\/\/atecordoba.org\/index.php?rest_route=%2Fwp%2Fv2%2Fcategories&post=44568"},{"taxonomy":"post_tag","embeddable":true,"href":"https:\/\/atecordoba.org\/index.php?rest_route=%2Fwp%2Fv2%2Ftags&post=44568"}],"curies":[{"name":"wp","href":"https:\/\/api.w.org\/{rel}","templated":true}]}}