{"id":44561,"date":"2024-07-12T11:04:39","date_gmt":"2024-07-12T14:04:39","guid":{"rendered":"https:\/\/atecordoba.org\/?p=44561"},"modified":"2024-07-12T11:09:48","modified_gmt":"2024-07-12T14:09:48","slug":"ate-repudia-la-intervencion-de-la-anac-alerta-sobre-los-riesgos-para-las-y-los-trabajadores-y-la-seguridad-aerea","status":"publish","type":"post","link":"https:\/\/atecordoba.org\/?p=44561","title":{"rendered":"ATE en alerta ante la intervenci\u00f3n en ANAC"},"content":{"rendered":"\n<figure class=\"wp-block-image size-large\"><img loading=\"lazy\" decoding=\"async\" width=\"1024\" height=\"576\" src=\"https:\/\/atecordoba.org\/wp-content\/uploads\/2024\/07\/anacjpg-1024x576.webp\" alt=\"\" class=\"wp-image-44562\" srcset=\"https:\/\/atecordoba.org\/wp-content\/uploads\/2024\/07\/anacjpg-1024x576.webp 1024w, https:\/\/atecordoba.org\/wp-content\/uploads\/2024\/07\/anacjpg-300x169.webp 300w, https:\/\/atecordoba.org\/wp-content\/uploads\/2024\/07\/anacjpg-768x432.webp 768w, https:\/\/atecordoba.org\/wp-content\/uploads\/2024\/07\/anacjpg-750x422.webp 750w, https:\/\/atecordoba.org\/wp-content\/uploads\/2024\/07\/anacjpg-1140x641.webp 1140w, https:\/\/atecordoba.org\/wp-content\/uploads\/2024\/07\/anacjpg.webp 1200w\" sizes=\"auto, (max-width: 1024px) 100vw, 1024px\" \/><\/figure>\n\n\n\n<p>A trav\u00e9s del decreto 606\/2024, publicado recientemente en el Bolet\u00edn Oficial, la Secretar\u00eda de Transporte ha dispuesto la intervenci\u00f3n de la Administraci\u00f3n Nacional de Aviaci\u00f3n Civil (ANAC) por un plazo de 180 d\u00edas. La medida, argumentada como necesaria para &#8220;elevar los est\u00e1ndares de seguridad, operacional, digitalizar procesos administrativos y auditar la gesti\u00f3n de los \u00faltimos a\u00f1os&#8221;, ha generado preocupaci\u00f3n en (ANAC) .<\/p>\n\n\n\n<p>La intervenci\u00f3n implica el desplazamiento de Gustavo Mar\u00f3n, quien estaba a cargo del organismo, y su reemplazo por Mar\u00eda Julia Cordero, quien ya formaba parte de la Subsecretar\u00eda de Transporte A\u00e9reo. La ANAC continuar\u00e1 funcionando de manera descentralizada bajo la \u00f3rbita de la Secretar\u00eda de Transporte, coordinada por la Subsecretar\u00eda de Transporte A\u00e9reo a cargo de Hern\u00e1n G\u00f3mez. <\/p>\n\n\n\n<p>Desde ATE C\u00f3rdoba expresamos nuestro repudio a esta intervenci\u00f3n, que consideramos una maniobra encubierta para avanzar en la desregulaci\u00f3n y precarizaci\u00f3n de la actividad a\u00e9rea en el pa\u00eds. La simplificaci\u00f3n de los tr\u00e1mites para autorizaci\u00f3n de rutas y operaciones, junto con la delegaci\u00f3n de tareas de regulaci\u00f3n de seguridad operacional a la ANAC, pone en riesgo tanto a los trabajadores del sector como a los usuarios de los servicios de aviaci\u00f3n.    <\/p>\n\n\n\n<figure class=\"wp-block-image size-full\"><img loading=\"lazy\" decoding=\"async\" width=\"932\" height=\"561\" src=\"https:\/\/atecordoba.org\/wp-content\/uploads\/2024\/07\/ANAC.jpg\" alt=\"\" class=\"wp-image-44564\" srcset=\"https:\/\/atecordoba.org\/wp-content\/uploads\/2024\/07\/ANAC.jpg 932w, https:\/\/atecordoba.org\/wp-content\/uploads\/2024\/07\/ANAC-300x181.jpg 300w, https:\/\/atecordoba.org\/wp-content\/uploads\/2024\/07\/ANAC-768x462.jpg 768w, https:\/\/atecordoba.org\/wp-content\/uploads\/2024\/07\/ANAC-750x451.jpg 750w\" sizes=\"auto, (max-width: 932px) 100vw, 932px\" \/><\/figure>\n\n\n\n<p>La medida de intervenci\u00f3n, que seg\u00fan el Gobierno busca transformar a la ANAC en un organismo eficiente y acorde a las exigencias de la Organizaci\u00f3n de Aviaci\u00f3n Civil Internacional (OACI), no aborda las verdaderas causas de las deficiencias se\u00f1aladas en las auditor\u00edas. En cambio, se enfoca en una reestructuraci\u00f3n que podr\u00eda llevar a una mayor precarizaci\u00f3n laboral y a la p\u00e9rdida de derechos para los trabajadores de la aviaci\u00f3n civil.<\/p>\n\n\n\n<p>Agustin Bertone delegado de ANAC expreso &#8220;que a los compa\u00f1eros la de la intervenci\u00f3n le genera preocupaci\u00f3n&#8221; . Reiteramos esta preocupaci\u00f3n por las pol\u00edticas de desregulaci\u00f3n y ajuste que se est\u00e1n implementando, que lejos de mejorar la seguridad y eficiencia del sector, ponen en riesgo la estabilidad laboral de miles de trabajadores y la seguridad de los usuarios. Exigimos que se prioricen pol\u00edticas que verdaderamente fortalezcan la capacitaci\u00f3n y condiciones laborales de los empleados de la aviaci\u00f3n civil y que se garantice la transparencia y participaci\u00f3n de los trabajadores en cualquier proceso de reestructuraci\u00f3n.<\/p>\n\n\n\n<p>Adem\u00e1s, alertamos sobre los riesgos que estas medidas pueden representar para la seguridad a\u00e9rea en el pa\u00eds. Un organismo debilitado y con menos recursos humanos y t\u00e9cnicos, dif\u00edcilmente podr\u00e1 cumplir con los est\u00e1ndares internacionales y asegurar la protecci\u00f3n y seguridad de la aviaci\u00f3n civil en Argentina.<\/p>\n","protected":false},"excerpt":{"rendered":"<p>A trav\u00e9s del decreto 606\/2024, publicado recientemente en el Bolet\u00edn Oficial, la Secretar\u00eda de Transporte ha dispuesto la intervenci\u00f3n de la Administraci\u00f3n Nacional de Aviaci\u00f3n Civil (ANAC) por un plazo de 180 d\u00edas. La medida, argumentada como necesaria para &#8220;elevar los est\u00e1ndares de seguridad, operacional, digitalizar procesos administrativos y auditar la gesti\u00f3n de los \u00faltimos [&hellip;]<\/p>\n","protected":false},"author":3,"featured_media":44563,"comment_status":"open","ping_status":"open","sticky":false,"template":"","format":"standard","meta":{"_exactmetrics_skip_tracking":false,"_exactmetrics_sitenote_active":false,"_exactmetrics_sitenote_note":"","_exactmetrics_sitenote_category":0,"jnews-multi-image_gallery":[],"jnews_single_post":{"subtitle":"","format":"standard","video":"","gallery":"","source_name":"","source_url":"","via_name":"","via_url":"","override_template":"0","override":[{"template":"1","single_blog_custom":"","parallax":"1","fullscreen":"1","layout":"no-sidebar-narrow","sidebar":"default-sidebar","second_sidebar":"default-sidebar","sticky_sidebar":"1","share_position":"bottom","share_float_style":"share-monocrhome","show_share_counter":"1","show_view_counter":"1","show_featured":"0","show_post_meta":"1","show_post_author":"0","show_post_author_image":"1","show_post_date":"1","post_date_format":"default","post_date_format_custom":"Y\/m\/d","show_post_category":"1","show_post_reading_time":"0","post_reading_time_wpm":"300","show_zoom_button":"0","zoom_button_out_step":"2","zoom_button_in_step":"3","show_post_tag":"1","show_prev_next_post":"0","show_popup_post":"0","number_popup_post":"1","show_author_box":"0","show_post_related":"1","show_inline_post_related":"0"}],"override_image_size":"0","image_override":[{"single_post_thumbnail_size":"crop-500","single_post_gallery_size":"crop-500"}],"trending_post":"0","trending_post_position":"meta","trending_post_label":"Trending","sponsored_post":"0","sponsored_post_label":"Sponsored by","sponsored_post_name":"","sponsored_post_url":"","sponsored_post_logo_enable":"0","sponsored_post_logo":"","sponsored_post_desc":"","disable_ad":"0"},"jnews_primary_category":{"id":"","hide":""},"jnews_social_meta":{"fb_title":"","fb_description":"","fb_image":"","twitter_title":"","twitter_description":"","twitter_image":""},"jnews_review":[],"enable_review":"0","type":"percentage","name":"","summary":"","brand":"","sku":"","good":[{"good_text":""}],"bad":[{"bad_text":""}],"score_override":"0","override_value":"","rating":[{"rating_text":"","rating_number":"10"}],"price":[{"shop":"","price":"","link":"","icon":""}],"jnews_override_counter":{"override_view_counter":"0","view_counter_number":"0","override_share_counter":"0","share_counter_number":"0","override_like_counter":"0","like_counter_number":"0","override_dislike_counter":"0","dislike_counter_number":"0"},"jnews_post_split":{"enable_post_split":"0","post_split":[{"template":"1","tag":"h2","numbering":"asc","mode":"normal","first":"0","enable_toc":"0","toc_type":"normal"}]},"footnotes":""},"categories":[18],"tags":[],"class_list":["post-44561","post","type-post","status-publish","format-standard","has-post-thumbnail","hentry","category-nacionales"],"jetpack_featured_media_url":"https:\/\/atecordoba.org\/wp-content\/uploads\/2024\/07\/anacjpg-1.webp","_links":{"self":[{"href":"https:\/\/atecordoba.org\/index.php?rest_route=\/wp\/v2\/posts\/44561","targetHints":{"allow":["GET"]}}],"collection":[{"href":"https:\/\/atecordoba.org\/index.php?rest_route=\/wp\/v2\/posts"}],"about":[{"href":"https:\/\/atecordoba.org\/index.php?rest_route=\/wp\/v2\/types\/post"}],"author":[{"embeddable":true,"href":"https:\/\/atecordoba.org\/index.php?rest_route=\/wp\/v2\/users\/3"}],"replies":[{"embeddable":true,"href":"https:\/\/atecordoba.org\/index.php?rest_route=%2Fwp%2Fv2%2Fcomments&post=44561"}],"version-history":[{"count":2,"href":"https:\/\/atecordoba.org\/index.php?rest_route=\/wp\/v2\/posts\/44561\/revisions"}],"predecessor-version":[{"id":44566,"href":"https:\/\/atecordoba.org\/index.php?rest_route=\/wp\/v2\/posts\/44561\/revisions\/44566"}],"wp:featuredmedia":[{"embeddable":true,"href":"https:\/\/atecordoba.org\/index.php?rest_route=\/wp\/v2\/media\/44563"}],"wp:attachment":[{"href":"https:\/\/atecordoba.org\/index.php?rest_route=%2Fwp%2Fv2%2Fmedia&parent=44561"}],"wp:term":[{"taxonomy":"category","embeddable":true,"href":"https:\/\/atecordoba.org\/index.php?rest_route=%2Fwp%2Fv2%2Fcategories&post=44561"},{"taxonomy":"post_tag","embeddable":true,"href":"https:\/\/atecordoba.org\/index.php?rest_route=%2Fwp%2Fv2%2Ftags&post=44561"}],"curies":[{"name":"wp","href":"https:\/\/api.w.org\/{rel}","templated":true}]}}