{"id":44547,"date":"2024-07-11T14:32:13","date_gmt":"2024-07-11T17:32:13","guid":{"rendered":"https:\/\/atecordoba.org\/?p=44547"},"modified":"2024-07-11T14:56:50","modified_gmt":"2024-07-11T17:56:50","slug":"ate-cordoba-en-pie-de-lucha-repudiamos-el-vaciamiento-de-la-salud-publica-y-apoyamos-a-los-trabajadores-del-hospital-neuropsiquiatrico","status":"publish","type":"post","link":"https:\/\/atecordoba.org\/?p=44547","title":{"rendered":"ATE C\u00f3rdoba en pie de lucha: Repudiamos el vaciamiento de la salud p\u00fablica y apoyamos a los trabajadores del Hospital Neuropsiqui\u00e1trico"},"content":{"rendered":"\n<figure class=\"wp-block-image size-full\"><img loading=\"lazy\" decoding=\"async\" width=\"900\" height=\"506\" src=\"https:\/\/atecordoba.org\/wp-content\/uploads\/2024\/07\/Belen-Liendo-Hospital-Neuropsiquiatroco-barrio-Juniors-Cordoba-Salud-Mental-02.jpg\" alt=\"\" class=\"wp-image-44548\" srcset=\"https:\/\/atecordoba.org\/wp-content\/uploads\/2024\/07\/Belen-Liendo-Hospital-Neuropsiquiatroco-barrio-Juniors-Cordoba-Salud-Mental-02.jpg 900w, https:\/\/atecordoba.org\/wp-content\/uploads\/2024\/07\/Belen-Liendo-Hospital-Neuropsiquiatroco-barrio-Juniors-Cordoba-Salud-Mental-02-300x169.jpg 300w, https:\/\/atecordoba.org\/wp-content\/uploads\/2024\/07\/Belen-Liendo-Hospital-Neuropsiquiatroco-barrio-Juniors-Cordoba-Salud-Mental-02-768x432.jpg 768w, https:\/\/atecordoba.org\/wp-content\/uploads\/2024\/07\/Belen-Liendo-Hospital-Neuropsiquiatroco-barrio-Juniors-Cordoba-Salud-Mental-02-750x422.jpg 750w\" sizes=\"auto, (max-width: 900px) 100vw, 900px\" \/><\/figure>\n\n\n\n<p>El Consejo Directivo Provincial de ATE C\u00f3rdoba se solidariza y apoya firmemente la lucha de las y los trabajadores del Hospital Neuropsiqui\u00e1trico Provincial (HNP), quienes enfrentan una ofensiva por parte del gobierno provincial dirigida al vaciamiento de la instituci\u00f3n. En respuesta a los traslados y el continuo desmantelamiento, los trabajadores realizaron un paro los d\u00edas mi\u00e9rcoles 3 y jueves 4 de julio, afectando todos los servicios del hospital, y ayer participaron de un abrazo simb\u00f3lico para visibilizar su lucha.<\/p>\n\n\n\n<p>Durante el d\u00eda de ayer el compa\u00f1ero de ATE en el sector <strong>Osvaldo Reynaldo<\/strong> particip\u00f3 de la jornada de protesta en el hospital neuropsiqui\u00e1trico y nos coment\u00f3 que<strong> &#8220;Fue una jornada muy significativa para ATE ya que no cont\u00e1bamos con representaci\u00f3n en el sector y ayer nos incorporamos con nuestros delegados normalizadores a una confluencia de representaciones gremiales&#8221;<\/strong> y profundiz\u00f3 <strong>&#8220;ATE est\u00e1 comenzando a tomar m\u00e1s iniciativa e involucrarse m\u00e1s consiguiendo dos delegados normalizadores, una audiencia con la licenciada Guivet donde le planteamos las problem\u00e1ticas de higiene y seguridad de nuestros trabajadores en el servicio atenci\u00f3n domiciliaria&#8221;<\/strong><\/p>\n\n\n\n<figure class=\"wp-block-image size-large is-resized\"><img loading=\"lazy\" decoding=\"async\" width=\"1024\" height=\"576\" src=\"https:\/\/atecordoba.org\/wp-content\/uploads\/2024\/07\/Belen-Liendo-Hospital-Neuropsiquiatroco-barrio-Juniors-Cordoba-Salud-Mental-01-1024x576.jpg\" alt=\"\" class=\"wp-image-44549\" style=\"width:399px;height:auto\" srcset=\"https:\/\/atecordoba.org\/wp-content\/uploads\/2024\/07\/Belen-Liendo-Hospital-Neuropsiquiatroco-barrio-Juniors-Cordoba-Salud-Mental-01-1024x576.jpg 1024w, https:\/\/atecordoba.org\/wp-content\/uploads\/2024\/07\/Belen-Liendo-Hospital-Neuropsiquiatroco-barrio-Juniors-Cordoba-Salud-Mental-01-300x169.jpg 300w, https:\/\/atecordoba.org\/wp-content\/uploads\/2024\/07\/Belen-Liendo-Hospital-Neuropsiquiatroco-barrio-Juniors-Cordoba-Salud-Mental-01-768x432.jpg 768w, https:\/\/atecordoba.org\/wp-content\/uploads\/2024\/07\/Belen-Liendo-Hospital-Neuropsiquiatroco-barrio-Juniors-Cordoba-Salud-Mental-01-750x422.jpg 750w, https:\/\/atecordoba.org\/wp-content\/uploads\/2024\/07\/Belen-Liendo-Hospital-Neuropsiquiatroco-barrio-Juniors-Cordoba-Salud-Mental-01.jpg 1058w\" sizes=\"auto, (max-width: 1024px) 100vw, 1024px\" \/><\/figure>\n\n\n\n<p>Cabe destacar que durante la <strong>segunda jornada de paro<\/strong> el d\u00eda 4 de Julio, las y los trabajadores del Neuropsiqui\u00e1trico recibieron muestras significativas de solidaridad de diversos actores del campo de la salud mental, delegados de otros hospitales y la comunidad en general. Luego de una asamblea abierta, realizaron un corte frente a las puertas del hospital y se movilizaron a las oficinas de la direcci\u00f3n para hacer escuchar sus reclamos. Sin embargo, el gobierno no cedi\u00f3 y, a trav\u00e9s del sistema CiDi (Ciudadano Digital), notific\u00f3 a dos trabajadoras sociales sobre su traslado a otros hospitales, en un claro intento de amedrentar y chantajear a los empleados del HNP.<\/p>\n\n\n\n<p>Por \u00faltimo como conclusi\u00f3n sobre la jornada de ayer <strong>Reynaldo <\/strong>mencion\u00f3: <strong>&#8220;Fue auspiciosa cualitativamente ya que particip\u00f3 adem\u00e1s de ATE, la UTS, la UEPC, las y los delegados del neuropsiqui\u00e1trico, diversas ONGs, la legisladora Luciana Echeverr\u00eda y organizaciones de salud mental&#8221;<\/strong> en v\u00edsperas a futuro adelant\u00f3 que <strong>&#8220;se est\u00e1 intentando llegar a acuerdos macro y transversales para participar de movilizaciones en la calle por fuera de los institutos de salud, ya que el gobierno provincial genera acciones disciplinadoras para mantenernos encerrados en nuestros lugares de trabajo&#8221; <\/strong>por \u00faltimo<strong> <\/strong>a nivel institucional expres\u00f3 que<strong> &#8220;se plante\u00f3 una nueva jornada de acompa\u00f1amiento el pr\u00f3ximo jueves 18 de Julio a partir de las 10 AM&#8221;<\/strong><\/p>\n\n\n\n<figure class=\"wp-block-image size-full\"><img loading=\"lazy\" decoding=\"async\" width=\"650\" height=\"365\" src=\"https:\/\/atecordoba.org\/wp-content\/uploads\/2024\/07\/neuro.jpg\" alt=\"\" class=\"wp-image-44550\" srcset=\"https:\/\/atecordoba.org\/wp-content\/uploads\/2024\/07\/neuro.jpg 650w, https:\/\/atecordoba.org\/wp-content\/uploads\/2024\/07\/neuro-300x168.jpg 300w\" sizes=\"auto, (max-width: 650px) 100vw, 650px\" \/><\/figure>\n\n\n\n<p>Los trabajadores denuncian que los servicios y guardias del hospital se encuentran desbordados debido al aumento de padecimientos ps\u00edquicos y consumos problem\u00e1ticos de sustancias, agravados por la crisis social y la precarizaci\u00f3n laboral que afecta a miles de cordobeses. El HNP, que deber\u00eda funcionar como un efector de tercer nivel, cuenta con solo dos m\u00e9dicos cl\u00ednicos y una bioqu\u00edmica, lo que pone en riesgo constante tanto a trabajadores como a usuarios. La falta de recursos y la reducci\u00f3n de camas solo benefician a las grandes cl\u00ednicas psiqui\u00e1tricas privadas, mientras el gobierno utiliza la Ley Provincial 9848 de Protecci\u00f3n de la Salud Mental para justificar el achicamiento del hospital.<\/p>\n\n\n\n<p><strong>ATE C\u00f3rdoba repudia estas pol\u00edticas de ajuste<\/strong> que solo buscan favorecer el negocio de la salud privada, desmantelando el sistema p\u00fablico. Este ajuste no solo afecta al Neuropsiqui\u00e1trico, sino a toda la salud p\u00fablica en la provincia. La aprobaci\u00f3n de la Ley de Bases a nivel nacional y las medidas implementadas por el gobernador Mart\u00edn Llaryora han deteriorado significativamente la atenci\u00f3n en hospitales y centros de salud, obligando a los ciudadanos a recurrir al sistema p\u00fablico ante la imposibilidad de costear los altos precios de las prepagas y la especulaci\u00f3n de las empresas privadas.<\/p>\n\n\n\n<p>Los relatos de los trabajadores reflejan una realidad alarmante: desde ni\u00f1os con enfermedades parasitarias debido a la pobreza, hasta pacientes con quemaduras por el uso de braceros ante la imposibilidad de pagar el gas. La precarizaci\u00f3n laboral y la sobrecarga profesional son una constante, mientras el gobierno sigue reduciendo presupuestos y promoviendo la desinversi\u00f3n en recursos materiales y humanos. A esto se suma la promesa de campa\u00f1a de Llaryora de una mayor \u201ccoordinaci\u00f3n\u201d entre lo p\u00fablico y lo privado, que no es m\u00e1s que un eufemismo para la privatizaci\u00f3n de la salud.<\/p>\n\n\n\n<p>Desde ATE C\u00f3rdoba,<strong> denunciamos el accionar del gobierno provincial y nacional <\/strong>que pone en riesgo la salud y la vida de miles de cordobeses. Reafirmamos nuestro compromiso con la defensa del hospital p\u00fablico y del derecho a la salud mental. Apoyamos todas las acciones y medidas de lucha llevadas adelante por los trabajadores del HNP y convocamos a toda la comunidad a participar del abrazo simb\u00f3lico el pr\u00f3ximo Jueves 18 de julio a las 10:00 horas, frente al Hospital Neuropsiqui\u00e1trico.<\/p>\n","protected":false},"excerpt":{"rendered":"<p>El Consejo Directivo Provincial de ATE C\u00f3rdoba se solidariza y apoya firmemente la lucha de las y los trabajadores del Hospital Neuropsiqui\u00e1trico Provincial (HNP), quienes enfrentan una ofensiva por parte del gobierno provincial dirigida al vaciamiento de la instituci\u00f3n. En respuesta a los traslados y el continuo desmantelamiento, los trabajadores realizaron un paro los d\u00edas [&hellip;]<\/p>\n","protected":false},"author":3,"featured_media":44548,"comment_status":"open","ping_status":"open","sticky":false,"template":"","format":"standard","meta":{"_exactmetrics_skip_tracking":false,"_exactmetrics_sitenote_active":false,"_exactmetrics_sitenote_note":"","_exactmetrics_sitenote_category":0,"jnews-multi-image_gallery":[],"jnews_single_post":{"subtitle":"","format":"standard","video":"","gallery":"","source_name":"","source_url":"","via_name":"","via_url":"","override_template":"0","override":[{"template":"1","single_blog_custom":"","parallax":"1","fullscreen":"1","layout":"no-sidebar-narrow","sidebar":"default-sidebar","second_sidebar":"default-sidebar","sticky_sidebar":"1","share_position":"bottom","share_float_style":"share-monocrhome","show_share_counter":"1","show_view_counter":"1","show_featured":"0","show_post_meta":"1","show_post_author":"0","show_post_author_image":"1","show_post_date":"1","post_date_format":"default","post_date_format_custom":"Y\/m\/d","show_post_category":"1","show_post_reading_time":"0","post_reading_time_wpm":"300","show_zoom_button":"0","zoom_button_out_step":"2","zoom_button_in_step":"3","show_post_tag":"1","show_prev_next_post":"0","show_popup_post":"0","number_popup_post":"1","show_author_box":"0","show_post_related":"1","show_inline_post_related":"0"}],"override_image_size":"0","image_override":[{"single_post_thumbnail_size":"crop-500","single_post_gallery_size":"crop-500"}],"trending_post":"0","trending_post_position":"meta","trending_post_label":"Trending","sponsored_post":"0","sponsored_post_label":"Sponsored by","sponsored_post_name":"","sponsored_post_url":"","sponsored_post_logo_enable":"0","sponsored_post_logo":"","sponsored_post_desc":"","disable_ad":"0"},"jnews_primary_category":{"id":"","hide":""},"jnews_social_meta":{"fb_title":"","fb_description":"","fb_image":"","twitter_title":"","twitter_description":"","twitter_image":""},"jnews_review":[],"enable_review":"0","type":"percentage","name":"","summary":"","brand":"","sku":"","good":[{"good_text":""}],"bad":[{"bad_text":""}],"score_override":"0","override_value":"","rating":[{"rating_text":"","rating_number":"10"}],"price":[{"shop":"","price":"","link":"","icon":""}],"jnews_override_counter":{"override_view_counter":"0","view_counter_number":"0","override_share_counter":"0","share_counter_number":"0","override_like_counter":"0","like_counter_number":"0","override_dislike_counter":"0","dislike_counter_number":"0"},"jnews_post_split":{"enable_post_split":"0","post_split":[{"template":"1","tag":"h2","numbering":"asc","mode":"normal","first":"0","enable_toc":"0","toc_type":"normal"}]},"footnotes":""},"categories":[8,102],"tags":[],"class_list":["post-44547","post","type-post","status-publish","format-standard","has-post-thumbnail","hentry","category-provinciales","category-salud-2"],"jetpack_featured_media_url":"https:\/\/atecordoba.org\/wp-content\/uploads\/2024\/07\/Belen-Liendo-Hospital-Neuropsiquiatroco-barrio-Juniors-Cordoba-Salud-Mental-02.jpg","_links":{"self":[{"href":"https:\/\/atecordoba.org\/index.php?rest_route=\/wp\/v2\/posts\/44547","targetHints":{"allow":["GET"]}}],"collection":[{"href":"https:\/\/atecordoba.org\/index.php?rest_route=\/wp\/v2\/posts"}],"about":[{"href":"https:\/\/atecordoba.org\/index.php?rest_route=\/wp\/v2\/types\/post"}],"author":[{"embeddable":true,"href":"https:\/\/atecordoba.org\/index.php?rest_route=\/wp\/v2\/users\/3"}],"replies":[{"embeddable":true,"href":"https:\/\/atecordoba.org\/index.php?rest_route=%2Fwp%2Fv2%2Fcomments&post=44547"}],"version-history":[{"count":2,"href":"https:\/\/atecordoba.org\/index.php?rest_route=\/wp\/v2\/posts\/44547\/revisions"}],"predecessor-version":[{"id":44552,"href":"https:\/\/atecordoba.org\/index.php?rest_route=\/wp\/v2\/posts\/44547\/revisions\/44552"}],"wp:featuredmedia":[{"embeddable":true,"href":"https:\/\/atecordoba.org\/index.php?rest_route=\/wp\/v2\/media\/44548"}],"wp:attachment":[{"href":"https:\/\/atecordoba.org\/index.php?rest_route=%2Fwp%2Fv2%2Fmedia&parent=44547"}],"wp:term":[{"taxonomy":"category","embeddable":true,"href":"https:\/\/atecordoba.org\/index.php?rest_route=%2Fwp%2Fv2%2Fcategories&post=44547"},{"taxonomy":"post_tag","embeddable":true,"href":"https:\/\/atecordoba.org\/index.php?rest_route=%2Fwp%2Fv2%2Ftags&post=44547"}],"curies":[{"name":"wp","href":"https:\/\/api.w.org\/{rel}","templated":true}]}}