{"id":44538,"date":"2024-07-11T09:45:04","date_gmt":"2024-07-11T12:45:04","guid":{"rendered":"https:\/\/atecordoba.org\/?p=44538"},"modified":"2024-07-11T10:44:33","modified_gmt":"2024-07-11T13:44:33","slug":"cordoba-el-presupuesto-de-salud-es-el-mas-bajo-desde-2014-y-el-gasto-en-personal-un-35-inferior-al-de-2017","status":"publish","type":"post","link":"https:\/\/atecordoba.org\/?p=44538","title":{"rendered":"C\u00f3rdoba: El presupuesto de Salud es el m\u00e1s bajo desde 2014 y el gasto en personal un 35% inferior al de 2017"},"content":{"rendered":"\n<figure class=\"wp-block-image size-full\"><img loading=\"lazy\" decoding=\"async\" width=\"900\" height=\"598\" src=\"https:\/\/atecordoba.org\/wp-content\/uploads\/2024\/07\/z-sanroque-2w.jpg\" alt=\"\" class=\"wp-image-44539\" srcset=\"https:\/\/atecordoba.org\/wp-content\/uploads\/2024\/07\/z-sanroque-2w.jpg 900w, https:\/\/atecordoba.org\/wp-content\/uploads\/2024\/07\/z-sanroque-2w-300x199.jpg 300w, https:\/\/atecordoba.org\/wp-content\/uploads\/2024\/07\/z-sanroque-2w-768x510.jpg 768w, https:\/\/atecordoba.org\/wp-content\/uploads\/2024\/07\/z-sanroque-2w-750x498.jpg 750w\" sizes=\"auto, (max-width: 900px) 100vw, 900px\" \/><\/figure>\n\n\n\n<p>Un Informe del Observatorio de Trabajo, Econom\u00eda y Sociedad (OTES) se\u00f1ala que\u00a0<strong>el presupuesto de salud en la Provincia de C\u00f3rdoba es el m\u00e1s bajo desde 2014 y que cay\u00f3 en 2024 respecto de 2023 un 8,1%.<\/strong>\u00a0A su vez, el estudio indica que para 2024, \u201cel presupuesto vigente para el gasto de personal es el m\u00e1s bajo de toda la serie, con una disminuci\u00f3n de casi el 35% respecto a 2017\u201d.\u00a0<strong>Es decir, que la inversi\u00f3n en personal es un tercio inferior a la de siete a\u00f1os atr\u00e1s pese a que la cantidad de agentes p\u00fablicos pas\u00f3 de 11.780 a 13160 (+12,75%).<\/strong><\/p>\n\n\n\n<p>El trabajo analiza tambi\u00e9n otras variables que permiten tener una radiograf\u00eda sobre el acceso a la salud de los cordobeses.&nbsp;<strong>En el Gran C\u00f3rdoba, el 34% de la poblaci\u00f3n carece de cobertura de salud, lo que equivale a m\u00e1s de 570.000 personas que dependen exclusivamente de la atenci\u00f3n p\u00fablica. Mientras que el restante 66% posee cobertura de obra social, PAMI o pre-paga.<\/strong>&nbsp;Hasta fin de 2023, la cobertura creci\u00f3 significativamente.<\/p>\n\n\n\n<p>Por otro lado, desde 2016, el costo de la salud ha aumentado un 10% por encima del nivel general de precios a nivel nacional y cerca del 20% en C\u00f3rdoba. \u201cEs importante destacar que la din\u00e1mica de los costos de la salud en C\u00f3rdoba se ha separado de la nacional desde la pandemia, con un crecimiento relativamente mayor. Esto ha impactado significativamente en el poder adquisitivo de los salarios, con una p\u00e9rdida del 42% en t\u00e9rminos de servicios m\u00e9dicos\u201d, dato correspondiente a marzo de 2024. Sobre este punto, el estudio releva el impacto de las medidas de pol\u00edtica econ\u00f3mica dispuestas por el gobierno nacional, que produjeron un fuerte deterioro de los ingresos y una aceleraci\u00f3n de la din\u00e1mica inflacionaria.<\/p>\n\n\n\n<p>El&nbsp;<strong>Observatorio de Trabajo, Econom\u00eda y Sociedad (OTES) es un centro de estudios con sede de C\u00f3rdoba,<\/strong>&nbsp;conformado por profesionales de las ciencias econ\u00f3micas, que \u201ctiene por objetivo, por un lado, aportar al an\u00e1lisis econ\u00f3mico, pol\u00edtico y social de la actualidad argentina, y especialmente de la provincia de C\u00f3rdoba, y por otro, brindar herramientas a distintas organizaciones (sindicatos, cooperativas, etc.) para la formaci\u00f3n econ\u00f3mica y social\u201d.<\/p>\n\n\n\n<h3 class=\"wp-block-heading\">EL PRESUPUESTO DE SALUD<\/h3>\n\n\n\n<p>El presupuesto que destina el Estado en un \u00e1rea es un indicador de la profundidad y calidad de las pol\u00edticas p\u00fablicas. El trabajo de OTES revela que el Presupuesto del Ministerio de Salud de la provincia durante el per\u00edodo 2016-2024, muestra \u201cun crecimiento en t\u00e9rminos reales de 2016 a 2017, alcanzando en ese a\u00f1o el nivel m\u00e1ximo de toda la serie\u201d.<\/p>\n\n\n\n<p>Se\u00f1ala que \u201ca partir de entonces se evidencia un decrecimiento, con un recorte del 22% en 2019 respecto a 2017. Posteriormente, impulsado principalmente por la crisis sociosanitaria derivada del COVID-19, el presupuesto del Ministerio de Salud en 2020 aument\u00f3 un 21% en comparaci\u00f3n con 2019. No obstante, a partir de ah\u00ed, el presupuesto muestra un descenso continuo, llegando a una situaci\u00f3n sumamente compleja en el presente a\u00f1o. El presupuesto vigente destinado al Ministerio de Salud sufre un grave recorte del 8,1% comparado con 2023 y del 22% respecto a 2020, descendiendo al nivel m\u00e1s bajo de la serie, incluso ligeramente por debajo del nivel de 2014\u201d.<\/p>\n\n\n\n<p>Al abordar el cap\u00edtulo relativo al personal del sector salud, dice el estudio que \u201cdesde 2016, el sector de salud en la provincia ha experimentado un aumento en el volumen de empleo. El total de puestos de trabajo creci\u00f3 un 13,3%, pasando de 35.250 en 2016 a 39.948 en 2023. Sin embargo, a pesar de que tanto el empleo p\u00fablico como el privado han crecido, los ritmos han sido dis\u00edmiles en el tiempo\u201d.<\/p>\n\n\n\n<p>Indica que, en el caso del sector p\u00fablico, \u201chubo una leve disminuci\u00f3n de cargos hasta 2019. Sin embargo, a partir del primer a\u00f1o de la pandemia de COVID-19, los niveles aumentaron en comparaci\u00f3n con los a\u00f1os anteriores. El promedio de cargos entre 2020 y 2023 es un 10,5% superior al promedio de 2016 a 2019. En n\u00fameros, se inici\u00f3 con 11.964 cargos en 2016, disminuy\u00f3 a 11.506 en 2019, creci\u00f3 a 12.660 en 2020 y alcanz\u00f3 13.160 en 2023. El presupuesto para 2024 incluso prev\u00e9 un aumento, llegando a 13.283 cargos\u201d.}<\/p>\n\n\n\n<figure class=\"wp-block-image size-full\"><img loading=\"lazy\" decoding=\"async\" width=\"606\" height=\"397\" src=\"https:\/\/atecordoba.org\/wp-content\/uploads\/2024\/07\/z-grafico-personal-salud.jpg\" alt=\"\" class=\"wp-image-44540\" srcset=\"https:\/\/atecordoba.org\/wp-content\/uploads\/2024\/07\/z-grafico-personal-salud.jpg 606w, https:\/\/atecordoba.org\/wp-content\/uploads\/2024\/07\/z-grafico-personal-salud-300x197.jpg 300w\" sizes=\"auto, (max-width: 606px) 100vw, 606px\" \/><\/figure>\n\n\n\n<p>Por otro lado, puntualiza que el empleo privado en el sector salud mostr\u00f3 un crecimiento continuo durante el mismo periodo. Comenz\u00f3 en 2016 con 23.286 personas trabajando en el sector y en 2023 alcanz\u00f3 las 26.788. \u201cEste crecimiento es significativo al enmarcarlo en contexto: mientras los cargos p\u00fablicos crecieron un 11% en el periodo, el empleo privado lo hizo en un 15%\u201d.<\/p>\n\n\n\n<p>Sobre este punto, los economistas de OTES resaltan que \u201cla evoluci\u00f3n del empleo p\u00fablico y privado en salud presenta una situaci\u00f3n donde el sector privado crece a un ritmo m\u00e1s alto que el p\u00fablico, al menos a nivel provincial. Es importante que la evoluci\u00f3n en el empleo refleje las necesidades de acceso a la salud, particularmente de sectores de menores recursos, que dependen en gran medida de la salud p\u00fablica\u201d.<\/p>\n\n\n\n<h3 class=\"wp-block-heading\">LOS SALARIOS DEL SECTOR P\u00daBLICO<\/h3>\n\n\n\n<p>Seg\u00fan el informe, despu\u00e9s de un aumento de poco m\u00e1s del 6% en 2017, el gasto en personal del Ministerio de Salud ha mostrado una tendencia general a la baja. Afirma que \u201clos \u00fanicos a\u00f1os en los que este presupuesto se increment\u00f3 fueron 2020, coincidiendo con el inicio de la pandemia, y 2023. Para 2024, el presupuesto vigente para el gasto de personal es el m\u00e1s bajo de toda la serie, con una disminuci\u00f3n de casi el 35% respecto a 2017\u201d.<\/p>\n\n\n\n<p>Luego analiza que \u201cal comparar 2024 con 2023, el gasto en personal presenta una ca\u00edda del 12,3%. Este recorte afecta \u00e1reas clave del ministerio, como el presupuesto para el personal de los centros asistenciales de C\u00f3rdoba Capital, que disminuye un 10,1%, y el de los centros asistenciales del Interior, con una reducci\u00f3n del 5,7%\u201d.<\/p>\n\n\n\n<p>Concluye que \u201cesto ocurre a pesar de que se prev\u00e9 un aumento en los cargos p\u00fablicos provinciales seg\u00fan el presupuesto vigente (de 13160 en 2023 a 13283 en 2024). Esta situaci\u00f3n sugiere que, sin una actualizaci\u00f3n significativa del presupuesto, el salario real de los trabajadores de la salud tendr\u00e1 que disminuir, reflejando una contracci\u00f3n en el poder adquisitivo de los mismos y, en consecuencia, un empeoramiento de las condiciones de trabajo\u201d.<\/p>\n\n\n\n<h2 class=\"wp-block-heading\">DATO 1<\/h2>\n\n\n\n<p>Entre 2016 y 2023, la cobertura de salud por Obra Social o Pami aument\u00f3 del 58% al 64%; las personas sin cobertura se redujeron desde el 39% al 34% y, en el mismo lapso, las personas con Prepagas pasaron de 2,6% a 1,8%.<\/p>\n\n\n\n<h2 class=\"wp-block-heading\">DATO 2<\/h2>\n\n\n\n<p>En 2016, la poblaci\u00f3n sin cobertura en los tres deciles m\u00e1s bajos de ingresos era del 70%, mayor al 57% de 2023; mientras que en los deciles medios era del 20% en 2016 y en 2023 es del 25%. Por su parte, los cuatro deciles de mayores ingresos redujeron sus niveles de no cobertura del 8% al 6%. Es decir, entre 2016 y 2023, la cobertura aument\u00f3 fuertemente en los deciles bajos y se redujo en los deciles medios, sin modificaciones sustanciales en los deciles altos.<\/p>\n\n\n\n<p>Fuente: <a href=\"https:\/\/enredaccion.com.ar\/cordoba-el-presupuesto-de-salud-es-el-mas-bajo-desde-2014-y-el-gasto-en-personal-un-35-inferior-al-de-2017\/\">https:\/\/enredaccion.com.ar\/cordoba-el-presupuesto-de-salud-es-el-mas-bajo-desde-2014-y-el-gasto-en-personal-un-35-inferior-al-de-2017\/<\/a><\/p>\n","protected":false},"excerpt":{"rendered":"<p>Un Informe del Observatorio de Trabajo, Econom\u00eda y Sociedad (OTES) se\u00f1ala que\u00a0el presupuesto de salud en la Provincia de C\u00f3rdoba es el m\u00e1s bajo desde 2014 y que cay\u00f3 en 2024 respecto de 2023 un 8,1%.\u00a0A su vez, el estudio indica que para 2024, \u201cel presupuesto vigente para el gasto de personal es el m\u00e1s [&hellip;]<\/p>\n","protected":false},"author":3,"featured_media":44539,"comment_status":"open","ping_status":"open","sticky":false,"template":"","format":"standard","meta":{"_exactmetrics_skip_tracking":false,"_exactmetrics_sitenote_active":false,"_exactmetrics_sitenote_note":"","_exactmetrics_sitenote_category":0,"jnews-multi-image_gallery":[],"jnews_single_post":{"subtitle":"","format":"standard","video":"","gallery":"","source_name":"","source_url":"","via_name":"","via_url":"","override_template":"0","override":[{"template":"1","single_blog_custom":"","parallax":"1","fullscreen":"1","layout":"no-sidebar-narrow","sidebar":"default-sidebar","second_sidebar":"default-sidebar","sticky_sidebar":"1","share_position":"bottom","share_float_style":"share-monocrhome","show_share_counter":"1","show_view_counter":"1","show_featured":"0","show_post_meta":"1","show_post_author":"0","show_post_author_image":"1","show_post_date":"1","post_date_format":"default","post_date_format_custom":"Y\/m\/d","show_post_category":"1","show_post_reading_time":"0","post_reading_time_wpm":"300","show_zoom_button":"0","zoom_button_out_step":"2","zoom_button_in_step":"3","show_post_tag":"1","show_prev_next_post":"0","show_popup_post":"0","number_popup_post":"1","show_author_box":"0","show_post_related":"1","show_inline_post_related":"0"}],"override_image_size":"0","image_override":[{"single_post_thumbnail_size":"crop-500","single_post_gallery_size":"crop-500"}],"trending_post":"0","trending_post_position":"meta","trending_post_label":"Trending","sponsored_post":"0","sponsored_post_label":"Sponsored by","sponsored_post_name":"","sponsored_post_url":"","sponsored_post_logo_enable":"0","sponsored_post_logo":"","sponsored_post_desc":"","disable_ad":"0"},"jnews_primary_category":{"id":"","hide":""},"jnews_social_meta":{"fb_title":"","fb_description":"","fb_image":"","twitter_title":"","twitter_description":"","twitter_image":""},"jnews_review":[],"enable_review":"0","type":"percentage","name":"","summary":"","brand":"","sku":"","good":[{"good_text":""}],"bad":[{"bad_text":""}],"score_override":"0","override_value":"","rating":[{"rating_text":"","rating_number":"10"}],"price":[{"shop":"","price":"","link":"","icon":""}],"jnews_override_counter":{"override_view_counter":"0","view_counter_number":"0","override_share_counter":"0","share_counter_number":"0","override_like_counter":"0","like_counter_number":"0","override_dislike_counter":"0","dislike_counter_number":"0"},"jnews_post_split":{"enable_post_split":"0","post_split":[{"template":"1","tag":"h2","numbering":"asc","mode":"normal","first":"0","enable_toc":"0","toc_type":"normal"}]},"footnotes":""},"categories":[741,957],"tags":[],"class_list":["post-44538","post","type-post","status-publish","format-standard","has-post-thumbnail","hentry","category-observatorio-laboral-y-social","category-salud"],"jetpack_featured_media_url":"https:\/\/atecordoba.org\/wp-content\/uploads\/2024\/07\/z-sanroque-2w.jpg","_links":{"self":[{"href":"https:\/\/atecordoba.org\/index.php?rest_route=\/wp\/v2\/posts\/44538","targetHints":{"allow":["GET"]}}],"collection":[{"href":"https:\/\/atecordoba.org\/index.php?rest_route=\/wp\/v2\/posts"}],"about":[{"href":"https:\/\/atecordoba.org\/index.php?rest_route=\/wp\/v2\/types\/post"}],"author":[{"embeddable":true,"href":"https:\/\/atecordoba.org\/index.php?rest_route=\/wp\/v2\/users\/3"}],"replies":[{"embeddable":true,"href":"https:\/\/atecordoba.org\/index.php?rest_route=%2Fwp%2Fv2%2Fcomments&post=44538"}],"version-history":[{"count":2,"href":"https:\/\/atecordoba.org\/index.php?rest_route=\/wp\/v2\/posts\/44538\/revisions"}],"predecessor-version":[{"id":44542,"href":"https:\/\/atecordoba.org\/index.php?rest_route=\/wp\/v2\/posts\/44538\/revisions\/44542"}],"wp:featuredmedia":[{"embeddable":true,"href":"https:\/\/atecordoba.org\/index.php?rest_route=\/wp\/v2\/media\/44539"}],"wp:attachment":[{"href":"https:\/\/atecordoba.org\/index.php?rest_route=%2Fwp%2Fv2%2Fmedia&parent=44538"}],"wp:term":[{"taxonomy":"category","embeddable":true,"href":"https:\/\/atecordoba.org\/index.php?rest_route=%2Fwp%2Fv2%2Fcategories&post=44538"},{"taxonomy":"post_tag","embeddable":true,"href":"https:\/\/atecordoba.org\/index.php?rest_route=%2Fwp%2Fv2%2Ftags&post=44538"}],"curies":[{"name":"wp","href":"https:\/\/api.w.org\/{rel}","templated":true}]}}