{"id":44527,"date":"2024-07-10T13:01:16","date_gmt":"2024-07-10T16:01:16","guid":{"rendered":"https:\/\/atecordoba.org\/?p=44527"},"modified":"2024-07-10T13:01:17","modified_gmt":"2024-07-10T16:01:17","slug":"ate-cordoba-se-movilizo-en-capital-federal-contra-el-cierre-de-agricultura-familiar-y-diprose","status":"publish","type":"post","link":"https:\/\/atecordoba.org\/?p=44527","title":{"rendered":"ATE C\u00f3rdoba se moviliz\u00f3 en Capital Federal contra el cierre de Agricultura Familiar y DIPROSE"},"content":{"rendered":"\n<figure class=\"wp-block-image size-large is-resized\"><img loading=\"lazy\" decoding=\"async\" width=\"1024\" height=\"576\" src=\"https:\/\/atecordoba.org\/wp-content\/uploads\/2024\/07\/WhatsApp-Image-2024-07-10-at-12.38.19-PM-1-1024x576.jpeg\" alt=\"\" class=\"wp-image-44529\" style=\"width:718px;height:auto\" srcset=\"https:\/\/atecordoba.org\/wp-content\/uploads\/2024\/07\/WhatsApp-Image-2024-07-10-at-12.38.19-PM-1-1024x576.jpeg 1024w, https:\/\/atecordoba.org\/wp-content\/uploads\/2024\/07\/WhatsApp-Image-2024-07-10-at-12.38.19-PM-1-300x169.jpeg 300w, https:\/\/atecordoba.org\/wp-content\/uploads\/2024\/07\/WhatsApp-Image-2024-07-10-at-12.38.19-PM-1-768x432.jpeg 768w, https:\/\/atecordoba.org\/wp-content\/uploads\/2024\/07\/WhatsApp-Image-2024-07-10-at-12.38.19-PM-1-1536x864.jpeg 1536w, https:\/\/atecordoba.org\/wp-content\/uploads\/2024\/07\/WhatsApp-Image-2024-07-10-at-12.38.19-PM-1-750x422.jpeg 750w, https:\/\/atecordoba.org\/wp-content\/uploads\/2024\/07\/WhatsApp-Image-2024-07-10-at-12.38.19-PM-1-1140x641.jpeg 1140w, https:\/\/atecordoba.org\/wp-content\/uploads\/2024\/07\/WhatsApp-Image-2024-07-10-at-12.38.19-PM-1.jpeg 1600w\" sizes=\"auto, (max-width: 1024px) 100vw, 1024px\" \/><\/figure>\n\n\n\n<p>El Consejo Directivo Provincial de ATE C\u00f3rdoba particip\u00f3 presencialmente en la protesta en Capital Federal, en rechazo al cierre de la Agricultura Familiar y la DIPROSE (Direcci\u00f3n de Programas y Proyectos Sectoriales y Especiales). Esta movilizaci\u00f3n fue convocada por el Consejo Directivo Nacional (CDN) de ATE, siguiendo lo resuelto en el Plenario Federal de Delegadas y Delegados del Estado Nacional.<\/p>\n\n\n<div class=\"wp-block-image\">\n<figure class=\"alignleft size-large is-resized\"><img loading=\"lazy\" decoding=\"async\" width=\"1024\" height=\"576\" src=\"https:\/\/atecordoba.org\/wp-content\/uploads\/2024\/07\/WhatsApp-Image-2024-07-10-at-11.53.28-AM-2-1024x576.jpeg\" alt=\"\" class=\"wp-image-44530\" style=\"width:416px;height:auto\" srcset=\"https:\/\/atecordoba.org\/wp-content\/uploads\/2024\/07\/WhatsApp-Image-2024-07-10-at-11.53.28-AM-2-1024x576.jpeg 1024w, https:\/\/atecordoba.org\/wp-content\/uploads\/2024\/07\/WhatsApp-Image-2024-07-10-at-11.53.28-AM-2-300x169.jpeg 300w, https:\/\/atecordoba.org\/wp-content\/uploads\/2024\/07\/WhatsApp-Image-2024-07-10-at-11.53.28-AM-2-768x432.jpeg 768w, https:\/\/atecordoba.org\/wp-content\/uploads\/2024\/07\/WhatsApp-Image-2024-07-10-at-11.53.28-AM-2-750x422.jpeg 750w, https:\/\/atecordoba.org\/wp-content\/uploads\/2024\/07\/WhatsApp-Image-2024-07-10-at-11.53.28-AM-2-1140x641.jpeg 1140w, https:\/\/atecordoba.org\/wp-content\/uploads\/2024\/07\/WhatsApp-Image-2024-07-10-at-11.53.28-AM-2.jpeg 1280w\" sizes=\"auto, (max-width: 1024px) 100vw, 1024px\" \/><\/figure>\n<\/div>\n\n\n<p>La movilizaci\u00f3n se llev\u00f3 a cabo este mi\u00e9rcoles 10 de julio frente al ex Ministerio de Agricultura, Ganader\u00eda y Pesca, ubicado en avenida Paseo Col\u00f3n 982. A partir de las 12 horas, cientos de manifestantes se congregaron para expresar su rechazo a las pol\u00edticas de vaciamiento y el cierre del INAFCI (Instituto Nacional de Agricultura Familiar, Campesina e Ind\u00edgena) y de la DIPROSE.<\/p>\n\n\n\n<p>Desde ATE, se hizo un llamado a marchar por el mantenimiento de las pol\u00edticas p\u00fablicas ejercidas por estos organismos, las cuales han sido gravemente afectadas por las pol\u00edticas de ajuste del gobierno de Javier Milei. En C\u00f3rdoba, estas medidas han resultado en decenas de despidos y en el abandono de las pol\u00edticas de apoyo al desarrollo de los sectores campesinos en la provincia.<\/p>\n\n\n\n<p>En tal sentido, el Consejo Directivo Provincial resolvi\u00f3 participar presencialmente de la protesta. Nuestro secretario general, Federico Giuliani, desde el lugar de la protesta, mencion\u00f3: &#8220;Desde ATE C\u00f3rdoba estamos acompa\u00f1ando una protesta que se est\u00e1 llevando adelante frente a la Secretar\u00eda de Agricultura de la Naci\u00f3n. Venimos a reclamar centralmente la reincorporaci\u00f3n inmediata de los compa\u00f1eros y las compa\u00f1eras injustamente despedidas de Agricultura Familiar. Hemos venido con una delegaci\u00f3n desde C\u00f3rdoba acompa\u00f1ando este reclamo y vamos a estar participando de esta jornada que fue aprobada en el congreso nacional de ATE. Si no hay respuesta, nuestra propuesta va a ser llevar nuestras demandas y exigencias a la Sociedad Rural Argentina, que comienza la semana pr\u00f3xima en Palermo&#8221;.<\/p>\n\n\n<div class=\"wp-block-image\">\n<figure class=\"alignleft size-large is-resized\"><img loading=\"lazy\" decoding=\"async\" width=\"1024\" height=\"576\" src=\"https:\/\/atecordoba.org\/wp-content\/uploads\/2024\/07\/WhatsApp-Image-2024-07-10-at-12.02.23-PM-1-1024x576.jpeg\" alt=\"\" class=\"wp-image-44531\" style=\"width:785px;height:auto\" srcset=\"https:\/\/atecordoba.org\/wp-content\/uploads\/2024\/07\/WhatsApp-Image-2024-07-10-at-12.02.23-PM-1-1024x576.jpeg 1024w, https:\/\/atecordoba.org\/wp-content\/uploads\/2024\/07\/WhatsApp-Image-2024-07-10-at-12.02.23-PM-1-300x169.jpeg 300w, https:\/\/atecordoba.org\/wp-content\/uploads\/2024\/07\/WhatsApp-Image-2024-07-10-at-12.02.23-PM-1-768x432.jpeg 768w, https:\/\/atecordoba.org\/wp-content\/uploads\/2024\/07\/WhatsApp-Image-2024-07-10-at-12.02.23-PM-1-1536x864.jpeg 1536w, https:\/\/atecordoba.org\/wp-content\/uploads\/2024\/07\/WhatsApp-Image-2024-07-10-at-12.02.23-PM-1-750x422.jpeg 750w, https:\/\/atecordoba.org\/wp-content\/uploads\/2024\/07\/WhatsApp-Image-2024-07-10-at-12.02.23-PM-1-1140x641.jpeg 1140w, https:\/\/atecordoba.org\/wp-content\/uploads\/2024\/07\/WhatsApp-Image-2024-07-10-at-12.02.23-PM-1.jpeg 1600w\" sizes=\"auto, (max-width: 1024px) 100vw, 1024px\" \/><\/figure>\n<\/div>\n\n\n<p>La jornada tambi\u00e9n cont\u00f3 con la participaci\u00f3n del premio Nobel de la Paz, <strong>Adolfo P\u00e9rez Esquivel<\/strong>, quien inici\u00f3 la ronda de discursos diciendo: <strong>&#8220;Fundamentalmente tenemos que construir alternativas y alternativas concretas de producci\u00f3n, tratar de ver c\u00f3mo podemos llevar la solidaridad del pueblo argentino, que dio muestras muchas veces de su capacidad de dar una mano amiga y fraterna para los que menos tienen. El gobierno es negador, dice que no vio ning\u00fan hambriento en la calle y hoy se murieron por las bajas temperaturas 5 personas que viv\u00edan en la calle. Un gobierno que no est\u00e1 al servicio del pueblo, est\u00e1 contra el pueblo&#8221;.<\/strong><\/p>\n\n\n<div class=\"wp-block-image\">\n<figure class=\"alignright size-large is-resized\"><img loading=\"lazy\" decoding=\"async\" width=\"449\" height=\"1024\" src=\"https:\/\/atecordoba.org\/wp-content\/uploads\/2024\/07\/WhatsApp-Image-2024-07-10-at-12.37.48-PM-449x1024.jpeg\" alt=\"\" class=\"wp-image-44532\" style=\"width:159px;height:auto\" srcset=\"https:\/\/atecordoba.org\/wp-content\/uploads\/2024\/07\/WhatsApp-Image-2024-07-10-at-12.37.48-PM-449x1024.jpeg 449w, https:\/\/atecordoba.org\/wp-content\/uploads\/2024\/07\/WhatsApp-Image-2024-07-10-at-12.37.48-PM-132x300.jpeg 132w, https:\/\/atecordoba.org\/wp-content\/uploads\/2024\/07\/WhatsApp-Image-2024-07-10-at-12.37.48-PM-674x1536.jpeg 674w, https:\/\/atecordoba.org\/wp-content\/uploads\/2024\/07\/WhatsApp-Image-2024-07-10-at-12.37.48-PM.jpeg 702w\" sizes=\"auto, (max-width: 449px) 100vw, 449px\" \/><\/figure>\n<\/div>\n\n<div class=\"wp-block-image\">\n<figure class=\"alignleft size-large is-resized\"><img loading=\"lazy\" decoding=\"async\" width=\"576\" height=\"1024\" src=\"https:\/\/atecordoba.org\/wp-content\/uploads\/2024\/07\/WhatsApp-Image-2024-07-10-at-12.28.16-PM-1-1-576x1024.jpeg\" alt=\"\" class=\"wp-image-44534\" style=\"width:265px;height:auto\" srcset=\"https:\/\/atecordoba.org\/wp-content\/uploads\/2024\/07\/WhatsApp-Image-2024-07-10-at-12.28.16-PM-1-1-576x1024.jpeg 576w, https:\/\/atecordoba.org\/wp-content\/uploads\/2024\/07\/WhatsApp-Image-2024-07-10-at-12.28.16-PM-1-1-169x300.jpeg 169w, https:\/\/atecordoba.org\/wp-content\/uploads\/2024\/07\/WhatsApp-Image-2024-07-10-at-12.28.16-PM-1-1-768x1365.jpeg 768w, https:\/\/atecordoba.org\/wp-content\/uploads\/2024\/07\/WhatsApp-Image-2024-07-10-at-12.28.16-PM-1-1-864x1536.jpeg 864w, https:\/\/atecordoba.org\/wp-content\/uploads\/2024\/07\/WhatsApp-Image-2024-07-10-at-12.28.16-PM-1-1-750x1333.jpeg 750w, https:\/\/atecordoba.org\/wp-content\/uploads\/2024\/07\/WhatsApp-Image-2024-07-10-at-12.28.16-PM-1-1.jpeg 900w\" sizes=\"auto, (max-width: 576px) 100vw, 576px\" \/><\/figure>\n<\/div>\n\n\n<p>Luego lleg\u00f3 el turno de nuestro secretario general, <strong>Federico Giuliani<\/strong>, en su discurso que era para destacar que: <strong>&#8220;Con este fr\u00edo estamos bancando con el cuerpo lo que decimos con la jeta porque esta acci\u00f3n se vot\u00f3 y nos comprometimos a llevarla adelante en el congreso nacional de ATE porque uno es lo que hace, no lo que dice\u201d<\/strong>.<\/p>\n\n\n\n<p> Tambi\u00e9n mencion\u00f3 que <strong>\u201cTenemos que exigir la inmediata liberaci\u00f3n de los presos pol\u00edticos que todav\u00eda est\u00e1n en la c\u00e1rcel fruto de la lucha contra la aprobaci\u00f3n de la Ley Bases\u201d<\/strong>, y concluy\u00f3 diciendo que<strong> \u201cTenemos que ser capaces de volver a construir un programa de la clase trabajadora con los trabajadores y las trabajadoras a la cabeza, no con los mismos que nos dejaron a merced de este fascismo que hoy nos gobierna en la Argentina\u201d<\/strong>.<\/p>\n\n\n\n<p>La participaci\u00f3n del Consejo Directivo Provincial de ATE C\u00f3rdoba en esta protesta refuerza el compromiso del sindicato con la defensa de los derechos de los trabajadores y trabajadoras del sector, as\u00ed como con la preservaci\u00f3n de las pol\u00edticas p\u00fablicas que promueven el desarrollo de la agricultura familiar y campesina en nuestro pa\u00eds.<\/p>\n\n\n\n<p>La convocatoria estuvo abierta a todas y todos los trabajadores, organizaciones sociales y comunitarias que quisieran sumarse a esta manifestaci\u00f3n en defensa de la agricultura familiar y las pol\u00edticas de apoyo al sector campesino.<\/p>\n\n\n\n<p><em>\u00a1Todos y todas a protestar por el mantenimiento de nuestras pol\u00edticas p\u00fablicas y en defensa de nuestros derechos!<\/em><\/p>\n","protected":false},"excerpt":{"rendered":"<p>El Consejo Directivo Provincial de ATE C\u00f3rdoba particip\u00f3 presencialmente en la protesta en Capital Federal, en rechazo al cierre de la Agricultura Familiar y la DIPROSE (Direcci\u00f3n de Programas y Proyectos Sectoriales y Especiales). Esta movilizaci\u00f3n fue convocada por el Consejo Directivo Nacional (CDN) de ATE, siguiendo lo resuelto en el Plenario Federal de Delegadas [&hellip;]<\/p>\n","protected":false},"author":3,"featured_media":44529,"comment_status":"open","ping_status":"open","sticky":false,"template":"","format":"standard","meta":{"_exactmetrics_skip_tracking":false,"_exactmetrics_sitenote_active":false,"_exactmetrics_sitenote_note":"","_exactmetrics_sitenote_category":0,"jnews-multi-image_gallery":[],"jnews_single_post":{"subtitle":"","format":"standard","video":"","gallery":"","source_name":"","source_url":"","via_name":"","via_url":"","override_template":"0","override":[{"template":"1","single_blog_custom":"","parallax":"1","fullscreen":"1","layout":"no-sidebar-narrow","sidebar":"default-sidebar","second_sidebar":"default-sidebar","sticky_sidebar":"1","share_position":"bottom","share_float_style":"share-monocrhome","show_share_counter":"1","show_view_counter":"1","show_featured":"0","show_post_meta":"1","show_post_author":"0","show_post_author_image":"1","show_post_date":"1","post_date_format":"default","post_date_format_custom":"Y\/m\/d","show_post_category":"1","show_post_reading_time":"0","post_reading_time_wpm":"300","show_zoom_button":"0","zoom_button_out_step":"2","zoom_button_in_step":"3","show_post_tag":"1","show_prev_next_post":"0","show_popup_post":"0","number_popup_post":"1","show_author_box":"0","show_post_related":"1","show_inline_post_related":"0"}],"override_image_size":"0","image_override":[{"single_post_thumbnail_size":"crop-500","single_post_gallery_size":"crop-500"}],"trending_post":"0","trending_post_position":"meta","trending_post_label":"Trending","sponsored_post":"0","sponsored_post_label":"Sponsored by","sponsored_post_name":"","sponsored_post_url":"","sponsored_post_logo_enable":"0","sponsored_post_logo":"","sponsored_post_desc":"","disable_ad":"0"},"jnews_primary_category":{"id":"","hide":""},"jnews_social_meta":{"fb_title":"","fb_description":"","fb_image":"","twitter_title":"","twitter_description":"","twitter_image":""},"jnews_review":[],"enable_review":"0","type":"percentage","name":"","summary":"","brand":"","sku":"","good":[{"good_text":""}],"bad":[{"bad_text":""}],"score_override":"0","override_value":"","rating":[{"rating_text":"","rating_number":"10"}],"price":[{"shop":"","price":"","link":"","icon":""}],"jnews_override_counter":{"override_view_counter":"0","view_counter_number":"0","override_share_counter":"0","share_counter_number":"0","override_like_counter":"0","like_counter_number":"0","override_dislike_counter":"0","dislike_counter_number":"0"},"jnews_post_split":{"enable_post_split":"0","post_split":[{"template":"1","tag":"h2","numbering":"asc","mode":"normal","first":"0","enable_toc":"0","toc_type":"normal"}]},"footnotes":""},"categories":[18],"tags":[],"class_list":["post-44527","post","type-post","status-publish","format-standard","has-post-thumbnail","hentry","category-nacionales"],"jetpack_featured_media_url":"https:\/\/atecordoba.org\/wp-content\/uploads\/2024\/07\/WhatsApp-Image-2024-07-10-at-12.38.19-PM-1.jpeg","_links":{"self":[{"href":"https:\/\/atecordoba.org\/index.php?rest_route=\/wp\/v2\/posts\/44527","targetHints":{"allow":["GET"]}}],"collection":[{"href":"https:\/\/atecordoba.org\/index.php?rest_route=\/wp\/v2\/posts"}],"about":[{"href":"https:\/\/atecordoba.org\/index.php?rest_route=\/wp\/v2\/types\/post"}],"author":[{"embeddable":true,"href":"https:\/\/atecordoba.org\/index.php?rest_route=\/wp\/v2\/users\/3"}],"replies":[{"embeddable":true,"href":"https:\/\/atecordoba.org\/index.php?rest_route=%2Fwp%2Fv2%2Fcomments&post=44527"}],"version-history":[{"count":1,"href":"https:\/\/atecordoba.org\/index.php?rest_route=\/wp\/v2\/posts\/44527\/revisions"}],"predecessor-version":[{"id":44535,"href":"https:\/\/atecordoba.org\/index.php?rest_route=\/wp\/v2\/posts\/44527\/revisions\/44535"}],"wp:featuredmedia":[{"embeddable":true,"href":"https:\/\/atecordoba.org\/index.php?rest_route=\/wp\/v2\/media\/44529"}],"wp:attachment":[{"href":"https:\/\/atecordoba.org\/index.php?rest_route=%2Fwp%2Fv2%2Fmedia&parent=44527"}],"wp:term":[{"taxonomy":"category","embeddable":true,"href":"https:\/\/atecordoba.org\/index.php?rest_route=%2Fwp%2Fv2%2Fcategories&post=44527"},{"taxonomy":"post_tag","embeddable":true,"href":"https:\/\/atecordoba.org\/index.php?rest_route=%2Fwp%2Fv2%2Ftags&post=44527"}],"curies":[{"name":"wp","href":"https:\/\/api.w.org\/{rel}","templated":true}]}}