{"id":44507,"date":"2024-07-10T09:34:22","date_gmt":"2024-07-10T12:34:22","guid":{"rendered":"https:\/\/atecordoba.org\/?p=44507"},"modified":"2024-07-10T09:34:23","modified_gmt":"2024-07-10T12:34:23","slug":"la-cta-a-cordoba-repudia-y-rechaza-el-pacto-cipayo-de-milei-y-los-gobernadores","status":"publish","type":"post","link":"https:\/\/atecordoba.org\/?p=44507","title":{"rendered":"La CTA-A C\u00f3rdoba repudia y rechaza el pacto cipayo de Milei y los gobernadores"},"content":{"rendered":"\n<figure class=\"wp-block-image size-full is-resized\"><img loading=\"lazy\" decoding=\"async\" width=\"960\" height=\"702\" src=\"https:\/\/atecordoba.org\/wp-content\/uploads\/2024\/07\/449857795_1097140708441215_2655867721727911966_n-1.jpg\" alt=\"\" class=\"wp-image-44508\" style=\"width:998px;height:auto\" srcset=\"https:\/\/atecordoba.org\/wp-content\/uploads\/2024\/07\/449857795_1097140708441215_2655867721727911966_n-1.jpg 960w, https:\/\/atecordoba.org\/wp-content\/uploads\/2024\/07\/449857795_1097140708441215_2655867721727911966_n-1-300x219.jpg 300w, https:\/\/atecordoba.org\/wp-content\/uploads\/2024\/07\/449857795_1097140708441215_2655867721727911966_n-1-768x562.jpg 768w, https:\/\/atecordoba.org\/wp-content\/uploads\/2024\/07\/449857795_1097140708441215_2655867721727911966_n-1-750x548.jpg 750w\" sizes=\"auto, (max-width: 960px) 100vw, 960px\" \/><\/figure>\n\n\n\n<p>Con la presencia del Secretario General de ATE y la CTA Aut\u00f3noma C\u00f3rdoba, Federico Giuliani, junto a la Secretaria Adjunta de la Central y de la Federaci\u00f3n Nacional Territorial (FeNaT-CTAA), Silvia Alcoba, se llev\u00f3 a cabo ayer en el Club Germinar de la ciudad Capital el Encuentro Provincial de la Militancia con una importante y representativa concurrencia de compa\u00f1eras y compa\u00f1eros de las distintas organizaciones de base y de todos los rincones de la provincia que reclam\u00f3 una Ley de Emergencia Alimentaria en la provincia y lanz\u00f3 una Campa\u00f1a de Afiliaci\u00f3n masiva a la Central.<\/p>\n\n\n\n<p>El Plenario ceteatista resolvi\u00f3 el \u201crepudio y rechazo al pacto de entrega y cipayo de Milei y los gobernadores\u201d y, en esa direcci\u00f3n, se acord\u00f3 la realizaci\u00f3n de asambleas \u201cen todos los comedores y merenderos de la FeNat y la CTA en el territorio cordob\u00e9s para exigir la Ley de Emergencia Alimentaria a la provincia\u201d.<\/p>\n\n\n<div class=\"wp-block-image\">\n<figure class=\"alignright size-full\"><img loading=\"lazy\" decoding=\"async\" width=\"300\" height=\"135\" src=\"https:\/\/atecordoba.org\/wp-content\/uploads\/2024\/07\/IMG-20240709-WA0008-300x135-2.jpg\" alt=\"\" class=\"wp-image-44511\"\/><\/figure>\n<\/div>\n\n\n<figure class=\"wp-block-image size-full\"><img loading=\"lazy\" decoding=\"async\" width=\"300\" height=\"135\" src=\"https:\/\/atecordoba.org\/wp-content\/uploads\/2024\/07\/IMG-20240709-WA0008-300x135-1.jpg\" alt=\"\" class=\"wp-image-44510\"\/><\/figure>\n\n\n\n<p>A pesar del fr\u00edo, la murga le puso calor y color a la jornada gris, donde sobrevol\u00f3 la m\u00edstica que rodea a la Fiesta Patria y se coincidi\u00f3 en que hoy como ayer, la disyuntiva es la misma: Liberaci\u00f3n o Dependencia. Patria o Colonia. Imperio o Naci\u00f3n.<\/p>\n\n\n\n<p>Participaron de la fraternal jornada de debate horizontal y democr\u00e1tico para decidir entre todos qu\u00e9 rumbo hay que tomar en esta coyuntura signada por el ajuste, los despidos, el hambre y la miseria impuestos por el revanchismo olig\u00e1rquico: Jorge Chalup, Secretario General de la CTA-A Regional C\u00f3rdoba Capital; Rafaela Alcoba y Marcelo Ortiz, Secretaria General y Secretario Adjunto de la CTA Aut\u00f3noma Regional R\u00edo Cuarto;\u00a0 Dar\u00edo Paredes, Secretario General de la CTA San Francisco y Mario Bongiovani, integrante del Consejo Directivo Provincial (CDP) de ATE por el Departamento San Justo; Thelma G\u00f3mez, Secretaria Adjunta de la CTA Villa Mar\u00eda; Lucas Loyola, Secretario General de la Central de Bell Ville; Mari Maturano, Secretaria Adjunta de ATE Villa Mar\u00eda y Jonatan Cruce\u00f1o, Presidente de la Junta Interna de la F\u00e1brica Militar de esa ciudad; David Salto, Secretario General de ATE R\u00edo Tercero; Diego Villegas, Secretario General de ATE Adelia Mar\u00eda; Juan Yacobs, Secretario General de la CTA Aut\u00f3noma Punilla, y activistas de ATE y CTA-A Cruz del Eje.<\/p>\n\n\n<div class=\"wp-block-image\">\n<figure class=\"alignleft size-full\"><img loading=\"lazy\" decoding=\"async\" width=\"300\" height=\"226\" src=\"https:\/\/atecordoba.org\/wp-content\/uploads\/2024\/07\/ortiz-300x226-1-1.jpg\" alt=\"\" class=\"wp-image-44514\"\/><\/figure>\n<\/div>\n\n\n<figure class=\"wp-block-image size-full\"><img loading=\"lazy\" decoding=\"async\" width=\"300\" height=\"226\" src=\"https:\/\/atecordoba.org\/wp-content\/uploads\/2024\/07\/dos-300x226-1.jpg\" alt=\"\" class=\"wp-image-44515\"\/><\/figure>\n\n\n\n<p>Adem\u00e1s de la militancia conformada mayoritariamente por ATE y la FeNaT, asistieron entre muchos otros y otras, compa\u00f1eras del Sindicato de Mujeres Trabajadoras Sexuales (AMMAR C\u00f3rdoba-CTAA), C\u00edrculo Sindical de la Prensa y la Comunicaci\u00f3n de C\u00f3rdoba (Cispren-CTAA) Seccional R\u00edo Cuarto; Cispren Delegaci\u00f3n Punilla; Cintia Silva, referente de la FeNaT en la Capital; Ferm\u00edn Boloquy, por el Espacio de Juventudes; Auxiliares del PAICOR y Escolares de la ciudad de C\u00f3rdoba; y Ricardo Hern\u00e1ndez, referente del Movimiento Peronista Aut\u00e9ntico (MPA) C\u00f3rdoba e integrante del Consejo Directivo Provincial de ATE.<\/p>\n\n\n\n<p>Entre las resoluciones se estableci\u00f3 la realizaci\u00f3n de una \u201cCampa\u00f1a de Afiliaci\u00f3n masiva a la Central con el objetivo de recolectar dos mil fichas nuevas para fin de a\u00f1o\u201d. Por otra parte, el Encuentro Provincial de la Militancia ratific\u00f3 su \u201crechazo a la criminalizaci\u00f3n de la protesta social y de la judicializaci\u00f3n a los luchadores populares, sosteniendo el principio de que protestar es un derecho y no un delito\u201d.<\/p>\n\n\n<div class=\"wp-block-image\">\n<figure class=\"alignleft size-full is-resized\"><img loading=\"lazy\" decoding=\"async\" width=\"300\" height=\"161\" src=\"https:\/\/atecordoba.org\/wp-content\/uploads\/2024\/07\/4-1-300x161-1.jpg\" alt=\"\" class=\"wp-image-44516\" style=\"width:352px;height:auto\"\/><\/figure>\n<\/div>\n\n\n<p>La asamblea se expidi\u00f3 declarando su \u201capoyo incondicional en contra de la persecuci\u00f3n judicial y del hostigamiento policial en contra de nuestro Secretario General Federico Giuliani y de todos los luchadores populares de C\u00f3rdoba\u201d, a la vez que se plante\u00f3 la postura hist\u00f3rica de la Central en contra de \u201cla baja de edad de imputabilidad para los menores de edad\u201d.<\/p>\n\n\n\n<p>Para Giuliani, \u201ccuando esta farsa se derrumbe, recordemos muy bien la foto del 8 de julio en Tucum\u00e1n donde 18 gobernadores, con Llaryora en primera fila, apoyaron a Milei. En el Congreso, una mayor\u00eda multipartidaria tambi\u00e9n le aprob\u00f3 la Ley Bases. Y la Corte Suprema de Justicia dej\u00f3 pasar su DNU. La casta que oficia de gerente de los grupos econ\u00f3micos funciona a full en contra de los intereses populares\u201d.<\/p>\n\n\n<div class=\"wp-block-image\">\n<figure class=\"alignleft size-full\"><img loading=\"lazy\" decoding=\"async\" width=\"300\" height=\"190\" src=\"https:\/\/atecordoba.org\/wp-content\/uploads\/2024\/07\/450401924_1097016495120303_1467975806803423906_n-300x190-1.jpg\" alt=\"\" class=\"wp-image-44519\"\/><\/figure>\n<\/div>\n\n\n<figure class=\"wp-block-image size-full\"><img loading=\"lazy\" decoding=\"async\" width=\"300\" height=\"179\" src=\"https:\/\/atecordoba.org\/wp-content\/uploads\/2024\/07\/450705613_1097016651786954_574561971279253482_n-300x179-2.jpg\" alt=\"\" class=\"wp-image-44521\"\/><\/figure>\n\n\n\n<p>Y finaliz\u00f3: \u201cSeguimos construyendo con m\u00e1s fuerza y convicci\u00f3n que nunca una Central combativa, clasista, anticapitalista, antipatriarcal y antiimperialista para enfrentar un Gobierno que sigue destruyendo el Estado y hambreando al pueblo\u201d.<\/p>\n\n\n\n<p class=\"has-large-font-size\"><strong>Todas las voces<\/strong><\/p>\n\n\n<div class=\"wp-block-image\">\n<figure class=\"alignleft size-full\"><img loading=\"lazy\" decoding=\"async\" width=\"300\" height=\"169\" src=\"https:\/\/atecordoba.org\/wp-content\/uploads\/2024\/07\/450559051_1097142821774337_4815362741043715710_n-300x169-1.jpg\" alt=\"\" class=\"wp-image-44522\"\/><\/figure>\n<\/div>\n\n\n<figure class=\"wp-block-image size-full\"><img loading=\"lazy\" decoding=\"async\" width=\"300\" height=\"169\" src=\"https:\/\/atecordoba.org\/wp-content\/uploads\/2024\/07\/si-300x169-1-1.jpg\" alt=\"\" class=\"wp-image-44524\"\/><\/figure>\n\n\n\n<p><strong>Rafaela Alcoba:<\/strong>&nbsp;\u201cEstamos ac\u00e1 para seguir debatiendo, forma y organizaci\u00f3n para seguir creciendo en poder popular y as\u00ed estar en mejores condiciones para enfrentar el ajuste y el desguace del Estado\u201d.<\/p>\n\n\n\n<p><strong>David Salto:<\/strong>&nbsp;\u201cNos parece importante encontrarnos para debatir y marcar una agenda para determinar c\u00f3mo fortalecemos el campo popular y adquirir la fuerza necesaria para construir una sociedad m\u00e1s justa\u201d.<\/p>\n\n\n\n<p><strong>Jorge Chalup:<\/strong>&nbsp;\u201cFestejamos el 9 de julio, D\u00eda de la Independencia, construyendo organizaci\u00f3n y poder popular para poder dar vuelta la tortilla y que tengamos un pa\u00eds que sea inclusivo para todos\u201d.<\/p>\n\n\n\n<p><strong>Silvia Alcoba.<\/strong>&nbsp;\u201cEstamos en este imponente encuentro de la militancia por una segunda y definitiva Independencia, Nos convocamos para debatir y compartir ideas que nos lleven a seguir denunciando que el hambre es un crimen y a seguir organizando el territorio donde est\u00e1 la disputa con el poder\u201d.<\/p>\n\n\n\n<p><strong>Cintia Silva.<\/strong>&nbsp;\u201cEstamos dialogando entre las compa\u00f1eras y compa\u00f1eros para de una u otra forma ver como podemos seguir caminando en este pa\u00eds en el que se est\u00e1 viviendo est\u00e1 situaci\u00f3n con un abanico de problemas. Apostamos a que la salida es colectiva\u201d.<\/p>\n\n\n\n<p><strong>Dar\u00edo Paredes:<\/strong>\u00a0\u201cEn este d\u00eda cargado de militancia le decimos a la sociedad que el cambio no es salir a pasear en las oficinas sino que el camino es ir a las barriadas donde est\u00e1 la gente que m\u00e1s lo necesita, y dejando el mensaje de que la vida sin libertad no es vida\u201d.<\/p>\n\n\n\n<p><strong>Fuente:<\/strong> <a href=\"https:\/\/ctaacordoba.org\/88280-2\/\">https:\/\/ctaacordoba.org\/88280-2\/<\/a><\/p>\n","protected":false},"excerpt":{"rendered":"<p>Con la presencia del Secretario General de ATE y la CTA Aut\u00f3noma C\u00f3rdoba, Federico Giuliani, junto a la Secretaria Adjunta de la Central y de la Federaci\u00f3n Nacional Territorial (FeNaT-CTAA), Silvia Alcoba, se llev\u00f3 a cabo ayer en el Club Germinar de la ciudad Capital el Encuentro Provincial de la Militancia con una importante y [&hellip;]<\/p>\n","protected":false},"author":3,"featured_media":44508,"comment_status":"open","ping_status":"open","sticky":false,"template":"","format":"standard","meta":{"_exactmetrics_skip_tracking":false,"_exactmetrics_sitenote_active":false,"_exactmetrics_sitenote_note":"","_exactmetrics_sitenote_category":0,"jnews-multi-image_gallery":[],"jnews_single_post":{"subtitle":"","format":"standard","video":"","gallery":"","source_name":"","source_url":"","via_name":"","via_url":"","override_template":"0","override":[{"template":"1","single_blog_custom":"","parallax":"1","fullscreen":"1","layout":"no-sidebar-narrow","sidebar":"default-sidebar","second_sidebar":"default-sidebar","sticky_sidebar":"1","share_position":"bottom","share_float_style":"share-monocrhome","show_share_counter":"1","show_view_counter":"1","show_featured":"0","show_post_meta":"1","show_post_author":"0","show_post_author_image":"1","show_post_date":"1","post_date_format":"default","post_date_format_custom":"Y\/m\/d","show_post_category":"1","show_post_reading_time":"0","post_reading_time_wpm":"300","show_zoom_button":"0","zoom_button_out_step":"2","zoom_button_in_step":"3","show_post_tag":"1","show_prev_next_post":"0","show_popup_post":"0","number_popup_post":"1","show_author_box":"0","show_post_related":"1","show_inline_post_related":"0"}],"override_image_size":"0","image_override":[{"single_post_thumbnail_size":"crop-500","single_post_gallery_size":"crop-500"}],"trending_post":"0","trending_post_position":"meta","trending_post_label":"Trending","sponsored_post":"0","sponsored_post_label":"Sponsored by","sponsored_post_name":"","sponsored_post_url":"","sponsored_post_logo_enable":"0","sponsored_post_logo":"","sponsored_post_desc":"","disable_ad":"0"},"jnews_primary_category":{"id":"","hide":""},"jnews_social_meta":{"fb_title":"","fb_description":"","fb_image":"","twitter_title":"","twitter_description":"","twitter_image":""},"jnews_review":[],"enable_review":"0","type":"percentage","name":"","summary":"","brand":"","sku":"","good":[{"good_text":""}],"bad":[{"bad_text":""}],"score_override":"0","override_value":"","rating":[{"rating_text":"","rating_number":"10"}],"price":[{"shop":"","price":"","link":"","icon":""}],"jnews_override_counter":{"override_view_counter":"0","view_counter_number":"0","override_share_counter":"0","share_counter_number":"0","override_like_counter":"0","like_counter_number":"0","override_dislike_counter":"0","dislike_counter_number":"0"},"jnews_post_split":{"enable_post_split":"0","post_split":[{"template":"1","tag":"h2","numbering":"asc","mode":"normal","first":"0","enable_toc":"0","toc_type":"normal"}]},"footnotes":""},"categories":[92],"tags":[],"class_list":["post-44507","post","type-post","status-publish","format-standard","has-post-thumbnail","hentry","category-cta"],"jetpack_featured_media_url":"https:\/\/atecordoba.org\/wp-content\/uploads\/2024\/07\/449857795_1097140708441215_2655867721727911966_n-1.jpg","_links":{"self":[{"href":"https:\/\/atecordoba.org\/index.php?rest_route=\/wp\/v2\/posts\/44507","targetHints":{"allow":["GET"]}}],"collection":[{"href":"https:\/\/atecordoba.org\/index.php?rest_route=\/wp\/v2\/posts"}],"about":[{"href":"https:\/\/atecordoba.org\/index.php?rest_route=\/wp\/v2\/types\/post"}],"author":[{"embeddable":true,"href":"https:\/\/atecordoba.org\/index.php?rest_route=\/wp\/v2\/users\/3"}],"replies":[{"embeddable":true,"href":"https:\/\/atecordoba.org\/index.php?rest_route=%2Fwp%2Fv2%2Fcomments&post=44507"}],"version-history":[{"count":1,"href":"https:\/\/atecordoba.org\/index.php?rest_route=\/wp\/v2\/posts\/44507\/revisions"}],"predecessor-version":[{"id":44525,"href":"https:\/\/atecordoba.org\/index.php?rest_route=\/wp\/v2\/posts\/44507\/revisions\/44525"}],"wp:featuredmedia":[{"embeddable":true,"href":"https:\/\/atecordoba.org\/index.php?rest_route=\/wp\/v2\/media\/44508"}],"wp:attachment":[{"href":"https:\/\/atecordoba.org\/index.php?rest_route=%2Fwp%2Fv2%2Fmedia&parent=44507"}],"wp:term":[{"taxonomy":"category","embeddable":true,"href":"https:\/\/atecordoba.org\/index.php?rest_route=%2Fwp%2Fv2%2Fcategories&post=44507"},{"taxonomy":"post_tag","embeddable":true,"href":"https:\/\/atecordoba.org\/index.php?rest_route=%2Fwp%2Fv2%2Ftags&post=44507"}],"curies":[{"name":"wp","href":"https:\/\/api.w.org\/{rel}","templated":true}]}}